{"id":399984,"date":"2025-09-18T13:03:17","date_gmt":"2025-09-18T13:03:17","guid":{"rendered":"https:\/\/www.europesays.com\/fr\/399984\/"},"modified":"2025-09-18T13:03:17","modified_gmt":"2025-09-18T13:03:17","slug":"suivez-la-manifestation-a-lille","status":"publish","type":"post","link":"https:\/\/www.europesays.com\/fr\/399984\/","title":{"rendered":"suivez la manifestation \u00e0 Lille"},"content":{"rendered":"<p>            Par<br \/>\n        <strong><br \/>\n            <a href=\"https:\/\/actu.fr\/auteur\/amandine-vachez\" title=\"Consulter tous les articles de Amandine Vachez\" target=\"_blank\" rel=\"noopener\">Amandine Vachez<\/a><br \/>\n        <\/strong><\/p>\n<p>        Publi\u00e9 le<\/p>\n<p>            18 sept. 2025 \u00e0 14h38<br \/>\n        ; mis \u00e0 jour le 18 sept. 2025 \u00e0 15h02    <\/p>\n<p>Huit jours apr\u00e8s <a href=\"https:\/\/actu.fr\/hauts-de-france\/lille_59350\/bloquons-tout-suivez-en-direct-la-manifestation-du-10-septembre-au-depart-de-lille_63143144.html\" target=\"_blank\" rel=\"noopener\">\u00ab\u2009Bloquons tout\u2009\u00bb<\/a>, un <b>mouvement de gr\u00e8ve nationale<\/b> touche la France, ce <b>jeudi 18\u00a0septembre 2025<\/b>. \u00c0 Lille, des \u00e9coles et cr\u00e8ches sont ferm\u00e9es ou en service r\u00e9duit, la <a href=\"https:\/\/actu.fr\/hauts-de-france\/lille_59350\/ilevia-sncf-ecoles-manif-ce-qui-vous-attend-a-lille-pour-la-greve-du-18-septembre_63170028.html\" target=\"_blank\" rel=\"noopener\">circulation des trains et transports en commun est perturb\u00e9e<\/a> notamment. Des blocages ont \u00e9t\u00e9 op\u00e9r\u00e9s aussi dans des d\u00e9p\u00f4ts de bus de la m\u00e9tropole et des perturbations ont \u00e9t\u00e9 signal\u00e9es sur les routes, <a href=\"https:\/\/actu.fr\/hauts-de-france\/lille_59350\/lycees-bloques-depots-de-bus-arretes-routes-perturbees-la-greve-du-18-septembre-lancee-a-lille_63177747.html\" target=\"_blank\" rel=\"noopener\">le matin de cette nouvelle journ\u00e9e de mobilisation<\/a>. L\u2019apr\u00e8s-midi, le rendez-vous est fix\u00e9 \u00e0 <b>14\u2009h\u200930 Porte de Paris<\/b>, pour le d\u00e9part de la<b> manifestation.<\/b><\/p>\n<p>Suivez la manifestation de Lille en direct<\/p>\n<ul class=\" wall-content\">\n<li><b>15h : le cort\u00e8ge arrive au niveau de la gare Lille-Flandres<\/b><\/li>\n<\/ul>\n<p class=\" wall-content\">La foule est impressionnante, pour ce rassemblement lillois. \u00c0 l\u2019image de la pr\u00e9sence polici\u00e8re.<\/p>\n<ul class=\" wall-content\">\n<li><b>14h55 : les manifestants sont au niveau de la rue du Molinel<\/b><\/li>\n<\/ul>\n<p>    <img   decoding=\"async\" loading=\"lazy\" class=\"size-large\" src=\"https:\/\/www.europesays.com\/fr\/wp-content\/uploads\/2025\/09\/dd002c510cc86c1102c510cc8b5102v-960x640.jpeg\" alt=\"Peu avant 15h, le cort\u00e8ge de manifestants avance dans la rue du Molinel.\" width=\"960\" height=\"640\"\/><br \/>\n    Peu avant 15h, le cort\u00e8ge de manifestants avance dans la rue du Molinel. \u00a9ND\/Lille actu<\/p>\n<ul class=\" wall-content\">\n<li><b>14h41 : le cort\u00e8ge est lanc\u00e9<\/b><\/li>\n<\/ul>\n<p class=\" wall-content\">\u00ab\u00a0Contre l\u2019\u00e9conomie de guerre \/ Uni.e.s pour le pain, la paix, la libert\u00e9\u00a0\u00bb, peut-on lire sur la banni\u00e8re de la t\u00eate de cort\u00e8ge dans la Capitale des Flandres.\u00a0<\/p>\n<p>    <img   decoding=\"async\" loading=\"lazy\" class=\"size-large\" src=\"https:\/\/www.europesays.com\/fr\/wp-content\/uploads\/2025\/09\/b39e7cccfbc86089e7cccfbc8eb9e7v-960x640.jpeg\" alt=\"\" contre=\"\" l=\"\" de=\"\" guerre=\"\" uni.e.s=\"\" pour=\"\" le=\"\" pain=\"\" la=\"\" paix=\"\" libert=\"\" peut-on=\"\" lire=\"\" sur=\"\" banni=\"\" t=\"\" cort=\"\" lille.=\"\" width=\"960\" height=\"640\"\/><br \/>\n    \u00ab\u00a0Contre l\u2019\u00e9conomie de guerre, Uni.e.s pour le pain, la paix, la libert\u00e9\u00a0\u00bb, peut-on lire sur la banni\u00e8re de la t\u00eate de cort\u00e8ge \u00e0 Lille. \u00a9ND\/Lille actu<\/p>\n<p>Votre r\u00e9gion, votre actu !<\/p>\n<p>Recevez chaque jour les infos qui comptent pour vous.<\/p>\n<p>\t<a href=\"https:\/\/actu.fr\/newsletter\" class=\"ac-btn ac-btn--corner ac-btn--medium ac-btn--blue800\" target=\"_blank\" rel=\"noopener\">S&rsquo;incrire<\/a><\/p>\n<p class=\" wall-content\">Pour cette nouvelle journ\u00e9e, les syndicats sont fort repr\u00e9sent\u00e9s. Il y a des Gilets jaunes dans la foule, moins repr\u00e9sent\u00e9s que la semaine derni\u00e8re.<\/p>\n<p>    <img   decoding=\"async\" loading=\"lazy\" class=\"size-large\" src=\"https:\/\/www.europesays.com\/fr\/wp-content\/uploads\/2025\/09\/5cce14affbc8660de14affbc874de1v-960x640.jpeg\" alt=\"Les syndicats, notamment la CGT, sont fort pr\u00e9sents sur cette nouvelle journ\u00e9e de mobilisation.\" width=\"960\" height=\"640\"\/><br \/>\n    Les syndicats, notamment la CGT, sont fort pr\u00e9sents sur cette nouvelle journ\u00e9e de mobilisation. \u00a9ND\/Lille actu<br \/>\n    <img   decoding=\"async\" loading=\"lazy\" class=\"size-large\" src=\"https:\/\/www.europesays.com\/fr\/wp-content\/uploads\/2025\/09\/534024affbc86874024affbc8bb402v-960x640.jpeg\" alt=\"Dans le cort\u00e8ge de la manifestation \u00e0 Lille (Nord), on aper\u00e7oit des Gilets jaunes, semble-t-il moins repr\u00e9sent\u00e9s que le 10 septembre dernier.\" width=\"960\" height=\"640\"\/><br \/>\n    Dans le cort\u00e8ge de la manifestation \u00e0 Lille (Nord), on aper\u00e7oit des Gilets jaunes, semble-t-il moins repr\u00e9sent\u00e9s que le 10 septembre dernier. \u00a9ND\/Lille actu<\/p>\n<ul class=\" wall-content\">\n<li><b>14h40 : le parcours de la manifestation<\/b><\/li>\n<\/ul>\n<p class=\" wall-content\">Pour pr\u00e9cision, le cort\u00e8ge partira de la Porte de Paris pour passer ensuite par : la rue Pierre Mauroy , la rue du Molinel, la rue de Tournai, la place de la Gare, la rue Faidherbe, la rue Manneliers, la Grand\u2019Place, rue Nationale, rue Solf\u00e9rino, rue Inkermann et enfin se s\u00e9parer au niveau de la place de la R\u00e9publique.<\/p>\n<p class=\" wall-content\">\n<ul class=\" wall-content\">\n<li><b>14h34 : le cort\u00e8ge de la manifestation est autour de la Porte de Paris<\/b><\/li>\n<\/ul>\n<p class=\" wall-content\">Ce jeudi, il y a plus de personnes dans les rangs que la semaine derni\u00e8re \u00e0 Lille. Cette journ\u00e9e de mobilisation sonne \u00e0 Lille comme une v\u00e9ritable d\u00e9monstration de force des syndicats pour montrer qu\u2019ils sont pr\u00e9sents et mobilis\u00e9s.\u00a0<\/p>\n<p class=\" wall-content\">Sur place, on aper\u00e7oit des militants Verts et LFI.<\/p>\n<ul class=\" wall-content\">\n<li><b>14h18 : des panneaux pour bloquer l\u2019acc\u00e8s, au niveau de la place des Buisses<\/b><\/li>\n<\/ul>\n<p>    <img   decoding=\"async\" loading=\"lazy\" class=\"size-large\" src=\"https:\/\/www.europesays.com\/fr\/wp-content\/uploads\/2025\/09\/93b0008bfbc8687b0008bfbc86bb00v-960x640.jpeg\" alt=\"De grandes barri\u00e8res ont \u00e9t\u00e9 dress\u00e9es pr\u00e8s de la gare Lille-Flandres, pour bloquer la circulation au niveau de la place des Buisses, en marge de la manifestation.\" width=\"960\" height=\"640\"\/><br \/>\n    De grandes barri\u00e8res ont \u00e9t\u00e9 dress\u00e9es pr\u00e8s de la gare Lille-Flandres, pour bloquer la circulation au niveau de la place des Buisses, en marge de la manifestation. \u00a9ND\/Lille actu<\/p>\n<p class=\" wall-content\">Comme lors de la journ\u00e9e du <a href=\"https:\/\/actu.fr\/hauts-de-france\/lille_59350\/bloquons-tout-suivez-en-direct-la-manifestation-du-10-septembre-au-depart-de-lille_63143144.html\" target=\"_blank\" rel=\"noopener\">10 septembre<\/a>, de larges panneaux floqu\u00e9s \u00ab\u00a0police\u00a0\u00bb ont \u00e9t\u00e9 install\u00e9s aux abords de la place des Buisses, en marge de la manifestation.\u00a0<\/p>\n<ul class=\" wall-content\">\n<li><b>13\u2009h\u200945\u2009: Il\u00e9via annonce que des lignes de bus sont d\u00e9vi\u00e9es<\/b><\/li>\n<\/ul>\n<p class=\" wall-content\">Des d\u00e9viations ont \u00e9t\u00e9 mises en place sur le r\u00e9seau de bus lillois. Cela concerne les Lianes 1 et 5 et les lignes 14, 18, ainsi que la NVL, Navette du Vieux-Lille. Pour en savoir plus sur une ligne en particulier, consultez <a href=\"https:\/\/www.ilevia.fr\/infos-trafic\" target=\"_blank\" rel=\"noopener\">la page d\u2019info trafic<\/a> du gestionnaire de r\u00e9seau de transport.<\/p>\n<p class=\" wall-content\">\n<p class=\" wall-content\">Suivez les actualit\u00e9s locales sur <a href=\"https:\/\/actu.fr\/lille\/\" target=\"_blank\" rel=\"noopener\">Lille actu<\/a>, ou via les r\u00e9seaux sociaux\u2009: <a href=\"https:\/\/www.facebook.com\/actufr.lille\/?locale=fr_FR\" target=\"_blank\" rel=\"noopener\">Facebook<\/a>, <a href=\"https:\/\/www.instagram.com\/lilleactu\/?hl=fr\" target=\"_blank\" rel=\"noopener\">Instagram<\/a>, <a href=\"https:\/\/www.tiktok.com\/@lilleactu?lang=fr\" target=\"_blank\" rel=\"noopener\">TikTok<\/a> et <a href=\"https:\/\/x.com\/Lille_actu\">X (ex-Twitter)<\/a>.<\/p>\n<p class=\" wall-content\">Personnalisez votre actualit\u00e9 en ajoutant vos villes et m\u00e9dias en favori avec <a href=\"https:\/\/moncompte.actu.fr\" title=\"D\u00e9couvez Mon Actu\" rel=\"nofollow noopener\" data-trk=\"{&quot;cta&quot;:{&quot;action&quot;:&quot;https:\\\/\\\/moncompte.actu.fr&quot;,&quot;category&quot;:&quot;mon compte&quot;,&quot;from&quot;:&quot;article footer&quot;,&quot;name&quot;:&quot;Mon actu&quot;,&quot;type&quot;:&quot;cta&quot;}}\" target=\"_blank\">Mon Actu<\/a>.<\/p>\n<p>                    <script async src=\"\/\/www.instagram.com\/embed.js\"><\/script><script async src=\"\/\/www.tiktok.com\/embed.js\"><\/script><\/p>\n","protected":false},"excerpt":{"rendered":"Par Amandine Vachez Publi\u00e9 le 18 sept. 2025 \u00e0 14h38 ; mis \u00e0 jour le 18 sept. 2025&hellip;\n","protected":false},"author":2,"featured_media":399985,"comment_status":"","ping_status":"","sticky":false,"template":"","format":"standard","meta":{"footnotes":""},"categories":[2815],"tags":[1111,11,1777,674,1011,27,6151,52713,811,1307,12,25,104],"class_list":{"0":"post-399984","1":"post","2":"type-post","3":"status-publish","4":"format-standard","5":"has-post-thumbnail","7":"category-lille","8":"tag-actu","9":"tag-actualites","10":"tag-eu","11":"tag-europe","12":"tag-fr","13":"tag-france","14":"tag-greve","15":"tag-greve-du-18-septembre","16":"tag-hauts-de-france","17":"tag-lille","18":"tag-news","19":"tag-republique-francaise","20":"tag-societe"},"share_on_mastodon":{"url":"https:\/\/pubeurope.com\/@fr\/115225442090284999","error":""},"_links":{"self":[{"href":"https:\/\/www.europesays.com\/fr\/wp-json\/wp\/v2\/posts\/399984","targetHints":{"allow":["GET"]}}],"collection":[{"href":"https:\/\/www.europesays.com\/fr\/wp-json\/wp\/v2\/posts"}],"about":[{"href":"https:\/\/www.europesays.com\/fr\/wp-json\/wp\/v2\/types\/post"}],"author":[{"embeddable":true,"href":"https:\/\/www.europesays.com\/fr\/wp-json\/wp\/v2\/users\/2"}],"replies":[{"embeddable":true,"href":"https:\/\/www.europesays.com\/fr\/wp-json\/wp\/v2\/comments?post=399984"}],"version-history":[{"count":0,"href":"https:\/\/www.europesays.com\/fr\/wp-json\/wp\/v2\/posts\/399984\/revisions"}],"wp:featuredmedia":[{"embeddable":true,"href":"https:\/\/www.europesays.com\/fr\/wp-json\/wp\/v2\/media\/399985"}],"wp:attachment":[{"href":"https:\/\/www.europesays.com\/fr\/wp-json\/wp\/v2\/media?parent=399984"}],"wp:term":[{"taxonomy":"category","embeddable":true,"href":"https:\/\/www.europesays.com\/fr\/wp-json\/wp\/v2\/categories?post=399984"},{"taxonomy":"post_tag","embeddable":true,"href":"https:\/\/www.europesays.com\/fr\/wp-json\/wp\/v2\/tags?post=399984"}],"curies":[{"name":"wp","href":"https:\/\/api.w.org\/{rel}","templated":true}]}}