{"id":399986,"date":"2025-09-18T13:04:12","date_gmt":"2025-09-18T13:04:12","guid":{"rendered":"https:\/\/www.europesays.com\/fr\/399986\/"},"modified":"2025-09-18T13:04:12","modified_gmt":"2025-09-18T13:04:12","slug":"le-cardinal-jean-marc-aveline-contraint-de-se-justifier","status":"publish","type":"post","link":"https:\/\/www.europesays.com\/fr\/399986\/","title":{"rendered":"le cardinal Jean-Marc Aveline contraint de se justifier"},"content":{"rendered":"<p>De retour de J\u00e9rusalem, en ao\u00fbt dernier, le <a href=\"https:\/\/www.laprovence.com\/article\/region\/89821064025437\/exclusif-le-dialogue-seul-chemin-vers-la-paix-notre-interview-de-mgr-aveline-cardinal-et-archeveque-de-marseille\" target=\"_blank\" rel=\"noopener\">cardinal Jean-Marc Aveline<\/a> confiait \u00e0 La Provence l\u2019importance du dialogue interreligieux. \u00c0 la t\u00eate de l&rsquo;\u00c9glise de France depuis le 1er\u00a0juillet, le Marseillais \u00e9voquait aussi son r\u00f4le de pr\u00e9sident de la <a href=\"https:\/\/www.laprovence.com\/article\/region\/1762437647679114\/il-se-laisse-porter-mais-il-est-pret-jean-marc-aveline-archeveque-de-marseille-et-futur-pape\" target=\"_blank\" rel=\"noopener\">Conf\u00e9rence des \u00e9v\u00eaques de France<\/a> (CEF) et la question de la \u00ab\u00a0gestion des scandales sexuels\u00a0\u00bb, l\u2019un des axes forts de son mandat. Mais \u00e0 la suite de la parution de l\u2019enqu\u00eate men\u00e9e par Paris Match, le voil\u00e0 contraint de se justifier, ce jeudi matin, <a href=\"https:\/\/diocese-marseille.fr\/communique-du-18-09-2025\/\" target=\"_blank\" rel=\"noopener\">sur le site du dioc\u00e8se<\/a> au sujet de trois dossiers d\u2019abus sexuels dont les faits se seraient d\u00e9roul\u00e9s \u00e0 Auriol, au s\u00e9minaire d\u2019Aix-en-Provence ou encore \u00e0 Marseille.<\/p>\n<p>Fort de nombreux t\u00e9moignages, l\u2019hebdomadaire d\u00e9nonce des plaintes qui dormiraient dans les archives du dioc\u00e8se et le silence dont feraient preuve le cardinal Jean-Marc Aveline, archev\u00eaque de Marseille depuis\u00a02019 et <a href=\"https:\/\/www.laprovence.com\/article\/region\/80354008760175\/mort-du-pape-francois-a-huis-clos-les-discussions-entre-les-cardinaux-sengagent-deja\" target=\"_blank\" rel=\"noopener\">Xavier Manzano<\/a>, vicaire g\u00e9n\u00e9ral depuis\u00a02020. Ce dernier \u00e9tant lui-m\u00eame impliqu\u00e9, selon le magazine, dans une affaire o\u00f9 il aurait \u00ab\u00a0outrepass\u00e9 le simple accompagnement spirituel\u00a0\u00bb.<\/p>\n<p>S\u2019il ne d\u00e9ment pas la totalit\u00e9 des faits retrac\u00e9s, le dioc\u00e8se nuance. On ne peut pas mettre \u00ab\u00a0sur le m\u00eame plan des faits av\u00e9r\u00e9s qui ont \u00e9t\u00e9 trait\u00e9s et des insinuations non fond\u00e9es. La lutte contre<a href=\"https:\/\/www.laprovence.com\/article\/societe\/1584647196648215\/leon-xiv-celibat-des-pretres-homosexualite-abus-sexuels-ou-se-situe-le-nouveau-pape-par-rapport-a-francois\" target=\"_blank\" rel=\"noopener\"> les abus et les violences sexuelles <\/a>est trop importante pour se risquer \u00e0 de telles confusions, insiste-t-il. \u00c9voquer une&rsquo; complaisance&rsquo; vis-\u00e0-vis des violences faites aux plus fragiles et le &lsquo;poids du silence&rsquo; qui s\u2019imposerait \u00e0 Marseille est une mise en cause totalement injustifi\u00e9e, en particulier vis-\u00e0-vis de toutes les personnes engag\u00e9es dans cette pr\u00e9vention et cette lutte contre les violences sexuelles\u00a0\u00bb.<\/p>\n<p>Cette enqu\u00eate jette une nouvelle fois l\u2019opprobre sur le syst\u00e8me de gouvernance au sein de l\u2019\u00e9glise. Et sur le Marseillais de 66\u00a0ans, qui figurait parmi les cardinaux pressentis pour la succession du <a href=\"https:\/\/www.laprovence.com\/article\/societe\/19283758541145\/le-pape-francois-est-mort-a-lage-de-88-ans-retour-sur-un-parcours-atypique\" target=\"_blank\" rel=\"noopener\">Pape Fran\u00e7ois<\/a>.<\/p>\n<p>Dans le m\u00eame temps, un collectif de fid\u00e8les pour la d\u00e9fense de l\u2019\u00e9glise Saint-Maurice (Pont-de-Vivaux) qui d\u00e9nonce \u00ab\u00a0la liquidation du patrimoine paroissial\u00a0\u00bb et un \u00ab\u00a0syst\u00e8me opaque\u00a0\u00bb s\u2019adresse directement au pape L\u00e9on XIV demandant la d\u00e9mission du cardinal Jean-Marc Aveline.<\/p>\n","protected":false},"excerpt":{"rendered":"De retour de J\u00e9rusalem, en ao\u00fbt dernier, le cardinal Jean-Marc Aveline confiait \u00e0 La Provence l\u2019importance du dialogue&hellip;\n","protected":false},"author":2,"featured_media":399987,"comment_status":"","ping_status":"","sticky":false,"template":"","format":"standard","meta":{"footnotes":""},"categories":[2814],"tags":[17,1111,11,18843,53145,1777,674,274,1011,27,53146,884,12,882,25,9456,3865,48979],"class_list":{"0":"post-399986","1":"post","2":"type-post","3":"status-publish","4":"format-standard","5":"has-post-thumbnail","7":"category-marseille","8":"tag-17","9":"tag-actu","10":"tag-actualites","11":"tag-cardinal","12":"tag-dabus","13":"tag-eu","14":"tag-europe","15":"tag-faits-divers-justice","16":"tag-fr","17":"tag-france","18":"tag-larcheveche","19":"tag-marseille","20":"tag-news","21":"tag-provence-alpes-cote-dazur","22":"tag-republique-francaise","23":"tag-revelations","24":"tag-sein","25":"tag-sexuels"},"share_on_mastodon":{"url":"https:\/\/pubeurope.com\/@fr\/115225445302486109","error":""},"_links":{"self":[{"href":"https:\/\/www.europesays.com\/fr\/wp-json\/wp\/v2\/posts\/399986","targetHints":{"allow":["GET"]}}],"collection":[{"href":"https:\/\/www.europesays.com\/fr\/wp-json\/wp\/v2\/posts"}],"about":[{"href":"https:\/\/www.europesays.com\/fr\/wp-json\/wp\/v2\/types\/post"}],"author":[{"embeddable":true,"href":"https:\/\/www.europesays.com\/fr\/wp-json\/wp\/v2\/users\/2"}],"replies":[{"embeddable":true,"href":"https:\/\/www.europesays.com\/fr\/wp-json\/wp\/v2\/comments?post=399986"}],"version-history":[{"count":0,"href":"https:\/\/www.europesays.com\/fr\/wp-json\/wp\/v2\/posts\/399986\/revisions"}],"wp:featuredmedia":[{"embeddable":true,"href":"https:\/\/www.europesays.com\/fr\/wp-json\/wp\/v2\/media\/399987"}],"wp:attachment":[{"href":"https:\/\/www.europesays.com\/fr\/wp-json\/wp\/v2\/media?parent=399986"}],"wp:term":[{"taxonomy":"category","embeddable":true,"href":"https:\/\/www.europesays.com\/fr\/wp-json\/wp\/v2\/categories?post=399986"},{"taxonomy":"post_tag","embeddable":true,"href":"https:\/\/www.europesays.com\/fr\/wp-json\/wp\/v2\/tags?post=399986"}],"curies":[{"name":"wp","href":"https:\/\/api.w.org\/{rel}","templated":true}]}}