{"id":399988,"date":"2025-09-18T13:05:11","date_gmt":"2025-09-18T13:05:11","guid":{"rendered":"https:\/\/www.europesays.com\/fr\/399988\/"},"modified":"2025-09-18T13:05:11","modified_gmt":"2025-09-18T13:05:11","slug":"la-ketamine-etait-planquee-dans-des-stylos-surligneurs-livres-en-colis-pour-la-rentree-scolaire","status":"publish","type":"post","link":"https:\/\/www.europesays.com\/fr\/399988\/","title":{"rendered":"La k\u00e9tamine \u00e9tait planqu\u00e9e dans des stylos surligneurs livr\u00e9s en colis pour la rentr\u00e9e scolaire"},"content":{"rendered":"<p>Quoi de plus naturelle que de se faire livrer des stylos surligneurs d\u00e9but septembre, p\u00e9riode de rentr\u00e9e scolaire\u00a0? Mais c\u2019\u00e9tait sans compter sur le flair des <a href=\"https:\/\/www.20minutes.fr\/dossier\/douane\" class=\"c-link c-link--is-underlined\" rel=\"nofollow noopener\" target=\"_blank\">douaniers <\/a>des <a href=\"https:\/\/www.20minutes.fr\/marseille\/\" class=\"c-link c-link--is-underlined\" rel=\"nofollow noopener\" target=\"_blank\">Marseille <\/a>qui se sont aper\u00e7us que ces derniers n\u2019\u00e9taient pas remplis d\u2019encre jaune, bleue ou rose fluo mais de poudre blanche, en l\u2019esp\u00e8ce de la k\u00e9tamine, rapporte notamment <a href=\"https:\/\/www.francebleu.fr\/infos\/faits-divers-justice\/de-la-ketamine-decouverte-dans-des-surligneurs-a-marseille-6469506\" rel=\"nofollow noopener\" target=\"_blank\" class=\"c-link c-link--is-underlined\">Ici Provence<\/a> (ex-France bleu).<\/p>\n<p>En tout, pr\u00e8s de 3,2\u00a0kg de ce tranquillisant pour cheveux d\u00e9tourn\u00e9 comme stup\u00e9fiant pour ses effets de d\u00e9tachement, voire de dissociation corporelle ont \u00e9t\u00e9 retrouv\u00e9s fourr\u00e9s dans ces surligneurs, rang\u00e9s dans des bo\u00eetes parvenues en livraison dans un centre de distribution du 14e\u00a0arrondissement de Marseille.<\/p>\n<\/p>\n<p>Il s\u2019agit de la plus grosse saisie r\u00e9alis\u00e9e cette ann\u00e9e de ce narcotique, longtemps rest\u00e9 cantonn\u00e9 au monde des teufs et des <a href=\"https:\/\/www.20minutes.fr\/societe\/free-party\/\" class=\"c-link c-link--is-underlined\" rel=\"nofollow noopener\" target=\"_blank\">free parties<\/a>.<\/p>\n","protected":false},"excerpt":{"rendered":"Quoi de plus naturelle que de se faire livrer des stylos surligneurs d\u00e9but septembre, p\u00e9riode de rentr\u00e9e scolaire\u00a0?&hellip;\n","protected":false},"author":2,"featured_media":399989,"comment_status":"","ping_status":"","sticky":false,"template":"","format":"standard","meta":{"footnotes":""},"categories":[2814],"tags":[1111,47,11,885,981,1052,1777,674,118,7505,1011,27,884,813,12,883,882,25,887],"class_list":{"0":"post-399988","1":"post","2":"type-post","3":"status-publish","4":"format-standard","5":"has-post-thumbnail","7":"category-marseille","8":"tag-actu","9":"tag-actualite","10":"tag-actualites","11":"tag-bouches-du-rhone","12":"tag-douane","13":"tag-drogue","14":"tag-eu","15":"tag-europe","16":"tag-faits-divers","17":"tag-faits-divers-marseille","18":"tag-fr","19":"tag-france","20":"tag-marseille","21":"tag-narcotrafiquants","22":"tag-news","23":"tag-paca","24":"tag-provence-alpes-cote-dazur","25":"tag-republique-francaise","26":"tag-trafic-de-drogue"},"share_on_mastodon":{"url":"https:\/\/pubeurope.com\/@fr\/115225449216977226","error":""},"_links":{"self":[{"href":"https:\/\/www.europesays.com\/fr\/wp-json\/wp\/v2\/posts\/399988","targetHints":{"allow":["GET"]}}],"collection":[{"href":"https:\/\/www.europesays.com\/fr\/wp-json\/wp\/v2\/posts"}],"about":[{"href":"https:\/\/www.europesays.com\/fr\/wp-json\/wp\/v2\/types\/post"}],"author":[{"embeddable":true,"href":"https:\/\/www.europesays.com\/fr\/wp-json\/wp\/v2\/users\/2"}],"replies":[{"embeddable":true,"href":"https:\/\/www.europesays.com\/fr\/wp-json\/wp\/v2\/comments?post=399988"}],"version-history":[{"count":0,"href":"https:\/\/www.europesays.com\/fr\/wp-json\/wp\/v2\/posts\/399988\/revisions"}],"wp:featuredmedia":[{"embeddable":true,"href":"https:\/\/www.europesays.com\/fr\/wp-json\/wp\/v2\/media\/399989"}],"wp:attachment":[{"href":"https:\/\/www.europesays.com\/fr\/wp-json\/wp\/v2\/media?parent=399988"}],"wp:term":[{"taxonomy":"category","embeddable":true,"href":"https:\/\/www.europesays.com\/fr\/wp-json\/wp\/v2\/categories?post=399988"},{"taxonomy":"post_tag","embeddable":true,"href":"https:\/\/www.europesays.com\/fr\/wp-json\/wp\/v2\/tags?post=399988"}],"curies":[{"name":"wp","href":"https:\/\/api.w.org\/{rel}","templated":true}]}}