{"id":399997,"date":"2025-09-18T13:11:10","date_gmt":"2025-09-18T13:11:10","guid":{"rendered":"https:\/\/www.europesays.com\/fr\/399997\/"},"modified":"2025-09-18T13:11:10","modified_gmt":"2025-09-18T13:11:10","slug":"en-direct-greve-du-18-septembre-le-cortege-parisien-sest-elance-des-heurts-en-marge-de-manifestations-en-regions","status":"publish","type":"post","link":"https:\/\/www.europesays.com\/fr\/399997\/","title":{"rendered":"EN DIRECT &#8211; Gr\u00e8ve du 18 septembre : le cort\u00e8ge parisien s&rsquo;est \u00e9lanc\u00e9, des heurts en marge de manifestations en r\u00e9gions"},"content":{"rendered":"<p>                Les transports en commun perturb\u00e9s en \u00cele de France<\/p>\n<p>Les transports en commun sont perturb\u00e9s en r\u00e9gion parisien. Comme annonc\u00e9 d\u00e8s mardi, \u00e0 l&rsquo;exception des lignes automatiques (la 1, la 4 et la 14), le m\u00e9tro ne circule qu&rsquo;aux heures de pointe, entre 6h30 et 9h30 puis entre 16h30 et 19h30.&#13;&#13;<\/p>\n<p>Selon la RATP la situation est \u00ab\u00a0mieux que pr\u00e9vue\u00a0\u00bb pour les lignes 9, 10 et 13, dont les fr\u00e9quences seront finalement respectivement de un train sur deux pour la premi\u00e8re et un train sur trois pour les deux autres, contre un train sur trois et un train sur quatre pr\u00e9vu la veille.&#13;<\/p>\n<p>Pour le RER A, 3 trains sur 4 circulent en heures de pointe et 2 sur 3 en heures creuses.&#13;&#13;<\/p>\n<p>Concernant le RER B, qui relie notamment Paris \u00e0 l&rsquo;a\u00e9roport Charles-de-Gaulle, seul un train sur 2 circule toute la journ\u00e9e.\u00a0Les autres lignes de RER sont \u00e9galement perturb\u00e9es, surtout la D et la E.&#13;&#13;<\/p>\n<p>Partager<\/p>\n","protected":false},"excerpt":{"rendered":"Les transports en commun perturb\u00e9s en \u00cele de France Les transports en commun sont perturb\u00e9s en r\u00e9gion parisien.&hellip;\n","protected":false},"author":2,"featured_media":399998,"comment_status":"","ping_status":"","sticky":false,"template":"","format":"standard","meta":{"footnotes":""},"categories":[1888],"tags":[1111,1928,11,1927,898,1013,1777,674,118,107,1011,27,6151,1272,1014,12,1926,626,1925,1072,25,3427],"class_list":{"0":"post-399997","1":"post","2":"type-post","3":"status-publish","4":"format-standard","5":"has-post-thumbnail","7":"category-paris","8":"tag-actu","9":"tag-actu-paris","10":"tag-actualites","11":"tag-actualites-paris","12":"tag-alerte","13":"tag-bruno-retailleau","14":"tag-eu","15":"tag-europe","16":"tag-faits-divers","17":"tag-fil-info","18":"tag-fr","19":"tag-france","20":"tag-greve","21":"tag-manifestations","22":"tag-ministere-de-linterieur","23":"tag-news","24":"tag-news-paris","25":"tag-paris","26":"tag-paris-news","27":"tag-police","28":"tag-republique-francaise","29":"tag-syndicats"},"share_on_mastodon":{"url":"https:\/\/pubeurope.com\/@fr\/115225472771245252","error":""},"_links":{"self":[{"href":"https:\/\/www.europesays.com\/fr\/wp-json\/wp\/v2\/posts\/399997","targetHints":{"allow":["GET"]}}],"collection":[{"href":"https:\/\/www.europesays.com\/fr\/wp-json\/wp\/v2\/posts"}],"about":[{"href":"https:\/\/www.europesays.com\/fr\/wp-json\/wp\/v2\/types\/post"}],"author":[{"embeddable":true,"href":"https:\/\/www.europesays.com\/fr\/wp-json\/wp\/v2\/users\/2"}],"replies":[{"embeddable":true,"href":"https:\/\/www.europesays.com\/fr\/wp-json\/wp\/v2\/comments?post=399997"}],"version-history":[{"count":0,"href":"https:\/\/www.europesays.com\/fr\/wp-json\/wp\/v2\/posts\/399997\/revisions"}],"wp:featuredmedia":[{"embeddable":true,"href":"https:\/\/www.europesays.com\/fr\/wp-json\/wp\/v2\/media\/399998"}],"wp:attachment":[{"href":"https:\/\/www.europesays.com\/fr\/wp-json\/wp\/v2\/media?parent=399997"}],"wp:term":[{"taxonomy":"category","embeddable":true,"href":"https:\/\/www.europesays.com\/fr\/wp-json\/wp\/v2\/categories?post=399997"},{"taxonomy":"post_tag","embeddable":true,"href":"https:\/\/www.europesays.com\/fr\/wp-json\/wp\/v2\/tags?post=399997"}],"curies":[{"name":"wp","href":"https:\/\/api.w.org\/{rel}","templated":true}]}}