{"id":399999,"date":"2025-09-18T13:12:11","date_gmt":"2025-09-18T13:12:11","guid":{"rendered":"https:\/\/www.europesays.com\/fr\/399999\/"},"modified":"2025-09-18T13:12:11","modified_gmt":"2025-09-18T13:12:11","slug":"un-chef-doeuvre-de-picasso-jamais-vu-du-public-devoile-a-paris","status":"publish","type":"post","link":"https:\/\/www.europesays.com\/fr\/399999\/","title":{"rendered":"Un chef d&rsquo;oeuvre de Picasso jamais vu du public d\u00e9voil\u00e9 \u00e0 Paris"},"content":{"rendered":"<p class=\"mb-4 text-lg md:leading-8 break-words\">Un portrait \u00ab exceptionnel \u00bb de Dora Maar portant un chapeau \u00e0 fleurs color\u00e9, peint par Pablo Picasso en 1943 en pleine Occupation et inconnu du public, a \u00e9t\u00e9 d\u00e9voil\u00e9 jeudi 18 septembre \u00e0 Paris \u00e0 l&rsquo;H\u00f4tel Drouot. Intitul\u00e9 Buste de femme au chapeau \u00e0 fleurs, ce tableau d&rsquo;une taille de 80&#215;60 centim\u00e8tres, peint \u00e0 l&rsquo;huile, repr\u00e9sente la photographe, \u00e9g\u00e9rie des surr\u00e9alistes, qui fut la compagne de Picasso pendant une dizaine d&rsquo;ann\u00e9es.<\/p>\n<p class=\"mb-4 text-lg md:leading-8 break-words\">Il n&rsquo;avait jamais \u00e9t\u00e9 expos\u00e9, hormis dans l&rsquo;atelier de Pablo Picasso pour quelques amis. Le Buste de femme au chapeau \u00e0 fleurs est \u00ab estim\u00e9 autour de huit millions d&rsquo;euros, une estimation basse, raisonnable, qui peut s&rsquo;envoler \u00bb, a expliqu\u00e9 Christophe Lucien, commissaire-priseur charg\u00e9 de sa vente fix\u00e9e au 24 octobre par sa maison de vente aux ench\u00e8res.<\/p>\n<p class=\"mb-4 text-lg md:leading-8 break-words\">Sign\u00e9 par Picasso et dat\u00e9 du 11 juillet 1943, le tableau a \u00e9t\u00e9 acquis en ao\u00fbt 1944 par un grand collectionneur fran\u00e7ais, grand-p\u00e8re des actuels ayants droit qui souhaitent le vendre dans le cadre d&rsquo;une succession, a-t-il pr\u00e9cis\u00e9.<\/p>\n<p class=\"mb-4 text-lg md:leading-8 break-words\">\u00c0 lire aussi<a href=\"https:\/\/www.rfi.fr\/fr\/culture\/20230408-le-cubisme-est-n\u00e9-en-afrique-entre-pablo-picasso-et-l-art-africain-une-histoire-d-inspiration\" class=\"link \" rel=\"nofollow noopener\" target=\"_blank\" data-ylk=\"slk:\u00abLe cubisme est n\u00e9 en Afrique\u00bb: entre Pablo Picasso et l\u2019art africain, une histoire d\u2019inspiration;elm:context_link;itc:0;sec:content-canvas\">\u00abLe cubisme est n\u00e9 en Afrique\u00bb: entre Pablo Picasso et l\u2019art africain, une histoire d\u2019inspiration<\/a><\/p>\n<p>Tableau rare<\/p>\n<p class=\"mb-4 text-lg md:leading-8 break-words\">\u00ab Il n&rsquo;a jamais \u00e9t\u00e9 verni, ni restaur\u00e9, est juste encadr\u00e9 de minces baguettes et dans son jus \u00bb, a pr\u00e9cis\u00e9 Agn\u00e8s Sevestre-Barb\u00e9, sp\u00e9cialiste de Picasso, pr\u00e9sente lors du d\u00e9voilement de l&rsquo;\u0153uvre \u00e0 <a href=\"https:\/\/www.rfi.fr\/fr\/tag\/france\/\" rel=\"nofollow noopener\" target=\"_blank\" data-ylk=\"slk:Paris;elm:context_link;itc:0;sec:content-canvas\" class=\"link \"><strong>Paris<\/strong><\/a>.<\/p>\n<p class=\"mb-4 text-lg md:leading-8 break-words\">Il est \u00ab assez exceptionnel et marque un jalon dans l&rsquo;histoire de l&rsquo;art et dans celle de Picasso \u00bb, a estim\u00e9 Christophe Lucien. D&rsquo;inspiration \u00ab \u00e0 la fois naturaliste et cubiste \u00bb, selon lui, la toile montre Dora Maar en proie \u00e0 la tristesse, mais au visage empreint de douceur. Cela contrairement \u00e0 d&rsquo;autres portraits o\u00f9 le ma\u00eetre espagnol l&rsquo;a repr\u00e9sent\u00e9e avec une expression o\u00f9 la violence et les \u00e9motions semblent exacerb\u00e9es.<\/p>\n<p class=\"mb-4 text-lg md:leading-8 break-words\">Elle porte un chapeau \u00e0 fleurs aux couleurs plut\u00f4t vives (rouge, jaune, vert, violet) avec un buste plus sombre, au moment o\u00f9 Picasso la d\u00e9laisse pour une plus jeune femme, Fran\u00e7oise Gilot. \u00ab Une peinture et en plus un portrait de Dora Maar c&rsquo;est rare. Qu&rsquo;il soit vendu en France, c&rsquo;est m\u00eame vraiment tr\u00e8s rare, comme sur le march\u00e9 en g\u00e9n\u00e9ral d&rsquo;ailleurs \u00bb, dit Olivier Picasso, petit-fils du peintre, en voyant une photo de l&rsquo;\u0153uvre qu&rsquo;il n&rsquo;a pas encore d\u00e9couverte physiquement.<\/p>\n<p class=\"mb-4 text-lg md:leading-8 break-words\">\u00c0 lire aussi<a href=\"https:\/\/www.rfi.fr\/fr\/podcasts\/reportage-culture\/20211106-exposition-picasso-l-\u00e9tranger-la-facette-cach\u00e9e-de-l-artiste\" class=\"link \" rel=\"nofollow noopener\" target=\"_blank\" data-ylk=\"slk:Exposition: \u00abPicasso l&#039;\u00e9tranger\u00bb, la facette cach\u00e9e de l&#039;artiste;elm:context_link;itc:0;sec:content-canvas\">Exposition: \u00abPicasso l&rsquo;\u00e9tranger\u00bb, la facette cach\u00e9e de l&rsquo;artiste<\/a><\/p>\n<p>Authentifi\u00e9 par l&rsquo;administration<\/p>\n<p class=\"mb-4 text-lg md:leading-8 break-words\">Plusieurs portraits de Dora Maar ont surtout \u00e9t\u00e9 vendus aux \u00c9tats-Unis par les grandes maisons de vente anglo-saxonnes, rappelle-t-il. En 2006, Dora Maar au chat avait \u00e9t\u00e9 vendu 95 millions de dollars \u00e0 New York, apr\u00e8s Femme assise dans un jardin (1938) acquise en 1999 \u00e9galement \u00e0 New York pour 49 millions de dollars.<\/p>\n<p class=\"mb-4 text-lg md:leading-8 break-words\">Authentifi\u00e9 par l&rsquo;administration Picasso, le portrait d\u00e9voil\u00e9 jeudi n&rsquo;\u00e9tait connu des sp\u00e9cialistes et passionn\u00e9s de Picasso qu&rsquo;en noir et blanc et \u00e0 travers le <a href=\"https:\/\/www.rfi.fr\/fr\/podcasts\/reportage-culture\/20210515-guernica-de-pablo-picasso-symbole-embl\u00e9matique-de-l-horreur-de-la-guerre\" rel=\"nofollow noopener\" target=\"_blank\" data-ylk=\"slk:catalogue raisonn\u00e9 de ses \u0153uvres;elm:context_link;itc:0;sec:content-canvas\" class=\"link \"><strong>catalogue raisonn\u00e9 de ses \u0153uvres<\/strong><\/a> le mentionnant, selon Drouot.<\/p>\n<p class=\"mb-4 text-lg md:leading-8 break-words\">Des photos de Brassa\u00ef, ami de Picasso, prises dans l&rsquo;atelier du peintre attestent \u00e9galement de la pr\u00e9sence du tableau, install\u00e9 au sol pr\u00e8s de la c\u00e9l\u00e8bre \u00ab femme au rocking-chair et d&rsquo;un lapin (momifi\u00e9), accroch\u00e9 au mur, r\u00e9cup\u00e9r\u00e9 par Picasso dans la cour carr\u00e9e du Louvre \u00bb, selon M. Lucien.<\/p>\n<p class=\"mb-4 text-lg md:leading-8 break-words\">\u00c0 lire aussi<a href=\"https:\/\/www.rfi.fr\/fr\/emission\/20181023-picasso-poete\" class=\"link \" rel=\"nofollow noopener\" target=\"_blank\" data-ylk=\"slk:Picasso po\u00e8te;elm:context_link;itc:0;sec:content-canvas\">Picasso po\u00e8te<\/a><\/p>\n","protected":false},"excerpt":{"rendered":"Un portrait \u00ab exceptionnel \u00bb de Dora Maar portant un chapeau \u00e0 fleurs color\u00e9, peint par Pablo Picasso&hellip;\n","protected":false},"author":2,"featured_media":400000,"comment_status":"","ping_status":"","sticky":false,"template":"","format":"standard","meta":{"footnotes":""},"categories":[1888],"tags":[1111,1928,11,1927,53147,53133,1777,674,53136,1011,27,53135,12,1926,52200,626,1925,25],"class_list":{"0":"post-399999","1":"post","2":"type-post","3":"status-publish","4":"format-standard","5":"has-post-thumbnail","7":"category-paris","8":"tag-actu","9":"tag-actu-paris","10":"tag-actualites","11":"tag-actualites-paris","12":"tag-christophe-lucien","13":"tag-dora-maar","14":"tag-eu","15":"tag-europe","16":"tag-femme-assise-dans-un-jardin","17":"tag-fr","18":"tag-france","19":"tag-maison-de-vente-aux-encheres","20":"tag-news","21":"tag-news-paris","22":"tag-pablo-picasso","23":"tag-paris","24":"tag-paris-news","25":"tag-republique-francaise"},"share_on_mastodon":{"url":"https:\/\/pubeurope.com\/@fr\/115225476664963400","error":""},"_links":{"self":[{"href":"https:\/\/www.europesays.com\/fr\/wp-json\/wp\/v2\/posts\/399999","targetHints":{"allow":["GET"]}}],"collection":[{"href":"https:\/\/www.europesays.com\/fr\/wp-json\/wp\/v2\/posts"}],"about":[{"href":"https:\/\/www.europesays.com\/fr\/wp-json\/wp\/v2\/types\/post"}],"author":[{"embeddable":true,"href":"https:\/\/www.europesays.com\/fr\/wp-json\/wp\/v2\/users\/2"}],"replies":[{"embeddable":true,"href":"https:\/\/www.europesays.com\/fr\/wp-json\/wp\/v2\/comments?post=399999"}],"version-history":[{"count":0,"href":"https:\/\/www.europesays.com\/fr\/wp-json\/wp\/v2\/posts\/399999\/revisions"}],"wp:featuredmedia":[{"embeddable":true,"href":"https:\/\/www.europesays.com\/fr\/wp-json\/wp\/v2\/media\/400000"}],"wp:attachment":[{"href":"https:\/\/www.europesays.com\/fr\/wp-json\/wp\/v2\/media?parent=399999"}],"wp:term":[{"taxonomy":"category","embeddable":true,"href":"https:\/\/www.europesays.com\/fr\/wp-json\/wp\/v2\/categories?post=399999"},{"taxonomy":"post_tag","embeddable":true,"href":"https:\/\/www.europesays.com\/fr\/wp-json\/wp\/v2\/tags?post=399999"}],"curies":[{"name":"wp","href":"https:\/\/api.w.org\/{rel}","templated":true}]}}