{"id":400008,"date":"2025-09-18T13:17:16","date_gmt":"2025-09-18T13:17:16","guid":{"rendered":"https:\/\/www.europesays.com\/fr\/400008\/"},"modified":"2025-09-18T13:17:16","modified_gmt":"2025-09-18T13:17:16","slug":"mastercard-prevoit-un-ralentissement-de-la-croissance-des-achats-de-noel-aux-etats-unis-cette-annee-18-09-2025-a-1500","status":"publish","type":"post","link":"https:\/\/www.europesays.com\/fr\/400008\/","title":{"rendered":"Mastercard pr\u00e9voit un ralentissement de la croissance des achats de No\u00ebl aux \u00c9tats-Unis cette ann\u00e9e &#8211; 18\/09\/2025 \u00e0 15:00"},"content":{"rendered":"<p>\n ((Traduction automatis\u00e9e par Reuters \u00e0 l&rsquo;aide de l&rsquo;apprentissage<br \/>\nautomatique et de l&rsquo;IA g\u00e9n\u00e9rative, veuillez vous r\u00e9f\u00e9rer \u00e0<br \/>\nl&rsquo;avertissement suivant: https:\/\/bit.ly\/rtrsauto))<br \/>\npar Neil J Kanatt\n<\/p>\n<p>\n La croissance des ventes des f\u00eates<br \/>\nde fin d&rsquo;ann\u00e9e aux \u00c9tats-Unis devrait se ralentir cette ann\u00e9e,<br \/>\nselon les pr\u00e9visions de Mastercard jeudi, car les consommateurs<br \/>\nrecherchent des r\u00e9ductions et des promotions dans un contexte<br \/>\nd&rsquo;inflation et d&rsquo;incertitude macro\u00e9conomique plus large.\n<\/p>\n<p>\n Le rapport du Mastercard Economics Institute pr\u00e9voit que les<br \/>\nventes au d\u00e9tail augmenteront de 3,6 % entre le 1er novembre et<br \/>\nle 24 d\u00e9cembre de cette ann\u00e9e, contre une croissance de 4,1 % au<br \/>\ncours de la m\u00eame p\u00e9riode l&rsquo;ann\u00e9e derni\u00e8re.\n<\/p>\n<p>\n POURQUOI C&rsquo;EST IMPORTANT?\n<\/p>\n<p>\n Les achats des f\u00eates de fin d&rsquo;ann\u00e9e sont un moteur de vente<br \/>\nessentiel pour les d\u00e9taillants, et seront encore plus critiques<br \/>\ncette ann\u00e9e , car la politique commerciale changeante de<br \/>\nl&rsquo;administration Trump augmente les co\u00fbts des biens et contraint<br \/>\nla demande.\n<\/p>\n<p>\n Le rapport de Mastercard indique \u00e9galement que le<br \/>\nraccourcissement de la p\u00e9riode entre Thanksgiving et No\u00ebl cette<br \/>\nann\u00e9e, et l&rsquo;introduction plus pr\u00e9coce des promotions pourraient<br \/>\nstimuler les ventes en ligne au d\u00e9but du mois de d\u00e9cembre.\n<\/p>\n<p>\n CITATIONS CL\u00c9S\n<\/p>\n<p>\n \u00ab\u00a0La grande diff\u00e9rence par rapport \u00e0 l&rsquo;ann\u00e9e derni\u00e8re n&rsquo;est<br \/>\npas le nombre total de d\u00e9penses, mais leur composition\u00a0\u00bb, a<br \/>\nd\u00e9clar\u00e9 Michelle Meyer, \u00e9conomiste en chef du Mastercard<br \/>\nEconomics Institute.\n<\/p>\n<p>\n \u00ab\u00a0Cette ann\u00e9e, les prix auront certainement plus<br \/>\nd&rsquo;importance, dans un monde o\u00f9 les droits de douane sont entr\u00e9s<br \/>\nen vigueur.\u00a0\u00bb\n<\/p>\n<p>\n PAR LES CHIFFRES\n<\/p>\n<p>\n Selon le rapport de Mastercard, les ventes en ligne<br \/>\ndevraient bondir de 7,9 % pendant les f\u00eates de fin d&rsquo;ann\u00e9e,<br \/>\ncontre une hausse de 8,6 % l&rsquo;ann\u00e9e derni\u00e8re.\n<\/p>\n<p>\n Les ventes en magasin devraient augmenter de 2,3 %. Elles<br \/>\nont augment\u00e9 de 2,8 % au cours de la p\u00e9riode des f\u00eates de 2024.\n<\/p>\n<p>\n Les pr\u00e9visions de Mastercard sont bas\u00e9es sur les donn\u00e9es de<br \/>\nSpendingPulse, qui mesurent les ventes au d\u00e9tail en magasin et<br \/>\nen ligne, toutes formes de paiement confondues, \u00e0 l&rsquo;exclusion<br \/>\ndes ventes automobiles.\n<\/p>\n<p>\n CONTEXTE\n<\/p>\n<p>\n Les pr\u00e9visions de Mastercard font \u00e9cho aux r\u00e9cents rapports<br \/>\nde Salesforce , Deloitte  et PwC  qui<br \/>\nannoncent une saison des f\u00eates en demi-teinte.\n<\/p>\n<p>\n Les d\u00e9taillants ont \u00e9mis des pr\u00e9visions mitig\u00e9es ces<br \/>\nderni\u00e8res semaines, \u00e0 l&rsquo;approche des f\u00eates de fin d&rsquo;ann\u00e9e.<br \/>\nTarget<br \/>\n <a href=\"https:\/\/www.boursorama.com\/cours\/TGT\/\" rel=\"nofollow noopener\" target=\"_blank\"><br \/>\n  TGT.N<br \/>\n <\/a><br \/>\n et Best Buy<br \/>\n <a href=\"https:\/\/www.boursorama.com\/cours\/BBY\/\" rel=\"nofollow noopener\" target=\"_blank\"><br \/>\n  BBY.N<br \/>\n <\/a><br \/>\n ont maintenu<br \/>\nleurs pr\u00e9visions annuelles, tandis que Walmart<br \/>\n <a href=\"https:\/\/www.boursorama.com\/cours\/WMT\/\" rel=\"nofollow noopener\" target=\"_blank\"><br \/>\n  WMT.N<br \/>\n <\/a><br \/>\n et<br \/>\nMacy&rsquo;s<br \/>\n <a href=\"https:\/\/www.boursorama.com\/cours\/M\/\" rel=\"nofollow noopener\" target=\"_blank\"><br \/>\n  M.N<br \/>\n <\/a><br \/>\n ont relev\u00e9 les leurs. Le fabricant de jouets<br \/>\nMattel<br \/>\n <a href=\"https:\/\/www.boursorama.com\/cours\/MAT\/\" rel=\"nofollow noopener\" target=\"_blank\"><br \/>\n  MAT.O<br \/>\n <\/a><br \/>\n a toutefois revu ses pr\u00e9visions \u00e0 la<br \/>\nbaisse.<\/p>\n","protected":false},"excerpt":{"rendered":"((Traduction automatis\u00e9e par Reuters \u00e0 l&rsquo;aide de l&rsquo;apprentissage automatique et de l&rsquo;IA g\u00e9n\u00e9rative, veuillez vous r\u00e9f\u00e9rer \u00e0 l&rsquo;avertissement&hellip;\n","protected":false},"author":2,"featured_media":7013,"comment_status":"","ping_status":"","sticky":false,"template":"","format":"standard","meta":{"footnotes":""},"categories":[1589],"tags":[400,11,398,408,405,73,1866,403,402,399,404,12,401,406,1864,1865,1863,308,407],"class_list":{"0":"post-400008","1":"post","2":"type-post","3":"status-publish","4":"format-standard","5":"has-post-thumbnail","7":"category-etats-unis","8":"tag-action-cac-40","9":"tag-actualites","10":"tag-bourse-de-paris","11":"tag-boursorama","12":"tag-cotations","13":"tag-etats-unis","14":"tag-etats-unis-damerique","15":"tag-indices-devises","16":"tag-investir","17":"tag-investissement","18":"tag-marche-boursier","19":"tag-news","20":"tag-sicav","21":"tag-trackers","22":"tag-united-states","23":"tag-united-states-of-america","24":"tag-us","25":"tag-usa","26":"tag-warrants"},"share_on_mastodon":{"url":"https:\/\/pubeurope.com\/@fr\/115225496382558966","error":""},"_links":{"self":[{"href":"https:\/\/www.europesays.com\/fr\/wp-json\/wp\/v2\/posts\/400008","targetHints":{"allow":["GET"]}}],"collection":[{"href":"https:\/\/www.europesays.com\/fr\/wp-json\/wp\/v2\/posts"}],"about":[{"href":"https:\/\/www.europesays.com\/fr\/wp-json\/wp\/v2\/types\/post"}],"author":[{"embeddable":true,"href":"https:\/\/www.europesays.com\/fr\/wp-json\/wp\/v2\/users\/2"}],"replies":[{"embeddable":true,"href":"https:\/\/www.europesays.com\/fr\/wp-json\/wp\/v2\/comments?post=400008"}],"version-history":[{"count":0,"href":"https:\/\/www.europesays.com\/fr\/wp-json\/wp\/v2\/posts\/400008\/revisions"}],"wp:featuredmedia":[{"embeddable":true,"href":"https:\/\/www.europesays.com\/fr\/wp-json\/wp\/v2\/media\/7013"}],"wp:attachment":[{"href":"https:\/\/www.europesays.com\/fr\/wp-json\/wp\/v2\/media?parent=400008"}],"wp:term":[{"taxonomy":"category","embeddable":true,"href":"https:\/\/www.europesays.com\/fr\/wp-json\/wp\/v2\/categories?post=400008"},{"taxonomy":"post_tag","embeddable":true,"href":"https:\/\/www.europesays.com\/fr\/wp-json\/wp\/v2\/tags?post=400008"}],"curies":[{"name":"wp","href":"https:\/\/api.w.org\/{rel}","templated":true}]}}