{"id":400009,"date":"2025-09-18T13:18:22","date_gmt":"2025-09-18T13:18:22","guid":{"rendered":"https:\/\/www.europesays.com\/fr\/400009\/"},"modified":"2025-09-18T13:18:22","modified_gmt":"2025-09-18T13:18:22","slug":"royaume-uni-inflation-stable-en-aout-a-38-sur-un-an-17-09-2025-a-1541","status":"publish","type":"post","link":"https:\/\/www.europesays.com\/fr\/400009\/","title":{"rendered":"Royaume-Uni: inflation stable en ao\u00fbt, \u00e0 3,8% sur un an &#8211; 17\/09\/2025 \u00e0 15:41"},"content":{"rendered":"<p>        <img fetchpriority=\"high\" decoding=\"async\" src=\"https:\/\/www.europesays.com\/fr\/wp-content\/uploads\/2025\/09\/a94d9241d87c56533ffb94742a50ec74-760x531.jpg\" alt=\"Le Premier ministre britannique Keir Starmer, \u00e0 Londres le 16 septembre 2025. ( POOL \/ LEON NEAL )\" loading=\"eager\" width=\"760\" height=\"531\" style=\"max-width: 100%!important; height: auto;\"\/><\/p>\n<p class=\"c-image-news__legend\">Le Premier ministre britannique Keir Starmer, \u00e0 Londres le 16 septembre 2025. ( POOL \/ LEON NEAL )<\/p>\n<p>\n L&rsquo;inflation est rest\u00e9e stable en ao\u00fbt au Royaume-Uni, \u00e0 3,8% sur un an, le m\u00eame niveau qu&rsquo;en juillet, a annonc\u00e9 mercredi l&rsquo;Office national des statistiques, renfor\u00e7ant les attentes d&rsquo;un maintien des taux d&rsquo;int\u00e9r\u00eat lors de la d\u00e9cision de la Banque d&rsquo;Angleterre (BoE) jeudi.\n<\/p>\n<p>\n La publication de ce chiffre &#8211;conforme aux pr\u00e9visions des analystes interrog\u00e9s par Bloomberg&#8211; fait suite \u00e0 celle de la croissance du PIB en juillet, qui est rest\u00e9e nulle, alimentant les craintes de \u00ab\u00a0stagflation\u00a0\u00bb au Royaume-Uni, une inflation durable combin\u00e9e \u00e0 une croissance fragile.\n<\/p>\n<p>\n Selon Yael Selfin, \u00e9conomiste en chef pour KPMG au Royaume-Uni, ce niveau d&rsquo;inflation, bien sup\u00e9rieur aux 2% cibl\u00e9s par la BoE va \u00ab\u00a0renforcer la position prudente\u00a0\u00bb de l&rsquo;institution en mati\u00e8re de baisses de taux.\n<\/p>\n<p>\n \u00ab\u00a0Il n&rsquo;y a pratiquement aucune chance de diminution des taux demain (jeudi) de la part de la BoE, et le march\u00e9 s&rsquo;attend \u00e0 ce qu&rsquo;elle exprime ses pr\u00e9occupations concernant les perspectives des prix\u00a0\u00bb, rench\u00e9rit Kathleen Brooks, de XTB.\n<\/p>\n<p>\n La banque centrale britannique avait r\u00e9duit son taux directeur \u00e0 4% en ao\u00fbt, \u00e0 l&rsquo;issue d&rsquo;un vote serr\u00e9, pour soutenir une \u00e9conomie \u00e0 la peine.\n<\/p>\n<p>\n Mme Brooks souligne que la hausse des prix au Royaume-Uni est \u00ab\u00a0extr\u00eamement \u00e9lev\u00e9e\u00a0\u00bb, faisant du pays \u00ab\u00a0une anomalie \u00e0 l&rsquo;\u00e9chelle mondiale\u00a0\u00bb.\n<\/p>\n<p>\n \u00ab\u00a0Compar\u00e9 au G20, seuls la Turquie, le Br\u00e9sil, la Russie et l&rsquo;Argentine affichent des taux d&rsquo;inflation sup\u00e9rieurs\u00a0\u00bb, souligne-t-elle.\n<\/p>\n<p>\n Et dans la zone euro, l&rsquo;inflation est rest\u00e9e stable en ao\u00fbt \u00e0 2% sur un an, selon un chiffre r\u00e9vis\u00e9 mercredi par Eurostat.\n<\/p>\n<p>\n Ce risque de stagflation vient frapper le gouvernement travailliste &#8211;qui accueille Donald Trump pour une visite d&rsquo;Etat de deux jours mercredi et jeudi&#8211; au moment m\u00eame o\u00f9 il est attendu au tournant sur son prochain budget, pr\u00e9sent\u00e9 le 26 novembre.\n<\/p>\n<p>\n Les Britanniques sp\u00e9culent depuis des mois sur de nouvelles hausses d&rsquo;imp\u00f4ts pour redresser les comptes, apr\u00e8s celles d\u00e9j\u00e0 annonc\u00e9 ces derniers mois, notamment sur les entreprises, combin\u00e9es \u00e0 des coupes drastiques dans les finances publiques.\n<\/p>\n<p>\n \u00ab\u00a0Depuis avril, la hausse de l&rsquo;inflation a \u00e9t\u00e9 largement aliment\u00e9e par des choix de politique int\u00e9rieure, notamment l&rsquo;augmentation des contributions \u00e0 l&rsquo;assurance nationale des employeurs\u00a0\u00bb, souligne Yael Selfin.\n<\/p>\n<p>\n Or, \u00ab\u00a0ces co\u00fbts plus \u00e9lev\u00e9s ont \u00e9t\u00e9 r\u00e9percut\u00e9s par les entreprises sur les consommateurs\u00a0\u00bb, ajoute-t-elle.\n<\/p>\n<p>\n La hausse des prix \u00ab\u00a0complique les perspectives budg\u00e9taires\u00a0\u00bb, souligne Lindsay James, de Quilter Investors.\n<\/p>\n<p>\n \u00ab\u00a0La forte r\u00e9indexation des prestations et les paiements d&rsquo;int\u00e9r\u00eats plus \u00e9lev\u00e9s\u00a0\u00bb sur les emprunts d&rsquo;Etat index\u00e9s \u00e0 l&rsquo;inflation \u00ab\u00a0signifient que la chanceli\u00e8re (de l&rsquo;Echiquier ou ministre des Finances Rachel Reeves) aura encore moins de marge de man\u0153uvre\u00a0\u00bb, ajoute-il.\n<\/p>\n<p>\n \u00ab\u00a0Je sais que les familles traversent une p\u00e9riode difficile et que, pour beaucoup, l&rsquo;\u00e9conomie semble au point mort\u00a0\u00bb, a r\u00e9agi dans un communiqu\u00e9 la ministre des Finances, se disant \u00ab\u00a0d\u00e9termin\u00e9e \u00e0 r\u00e9duire les co\u00fbts et \u00e0 aider les personnes qui doivent faire face \u00e0 des factures plus \u00e9lev\u00e9es\u00a0\u00bb.<\/p>\n","protected":false},"excerpt":{"rendered":"Le Premier ministre britannique Keir Starmer, \u00e0 Londres le 16 septembre 2025. ( POOL \/ LEON NEAL )&hellip;\n","protected":false},"author":2,"featured_media":400010,"comment_status":"","ping_status":"","sticky":false,"template":"","format":"standard","meta":{"footnotes":""},"categories":[1588],"tags":[400,11,398,408,405,1777,674,403,402,399,404,12,473,1853,401,406,1851,1850,1852,407],"class_list":{"0":"post-400009","1":"post","2":"type-post","3":"status-publish","4":"format-standard","5":"has-post-thumbnail","7":"category-royaume-uni","8":"tag-action-cac-40","9":"tag-actualites","10":"tag-bourse-de-paris","11":"tag-boursorama","12":"tag-cotations","13":"tag-eu","14":"tag-europe","15":"tag-indices-devises","16":"tag-investir","17":"tag-investissement","18":"tag-marche-boursier","19":"tag-news","20":"tag-royaume-uni","21":"tag-royaume-uni-de-grande-bretagne-et-dirlande-du-nord","22":"tag-sicav","23":"tag-trackers","24":"tag-uk","25":"tag-united-kingdom","26":"tag-united-kingdom-of-great-britain-and-northern-ireland","27":"tag-warrants"},"share_on_mastodon":{"url":"https:\/\/pubeurope.com\/@fr\/115225500770858487","error":""},"_links":{"self":[{"href":"https:\/\/www.europesays.com\/fr\/wp-json\/wp\/v2\/posts\/400009","targetHints":{"allow":["GET"]}}],"collection":[{"href":"https:\/\/www.europesays.com\/fr\/wp-json\/wp\/v2\/posts"}],"about":[{"href":"https:\/\/www.europesays.com\/fr\/wp-json\/wp\/v2\/types\/post"}],"author":[{"embeddable":true,"href":"https:\/\/www.europesays.com\/fr\/wp-json\/wp\/v2\/users\/2"}],"replies":[{"embeddable":true,"href":"https:\/\/www.europesays.com\/fr\/wp-json\/wp\/v2\/comments?post=400009"}],"version-history":[{"count":0,"href":"https:\/\/www.europesays.com\/fr\/wp-json\/wp\/v2\/posts\/400009\/revisions"}],"wp:featuredmedia":[{"embeddable":true,"href":"https:\/\/www.europesays.com\/fr\/wp-json\/wp\/v2\/media\/400010"}],"wp:attachment":[{"href":"https:\/\/www.europesays.com\/fr\/wp-json\/wp\/v2\/media?parent=400009"}],"wp:term":[{"taxonomy":"category","embeddable":true,"href":"https:\/\/www.europesays.com\/fr\/wp-json\/wp\/v2\/categories?post=400009"},{"taxonomy":"post_tag","embeddable":true,"href":"https:\/\/www.europesays.com\/fr\/wp-json\/wp\/v2\/tags?post=400009"}],"curies":[{"name":"wp","href":"https:\/\/api.w.org\/{rel}","templated":true}]}}