{"id":40001,"date":"2025-04-20T22:47:12","date_gmt":"2025-04-20T22:47:12","guid":{"rendered":"https:\/\/www.europesays.com\/fr\/40001\/"},"modified":"2025-04-20T22:47:12","modified_gmt":"2025-04-20T22:47:12","slug":"aston-villa-psg-les-villans-remettent-en-cause-larbitrage","status":"publish","type":"post","link":"https:\/\/www.europesays.com\/fr\/40001\/","title":{"rendered":"Aston Villa &#8211; PSG, les Villans remettent en cause l&rsquo;arbitrage"},"content":{"rendered":"<p data-testid=\"article-teaser\">Quelques jours apr\u00e8s son \u00e9limination par le PSG, Aston Villa crie au scandale pour l\u2019arbitrage. <\/p>\n<p>Qualifi\u00e9 pour les demi-finales de la Ligue des champions malgr\u00e9 une d\u00e9faite \u00e0 l&rsquo;ext\u00e9rieur, le Paris Saint-Germain pensait avoir \u00e9vit\u00e9 toute pol\u00e9mique majeure. Pourtant, une voix s\u2019est \u00e9lev\u00e9e de l\u2019autre c\u00f4t\u00e9 de la Manche, remettant en question certains choix cl\u00e9s du corps arbitral. Aston Villa n\u2019a pas h\u00e9sit\u00e9 \u00e0 faire entendre sa frustration, en pointant du doigt l\u2019attitude de l\u2019arbitre espagnol. Entre d\u00e9cisions litigieuses et gestion du temps de jeu contest\u00e9e, le quart de finale retour face au PSG continue d\u2019alimenter les d\u00e9bats.<\/p>\n<p>L&rsquo;article continue ci-dessous<\/p>\n","protected":false},"excerpt":{"rendered":"Quelques jours apr\u00e8s son \u00e9limination par le PSG, Aston Villa crie au scandale pour l\u2019arbitrage. Qualifi\u00e9 pour les&hellip;\n","protected":false},"author":2,"featured_media":40002,"comment_status":"","ping_status":"","sticky":false,"template":"","format":"standard","meta":{"footnotes":""},"categories":[1410],"tags":[784,12386,63,1011,27,447,91,60],"class_list":{"0":"post-40001","1":"post","2":"type-post","3":"status-publish","4":"format-standard","5":"has-post-thumbnail","7":"category-football","8":"tag-aston-villa","9":"tag-aston-villa-vs-paris-saint-germain","10":"tag-football","11":"tag-fr","12":"tag-france","13":"tag-ligue-des-champions","14":"tag-paris-saint-germain","15":"tag-sports"},"share_on_mastodon":{"url":"https:\/\/pubeurope.com\/@fr\/114372728899885130","error":""},"_links":{"self":[{"href":"https:\/\/www.europesays.com\/fr\/wp-json\/wp\/v2\/posts\/40001","targetHints":{"allow":["GET"]}}],"collection":[{"href":"https:\/\/www.europesays.com\/fr\/wp-json\/wp\/v2\/posts"}],"about":[{"href":"https:\/\/www.europesays.com\/fr\/wp-json\/wp\/v2\/types\/post"}],"author":[{"embeddable":true,"href":"https:\/\/www.europesays.com\/fr\/wp-json\/wp\/v2\/users\/2"}],"replies":[{"embeddable":true,"href":"https:\/\/www.europesays.com\/fr\/wp-json\/wp\/v2\/comments?post=40001"}],"version-history":[{"count":0,"href":"https:\/\/www.europesays.com\/fr\/wp-json\/wp\/v2\/posts\/40001\/revisions"}],"wp:featuredmedia":[{"embeddable":true,"href":"https:\/\/www.europesays.com\/fr\/wp-json\/wp\/v2\/media\/40002"}],"wp:attachment":[{"href":"https:\/\/www.europesays.com\/fr\/wp-json\/wp\/v2\/media?parent=40001"}],"wp:term":[{"taxonomy":"category","embeddable":true,"href":"https:\/\/www.europesays.com\/fr\/wp-json\/wp\/v2\/categories?post=40001"},{"taxonomy":"post_tag","embeddable":true,"href":"https:\/\/www.europesays.com\/fr\/wp-json\/wp\/v2\/tags?post=40001"}],"curies":[{"name":"wp","href":"https:\/\/api.w.org\/{rel}","templated":true}]}}