{"id":400011,"date":"2025-09-18T13:19:11","date_gmt":"2025-09-18T13:19:11","guid":{"rendered":"https:\/\/www.europesays.com\/fr\/400011\/"},"modified":"2025-09-18T13:19:11","modified_gmt":"2025-09-18T13:19:11","slug":"apres-des-mois-de-retard-le-bundestag-adopte-le-budget-2025-et-renforce-les-depenses-militaires","status":"publish","type":"post","link":"https:\/\/www.europesays.com\/fr\/400011\/","title":{"rendered":"apr\u00e8s des mois de retard, le Bundestag adopte le budget 2025 et renforce les d\u00e9penses militaires"},"content":{"rendered":"<p class=\"fig-paragraph\">Les d\u00e9put\u00e9s allemands ont adopt\u00e9 jeudi, avec des mois de retard, le budget 2025, ent\u00e9rinant l&rsquo;endettement accru du pays pour muscler sa d\u00e9fense notamment face \u00e0 la menace russe. Ce vote ne r\u00e9sout cependant pas les nombreux d\u00e9saccords entre les conservateurs du chancelier Friedrich Merz et leurs alli\u00e9s de circonstances sociaux d\u00e9mocrates, qui doivent encore s&rsquo;entendre sur les budgets 2026 et 2027 dans un contexte de marasme \u00e9conomique et de tensions g\u00e9opolitiques croissantes. Berlin va engager cette ann\u00e9e des d\u00e9penses de 502,5 milliards d&rsquo;euros, en hausse de 25 milliards par rapport \u00e0 2024, et s&rsquo;endetter \u00e0 hauteur de 81,8 milliards pour financer le d\u00e9ficit.<\/p>\n<p class=\"fig-paragraph\">Le Bundestag a \u00e9galement vot\u00e9 la mise en place du fonds sp\u00e9cial pour les infrastructures vieillissantes, entre routes, ponts et r\u00e9seaux internet d\u00e9faillants, et la transition climatique, autoris\u00e9 \u00e0 emprunter jusqu&rsquo;\u00e0 500 milliards d&rsquo;euros sur 12 ans. Plus de 37 milliards d&rsquo;euros sont disponibles d\u00e8s cette ann\u00e9e, dont 12 milliards pour le r\u00e9seau de transport allemand. Depuis son arriv\u00e9e au pouvoir d\u00e9but mai, le gouvernement de coalition entre conservateurs (CDU-CSU) et sociaux-d\u00e9mocrates (SPD), emmen\u00e9 par Friedrich Merz, a abandonn\u00e9 des ann\u00e9es de prudence budg\u00e9taire. En incluant le budget principal et le fonds sp\u00e9cial, Berlin va emprunter en net cette ann\u00e9e environ 143 milliards d&rsquo;euros, et pr\u00e8s de 175 milliards en 2026, alors que les efforts devraient s&rsquo;intensifier.<\/p>\n<p class=\"fig-body-link\">\n            \u00c0 lire aussi<br \/>\n        <a class=\"fig-body-link__link\" href=\"http:\/\/www.lefigaro.fr\/flash-eco\/l-onu-rapporte-une-croissance-de-la-r-d-au-plus-bas-depuis-15-ans-20250916\" target=\"_blank\" data-fig-type=\"NewsFlash\" rel=\"noopener nofollow\" data-gtm-custom-categorie=\"navigation\" data-gtm-custom-action=\"crossclick\" data-gtm-custom-label=\"Contextuel\" data-gtm-event=\"customEventSPE\" data-fig-domain=\"LEFIGARO\">L\u2019ONU rapporte une croissance de la R&amp;D au plus bas depuis 15 ans<br \/>\n    <\/a>\n<\/p>\n<p>                                    <a class=\"fig-a11y-skip a11y-hidden\" href=\"#fig-a11y-skip-main-inarticle\"><br \/>\n        Passer la publicit\u00e9<br \/>\n    <\/a><\/p>\n<p>La croissance dans le viseur<\/p>\n<p class=\"fig-paragraph\">Dans un discours devant les d\u00e9put\u00e9s avant leur vote, le ministre des Finances Lars Klingbeil a d\u00e9clar\u00e9 que le gouvernement \u00abdonne une priorit\u00e9 absolue au retour de la croissance \u00e9conomique en Allemagne et \u00e0 la pr\u00e9servation des emplois\u00bb. \u00abC&rsquo;est la question la plus importante pour la population de ce pays\u00bb, a ajout\u00e9 le ministre social-d\u00e9mocrate. Pour le gouvernement, le plus dur reste \u00e0 concilier les promesses de changement avec les compromis sociaux requis par le partenaire social-d\u00e9mocrate.<\/p>\n","protected":false},"excerpt":{"rendered":"Les d\u00e9put\u00e9s allemands ont adopt\u00e9 jeudi, avec des mois de retard, le budget 2025, ent\u00e9rinant l&rsquo;endettement accru du&hellip;\n","protected":false},"author":2,"featured_media":400012,"comment_status":"","ping_status":"","sticky":false,"template":"","format":"standard","meta":{"footnotes":""},"categories":[1587],"tags":[11,672,1003,1804,1805,1803,1777,674,4710,1801,12,1802],"class_list":{"0":"post-400011","1":"post","2":"type-post","3":"status-publish","4":"format-standard","5":"has-post-thumbnail","7":"category-allemagne","8":"tag-actualites","9":"tag-allemagne","10":"tag-budget","11":"tag-bundesrepublik-deutschland","12":"tag-de","13":"tag-deutschland","14":"tag-eu","15":"tag-europe","16":"tag-friedrich-merz","17":"tag-germany","18":"tag-news","19":"tag-republique-federale-dallemagne"},"share_on_mastodon":{"url":"https:\/\/pubeurope.com\/@fr\/115225504238065703","error":""},"_links":{"self":[{"href":"https:\/\/www.europesays.com\/fr\/wp-json\/wp\/v2\/posts\/400011","targetHints":{"allow":["GET"]}}],"collection":[{"href":"https:\/\/www.europesays.com\/fr\/wp-json\/wp\/v2\/posts"}],"about":[{"href":"https:\/\/www.europesays.com\/fr\/wp-json\/wp\/v2\/types\/post"}],"author":[{"embeddable":true,"href":"https:\/\/www.europesays.com\/fr\/wp-json\/wp\/v2\/users\/2"}],"replies":[{"embeddable":true,"href":"https:\/\/www.europesays.com\/fr\/wp-json\/wp\/v2\/comments?post=400011"}],"version-history":[{"count":0,"href":"https:\/\/www.europesays.com\/fr\/wp-json\/wp\/v2\/posts\/400011\/revisions"}],"wp:featuredmedia":[{"embeddable":true,"href":"https:\/\/www.europesays.com\/fr\/wp-json\/wp\/v2\/media\/400012"}],"wp:attachment":[{"href":"https:\/\/www.europesays.com\/fr\/wp-json\/wp\/v2\/media?parent=400011"}],"wp:term":[{"taxonomy":"category","embeddable":true,"href":"https:\/\/www.europesays.com\/fr\/wp-json\/wp\/v2\/categories?post=400011"},{"taxonomy":"post_tag","embeddable":true,"href":"https:\/\/www.europesays.com\/fr\/wp-json\/wp\/v2\/tags?post=400011"}],"curies":[{"name":"wp","href":"https:\/\/api.w.org\/{rel}","templated":true}]}}