{"id":400013,"date":"2025-09-18T13:20:10","date_gmt":"2025-09-18T13:20:10","guid":{"rendered":"https:\/\/www.europesays.com\/fr\/400013\/"},"modified":"2025-09-18T13:20:10","modified_gmt":"2025-09-18T13:20:10","slug":"mars-echaude-par-ses-ventes-aux-etats-unis-investit-1-milliard-deuros-en-europe","status":"publish","type":"post","link":"https:\/\/www.europesays.com\/fr\/400013\/","title":{"rendered":"Mars, \u00e9chaud\u00e9 par ses ventes aux \u00c9tats-Unis, investit 1 milliard d\u2019euros en Europe"},"content":{"rendered":"\n<p>Le g\u00e9ant de l\u2019agroalimentaire am\u00e9ricain Mars \u201cs\u2019engage \u00e0 investir 1\u00a0milliard d\u2019euros\u201d en Europe d\u2019ici \u00e0 la fin de 2026\u00a0pour \u201cr\u00e9\u00e9quilibrer les activit\u00e9s de l\u2019entreprise entre l\u2019Europe et les \u00c9tats-Unis\u201d, <a class=\"ithalc\" data-ithal=\"lien_externe\" data-ithalc=\"[nav_article]\" target=\"_blank\" href=\"https:\/\/www.ft.com\/content\/5ccf3ae3-5358-438d-a2a3-f14ea35ca634\" rel=\"noopener\">rapporte le <strong>Financial Times<\/strong><\/a><strong>.<\/strong><\/p>\n<p>Cependant, souligne le quotidien \u00e9conomique britannique, Mars \u201cd\u00e9voile ses investissements\u00a0au moment o\u00f9 la Commission europ\u00e9enne m\u00e8ne une enqu\u00eate antitrust sur son projet d\u2019acquisition du fabricant de c\u00e9r\u00e9ales et de snacks Kellanova, n\u00e9 en 2023 du d\u00e9mant\u00e8lement de Kellogg\u2019s\u201d. Le rachat de la maison m\u00e8re de Pringles pour 35,9\u00a0milliards de dollars (31\u00a0milliards d\u2019euros) a \u00e9t\u00e9 approuv\u00e9 c\u00f4t\u00e9 am\u00e9ricain par la Federal Trade Commission.<\/p>\n<p>Le groupe, lui, ne voit aucun rapport entre les deux. L\u2019entreprise familiale centenaire, propri\u00e9taire de nombreuses marques de snacks commeSnickers, M&amp;M\u2019s ou Milky Way, d\u2019aliments pour animaux comme Whiskas, et de cliniques v\u00e9t\u00e9rinaires, pr\u00e9f\u00e8re \u00e9voquer le \u201cralentissement de la demande d\u2019aliments emball\u00e9s aux \u00c9tats-Unis\u201d.<\/p>\n<p>                    Moins d\u2019\u00e9missions de CO2       <\/p>\n<p>Mars, qui poss\u00e8de 24\u00a0usines et emploie 25\u00a0000\u00a0personnes en Europe, \u201cinvestira dans la modernisation de ses installations dans l\u2019Union europ\u00e9enne, notamment sa chocolaterie en Pologne, et dans la d\u00e9carbonation de sa cha\u00eene d\u2019approvisionnement, en s\u2019attaquant aux \u00e9missions agricoles dans des pays comme les Pays-Bas\u201d.<\/p>\n<p>Selon son directeur financier, Claus Aagaard, \u201cces dix derni\u00e8res ann\u00e9es, une grande partie de la croissance du secteur des biens de consommation emball\u00e9s est venue des \u00c9tats-Unis plut\u00f4t que de l\u2019Europe.\u00a0Nous voudrions r\u00e9\u00e9quilibrer la situation, [\u2026] car le taux de croissance am\u00e9ricain est peut-\u00eatre un peu plus faible\u201d que par le pass\u00e9.<\/p>\n<p>La vague Ozempic, le m\u00e9dicament antidiab\u00e9tique qui fait fureur en substitut aux r\u00e9gimes pour perdre du poids, a boulevers\u00e9 les habitudes de consommation des Am\u00e9ricains, moins friands de sucreries et autres barres chocolat\u00e9es.<\/p>\n","protected":false},"excerpt":{"rendered":"Le g\u00e9ant de l\u2019agroalimentaire am\u00e9ricain Mars \u201cs\u2019engage \u00e0 investir 1\u00a0milliard d\u2019euros\u201d en Europe d\u2019ici \u00e0 la fin de&hellip;\n","protected":false},"author":2,"featured_media":400014,"comment_status":"","ping_status":"","sticky":false,"template":"","format":"standard","meta":{"footnotes":""},"categories":[1586],"tags":[11,3822,130,1777,674,1011,27,25867,12,25,2542,770],"class_list":{"0":"post-400013","1":"post","2":"type-post","3":"status-publish","4":"format-standard","5":"has-post-thumbnail","7":"category-europe","8":"tag-actualites","9":"tag-amu00e9riques","10":"tag-consommation","11":"tag-eu","12":"tag-europe","13":"tag-fr","14":"tag-france","15":"tag-industrie-agro-alimentaire","16":"tag-news","17":"tag-republique-francaise","18":"tag-u00e9conomie","19":"tag-u00e9tats-unis"},"share_on_mastodon":{"url":"https:\/\/pubeurope.com\/@fr\/115225508233357701","error":""},"_links":{"self":[{"href":"https:\/\/www.europesays.com\/fr\/wp-json\/wp\/v2\/posts\/400013","targetHints":{"allow":["GET"]}}],"collection":[{"href":"https:\/\/www.europesays.com\/fr\/wp-json\/wp\/v2\/posts"}],"about":[{"href":"https:\/\/www.europesays.com\/fr\/wp-json\/wp\/v2\/types\/post"}],"author":[{"embeddable":true,"href":"https:\/\/www.europesays.com\/fr\/wp-json\/wp\/v2\/users\/2"}],"replies":[{"embeddable":true,"href":"https:\/\/www.europesays.com\/fr\/wp-json\/wp\/v2\/comments?post=400013"}],"version-history":[{"count":0,"href":"https:\/\/www.europesays.com\/fr\/wp-json\/wp\/v2\/posts\/400013\/revisions"}],"wp:featuredmedia":[{"embeddable":true,"href":"https:\/\/www.europesays.com\/fr\/wp-json\/wp\/v2\/media\/400014"}],"wp:attachment":[{"href":"https:\/\/www.europesays.com\/fr\/wp-json\/wp\/v2\/media?parent=400013"}],"wp:term":[{"taxonomy":"category","embeddable":true,"href":"https:\/\/www.europesays.com\/fr\/wp-json\/wp\/v2\/categories?post=400013"},{"taxonomy":"post_tag","embeddable":true,"href":"https:\/\/www.europesays.com\/fr\/wp-json\/wp\/v2\/tags?post=400013"}],"curies":[{"name":"wp","href":"https:\/\/api.w.org\/{rel}","templated":true}]}}