{"id":400023,"date":"2025-09-18T13:28:12","date_gmt":"2025-09-18T13:28:12","guid":{"rendered":"https:\/\/www.europesays.com\/fr\/400023\/"},"modified":"2025-09-18T13:28:12","modified_gmt":"2025-09-18T13:28:12","slug":"6-kings-slam-atp-ils-ont-du-etre-tres-mecontents-de-rune-et-medvedev-lannee-derniere-pour-ne-pas-les-avoir-appeles-et-avoir-convoque-tsitsipas-qui-est-en-tres-mauvaise-forme-depuis-le-debut-de-l","status":"publish","type":"post","link":"https:\/\/www.europesays.com\/fr\/400023\/","title":{"rendered":"6 Kings Slam, ATP > \u00ab\u00a0Ils ont d\u00fb \u00eatre tr\u00e8s m\u00e9contents de Rune et Medvedev l&rsquo;ann\u00e9e derni\u00e8re pour ne pas les avoir appel\u00e9s et avoir convoqu\u00e9 Tsitsipas, qui est en tr\u00e8s mauvaise forme depuis le d\u00e9but de l&rsquo;\u00e9t\u00e9\u00a0\u00bb, remarque Jos\u00e9 Moron"},"content":{"rendered":"<p>Alors qu\u2019elle ambi\u00adtionne de r\u00e9unir les six meilleurs joueurs du monde avec son exhi\u00adbi\u00adtion \u00ab\u202f6 Kings Slam\u202f\u00bb, l\u2019Arabie Saoudite a remplac\u00e9 Jack Draper, forfait jusqu\u2019\u00e0 la fin de saison, par Stefanos Tsitsipas.<\/p>\n<p>Un choix qui a notam\u00adment fait r\u00e9agir le jour\u00adna\u00adliste espa\u00adgnol Jos\u00e9 Moron, suivi par plus de 85 000 personnes sur le r\u00e9seau social X.\u00a0<\/p>\n<p><strong>\u00ab\u202fIls ont d\u00fb \u00eatre tr\u00e8s m\u00e9con\u00adtents de Rune et Medvedev l\u2019ann\u00e9e derni\u00e8re pour ne pas les avoir appel\u00e9s et avoir convoqu\u00e9 Tsitsipas, qui est en tr\u00e8s mauvaise forme depuis le d\u00e9but de\u00a0l\u2019\u00e9t\u00e9.\u202f\u00bb<\/strong><\/p>\n<blockquote class=\"twitter-tweet\">\n<p lang=\"es\" dir=\"ltr\">Deben haber quedado muy descon\u00adtentos con Rune y Medvedev el a\u00f1o pasado para no haberlos llamado y convocar a un Tsitsipas que lleva un verano en un estado de forma tremen\u00adda\u00admente malo. <a href=\"https:\/\/t.co\/Y92KEdQiph\" data-wpel-link=\"external\" target=\"_blank\" rel=\"nofollow external noopener\">https:\/\/t.co\/Y92KEdQiph<\/a><\/p>\n<p>\u2014 Jos\u00e9 Mor\u00f3n (@jmgmoron) <a href=\"https:\/\/twitter.com\/jmgmoron\/status\/1968425065252356436?ref_src=twsrc%5Etfw\" data-wpel-link=\"external\" target=\"_blank\" rel=\"nofollow external noopener\">September 17,\u00a02025<\/a><\/p><\/blockquote>\n<p>A noter que Tsitsipas rejoint sur la ligne de d\u00e9part Carlos Alcaraz, Jannik Sinner, Novak Djokovic, Alexander Zverev et Taylor Fritz.\u00a0<\/p>\n<p class=\"post-published-date\" style=\"color: silver; font-size: 75%; text-align: left;\">Publi\u00e9 le jeudi 18 septembre 2025 \u00e0 11:49<\/p>\n<p><script async src=\"https:\/\/platform.twitter.com\/widgets.js\" charset=\"utf-8\"><\/script><\/p>\n","protected":false},"excerpt":{"rendered":"Alors qu\u2019elle ambi\u00adtionne de r\u00e9unir les six meilleurs joueurs du monde avec son exhi\u00adbi\u00adtion \u00ab\u202f6 Kings Slam\u202f\u00bb, l\u2019Arabie&hellip;\n","protected":false},"author":2,"featured_media":400024,"comment_status":"","ping_status":"","sticky":false,"template":"","format":"standard","meta":{"footnotes":""},"categories":[1415],"tags":[1744,3252,105,4388,1011,27,2127,60,1467,5443,4542],"class_list":{"0":"post-400023","1":"post","2":"type-post","3":"status-publish","4":"format-standard","5":"has-post-thumbnail","7":"category-tennis","8":"tag-alcaraz","9":"tag-daniil-medvedev","10":"tag-djokovic","11":"tag-draper","12":"tag-fr","13":"tag-france","14":"tag-sinner","15":"tag-sports","16":"tag-tennis","17":"tag-tsitsipas","18":"tag-zverev"},"share_on_mastodon":{"url":"https:\/\/pubeurope.com\/@fr\/115225539532111637","error":""},"_links":{"self":[{"href":"https:\/\/www.europesays.com\/fr\/wp-json\/wp\/v2\/posts\/400023","targetHints":{"allow":["GET"]}}],"collection":[{"href":"https:\/\/www.europesays.com\/fr\/wp-json\/wp\/v2\/posts"}],"about":[{"href":"https:\/\/www.europesays.com\/fr\/wp-json\/wp\/v2\/types\/post"}],"author":[{"embeddable":true,"href":"https:\/\/www.europesays.com\/fr\/wp-json\/wp\/v2\/users\/2"}],"replies":[{"embeddable":true,"href":"https:\/\/www.europesays.com\/fr\/wp-json\/wp\/v2\/comments?post=400023"}],"version-history":[{"count":0,"href":"https:\/\/www.europesays.com\/fr\/wp-json\/wp\/v2\/posts\/400023\/revisions"}],"wp:featuredmedia":[{"embeddable":true,"href":"https:\/\/www.europesays.com\/fr\/wp-json\/wp\/v2\/media\/400024"}],"wp:attachment":[{"href":"https:\/\/www.europesays.com\/fr\/wp-json\/wp\/v2\/media?parent=400023"}],"wp:term":[{"taxonomy":"category","embeddable":true,"href":"https:\/\/www.europesays.com\/fr\/wp-json\/wp\/v2\/categories?post=400023"},{"taxonomy":"post_tag","embeddable":true,"href":"https:\/\/www.europesays.com\/fr\/wp-json\/wp\/v2\/tags?post=400023"}],"curies":[{"name":"wp","href":"https:\/\/api.w.org\/{rel}","templated":true}]}}