{"id":400025,"date":"2025-09-18T13:30:11","date_gmt":"2025-09-18T13:30:11","guid":{"rendered":"https:\/\/www.europesays.com\/fr\/400025\/"},"modified":"2025-09-18T13:30:11","modified_gmt":"2025-09-18T13:30:11","slug":"grille-moto2-2026-ce-que-lon-sait","status":"publish","type":"post","link":"https:\/\/www.europesays.com\/fr\/400025\/","title":{"rendered":"Grille Moto2\u2122 2026 : ce que l&rsquo;on sait"},"content":{"rendered":"<p>Alors qu&rsquo;on approche \u00e0 grands pas de la fin de la saison, les teams du Championnat du Monde Moto2\u2122 s&rsquo;activent en interne pour \u00e9tablir leur line-up 2026. Pour l&rsquo;heure, la grille n&rsquo;est pas encore tout \u00e0 faite compl\u00e8te, mais voici ce que l&rsquo;on sait.<\/p>\n<tr style=\"height: 16.7969px;\">\n<td style=\"width: 24.9997%; height: 16.7969px;\"><strong>Teams<\/strong><\/td>\n<td style=\"width: 24.9997%; height: 16.7969px;\"><strong>Ch\u00e2ssis<br \/><\/strong><\/td>\n<td style=\"width: 49.9995%; height: 16.7969px;\"><strong>Pilotes<\/strong><\/td>\n<\/tr>\n<tr>\n<td style=\"width: 24.9997%;\">American Racing Team<\/td>\n<td style=\"width: 24.9997%;\">Kalex<\/td>\n<td style=\"width: 49.9995%;\">\n<ul>\n<li>Joe Roberts<\/li>\n<li>Marcos Ram\u00edrez<\/li>\n<\/ul>\n<\/td>\n<\/tr>\n<tr>\n<td style=\"width: 24.9997%;\">Aspar Team<\/td>\n<td style=\"width: 24.9997%;\">Kalex<\/td>\n<td style=\"width: 49.9995%;\">\n<ul>\n<li>Daniel Holgado<\/li>\n<li>David Alonso<\/li>\n<\/ul>\n<\/td>\n<\/tr>\n<tr>\n<td style=\"width: 24.9997%;\">Fantic Racing<\/td>\n<td style=\"width: 24.9997%;\">Kalex<\/td>\n<td style=\"width: 49.9995%;\">\n<ul>\n<li>Barry Baltus<\/li>\n<li>\u00c0 CONFIRMER<\/li>\n<\/ul>\n<\/td>\n<\/tr>\n<tr>\n<td style=\"width: 24.9997%;\">Gresini Racing Moto2<\/td>\n<td style=\"width: 24.9997%;\">Kalex<\/td>\n<td style=\"width: 49.9995%;\">\n<ul>\n<li>Sergio Garc\u00eda<\/li>\n<li>Alonso L\u00f3pez<\/li>\n<\/ul>\n<\/td>\n<\/tr>\n<tr>\n<td style=\"width: 24.9997%;\">Italtrans Racing Team<\/td>\n<td style=\"width: 24.9997%;\">Kalex<\/td>\n<td style=\"width: 49.9995%;\">\n<ul>\n<li>Adri\u00e1n Huertas<\/li>\n<li>Daniel Mu\u00f1oz<\/li>\n<\/ul>\n<\/td>\n<\/tr>\n<tr>\n<td style=\"width: 24.9997%;\">Liqui Moly Intact GP<\/td>\n<td style=\"width: 24.9997%;\">Kalex<\/td>\n<td style=\"width: 49.9995%;\">\n<ul>\n<li>Senna Aguis\u00a0<\/li>\n<li>Manuel Gonz\u00e1lez<\/li>\n<\/ul>\n<\/td>\n<\/tr>\n<tr>\n<td style=\"width: 24.9997%;\">Marc VDS<\/td>\n<td style=\"width: 24.9997%;\">Boscoscuro<\/td>\n<td style=\"width: 49.9995%;\">\n<\/td>\n<\/tr>\n<tr>\n<td style=\"width: 24.9997%;\">MSI Racing Team<\/td>\n<td style=\"width: 24.9997%;\">Boscoscuro<\/td>\n<td style=\"width: 49.9995%;\">\n<ul>\n<li>\u00c1ngel Piqueras<\/li>\n<li>Iv\u00e1n Ortol\u00e1<\/li>\n<\/ul>\n<\/td>\n<\/tr>\n<tr>\n<td style=\"width: 24.9997%;\">Red Bull KTM Ajo<\/td>\n<td style=\"width: 24.9997%;\">Kalex<\/td>\n<td style=\"width: 49.9995%;\">\n<ul>\n<li>Collin Veijer<\/li>\n<li>Jos\u00e9 Antonio Rueda<\/li>\n<\/ul>\n<\/td>\n<\/tr>\n<tr>\n<td style=\"width: 24.9997%;\">SpeedRS Team<\/td>\n<td style=\"width: 24.9997%;\">Boscoscuro<\/td>\n<td style=\"width: 49.9995%;\">\n<ul>\n<li>Celestino Vietti<\/li>\n<li>Luca Lunetta<\/li>\n<\/ul>\n<\/td>\n<\/tr>\n<p>\u00a0<\/p>\n","protected":false},"excerpt":{"rendered":"Alors qu&rsquo;on approche \u00e0 grands pas de la fin de la saison, les teams du Championnat du Monde&hellip;\n","protected":false},"author":2,"featured_media":400026,"comment_status":"","ping_status":"","sticky":false,"template":"","format":"standard","meta":{"footnotes":""},"categories":[1413],"tags":[1011,27,1457,1456,60,2032],"class_list":{"0":"post-400025","1":"post","2":"type-post","3":"status-publish","4":"format-standard","5":"has-post-thumbnail","7":"category-moto","8":"tag-fr","9":"tag-france","10":"tag-moto","11":"tag-motocycle","12":"tag-sports","13":"tag-text"},"share_on_mastodon":{"url":"https:\/\/pubeurope.com\/@fr\/115225547650490313","error":""},"_links":{"self":[{"href":"https:\/\/www.europesays.com\/fr\/wp-json\/wp\/v2\/posts\/400025","targetHints":{"allow":["GET"]}}],"collection":[{"href":"https:\/\/www.europesays.com\/fr\/wp-json\/wp\/v2\/posts"}],"about":[{"href":"https:\/\/www.europesays.com\/fr\/wp-json\/wp\/v2\/types\/post"}],"author":[{"embeddable":true,"href":"https:\/\/www.europesays.com\/fr\/wp-json\/wp\/v2\/users\/2"}],"replies":[{"embeddable":true,"href":"https:\/\/www.europesays.com\/fr\/wp-json\/wp\/v2\/comments?post=400025"}],"version-history":[{"count":0,"href":"https:\/\/www.europesays.com\/fr\/wp-json\/wp\/v2\/posts\/400025\/revisions"}],"wp:featuredmedia":[{"embeddable":true,"href":"https:\/\/www.europesays.com\/fr\/wp-json\/wp\/v2\/media\/400026"}],"wp:attachment":[{"href":"https:\/\/www.europesays.com\/fr\/wp-json\/wp\/v2\/media?parent=400025"}],"wp:term":[{"taxonomy":"category","embeddable":true,"href":"https:\/\/www.europesays.com\/fr\/wp-json\/wp\/v2\/categories?post=400025"},{"taxonomy":"post_tag","embeddable":true,"href":"https:\/\/www.europesays.com\/fr\/wp-json\/wp\/v2\/tags?post=400025"}],"curies":[{"name":"wp","href":"https:\/\/api.w.org\/{rel}","templated":true}]}}