{"id":400029,"date":"2025-09-18T13:32:11","date_gmt":"2025-09-18T13:32:11","guid":{"rendered":"https:\/\/www.europesays.com\/fr\/400029\/"},"modified":"2025-09-18T13:32:11","modified_gmt":"2025-09-18T13:32:11","slug":"cyclisme-tour-de-slovaquie-paul-magnier-recidive-sur-la-2e-etape-avec-facilite","status":"publish","type":"post","link":"https:\/\/www.europesays.com\/fr\/400029\/","title":{"rendered":"Cyclisme. Tour de Slovaquie &#8211; Paul Magnier r\u00e9cidive sur la 2e \u00e9tape avec facilit\u00e9"},"content":{"rendered":"<p>Apr\u00e8s une premi\u00e8re journ\u00e9e conclue par un sprint massif, la 2e \u00e9tape du <strong><a href=\"https:\/\/www.cyclismactu.net\/..\/news-tour-de-slovaquie-route-paul-magnier-s-impose-devant-lukas-kubis-sur-premiere-etape-90198.html\" target=\"_blank\" rel=\"noopener\">Tour de Slovaquie<\/a><\/strong> promettait un sc\u00e9nario un peu plus ind\u00e9cis ce jeudi, avec un parcours vallonn\u00e9 entre\u00a0Svidn\u00edk et Ko\u0161ice. Mais malgr\u00e9 la pr\u00e9sence\u00a0dans les 50 derniers kilom\u00e8tres de trois bosses qui ont notamment permis \u00e0 la <strong>Visma | Lease a Bike<\/strong> d&rsquo;animer la course de loin avec <strong>Cian Uijtdebroeks<\/strong> puis <strong>Bart Lemmen<\/strong>,\u00a0la derni\u00e8re difficult\u00e9 \u00e9tait finalement trop \u00e9loigner de l&rsquo;arriv\u00e9e pour\u00a0contrecarrer les plans de la <strong>Soudal Quick-Step<\/strong>. Sous l&rsquo;impulsion du Wolfpack, on a finalement assist\u00e9 \u00e0 un regroupement g\u00e9n\u00e9ral \u00e0 15 bornes du but avant un nouvel emballage final domin\u00e9 d&rsquo;une main de ma\u00eetre par <strong><a href=\"https:\/\/www.cyclismactu.net\/..\/news-tour-de-slovaquie-route-paul-magnier-je-realise-une-saison-solide-jusqu-a-present-90201.html\" target=\"_blank\" rel=\"noopener\">Paul Magnier<\/a><\/strong> ! Lanc\u00e9 dans un fauteuil par son train apr\u00e8s un ultime kilom\u00e8tre parfaitement g\u00e9r\u00e9, le Fran\u00e7ais n&rsquo;a eu aucun mal \u00e0 conclure le superbe travail de ses co\u00e9quipiers, devan\u00e7ant comme la veille un\u00a0<strong>Lukas Kubis<\/strong> (Unibet Tietema Rockets) impuissant dans sa roue.<\/p>\n<p>Vid\u00e9o &#8211; Paul Magnier encha\u00eene apr\u00e8s le GP de Fourmies Lire la suite de l&rsquo;article&#13;<\/p>\n<p>\u00a0<\/p>\n<p>&#13;<br \/>\nPaul Magnier en route pour un quadrupl\u00e9 ?&#13;<\/p>\n<p>Le Belge <strong>Milan Menten<\/strong> (Lotto) compl\u00e8te le podium du jour, juste devant le Britannique\u00a0<strong>Matthew Walls<\/strong>, redescendu pour l&rsquo;occasion avec la <strong>Conti Groupama-FDJ<\/strong>. Preuve de la domination de la <strong>Soudal Quick-Step<\/strong>\u00a0dans ce sprint final, les deux derniers lanceurs belges\u00a0<strong>Dries Van Gestel<\/strong> et <strong>Yves Lampaert<\/strong> prennent place dans le top 10, en 6e et 9e position. Le porteur du maillot Jaune conforte lui sa place de leader du classement g\u00e9n\u00e9ral, avec d\u00e9sormais 8 secondes d&rsquo;avance sur le champion de Slovaquie, et 20&Prime; sur le reste du peloton. Une avance qu&rsquo;il aura la possibilit\u00e9 d&rsquo;encore agrandir vendredi et samedi, m\u00eame si la 3e \u00e9tape r\u00e9serve comme aujourd&rsquo;hui de belles mont\u00e9es qu&rsquo;il devra surmonter pour viser le coup du chapeau !<\/p>\n<p>Tour de Slovaquie &#8211; Classement de la 2\u00e8 \u00e9tape Tour de Slovaquie &#8211; Classement g\u00e9n\u00e9ral provisoire apr\u00e8s la 2\u00e8 \u00e9tape<\/p>\n","protected":false},"excerpt":{"rendered":"Apr\u00e8s une premi\u00e8re journ\u00e9e conclue par un sprint massif, la 2e \u00e9tape du Tour de Slovaquie promettait un&hellip;\n","protected":false},"author":2,"featured_media":400030,"comment_status":"","ping_status":"","sticky":false,"template":"","format":"standard","meta":{"footnotes":""},"categories":[1411],"tags":[1154,207,211,1011,27,209,60,210,52724,212,208,213],"class_list":{"0":"post-400029","1":"post","2":"type-post","3":"status-publish","4":"format-standard","5":"has-post-thumbnail","7":"category-cyclisme","8":"tag-cycling","9":"tag-cyclisme","10":"tag-ffc","11":"tag-fr","12":"tag-france","13":"tag-route","14":"tag-sports","15":"tag-tour-de-france","16":"tag-tour-de-slovaquie","17":"tag-uci","18":"tag-velo","19":"tag-world-tour"},"share_on_mastodon":{"url":"https:\/\/pubeurope.com\/@fr\/115225555345983743","error":""},"_links":{"self":[{"href":"https:\/\/www.europesays.com\/fr\/wp-json\/wp\/v2\/posts\/400029","targetHints":{"allow":["GET"]}}],"collection":[{"href":"https:\/\/www.europesays.com\/fr\/wp-json\/wp\/v2\/posts"}],"about":[{"href":"https:\/\/www.europesays.com\/fr\/wp-json\/wp\/v2\/types\/post"}],"author":[{"embeddable":true,"href":"https:\/\/www.europesays.com\/fr\/wp-json\/wp\/v2\/users\/2"}],"replies":[{"embeddable":true,"href":"https:\/\/www.europesays.com\/fr\/wp-json\/wp\/v2\/comments?post=400029"}],"version-history":[{"count":0,"href":"https:\/\/www.europesays.com\/fr\/wp-json\/wp\/v2\/posts\/400029\/revisions"}],"wp:featuredmedia":[{"embeddable":true,"href":"https:\/\/www.europesays.com\/fr\/wp-json\/wp\/v2\/media\/400030"}],"wp:attachment":[{"href":"https:\/\/www.europesays.com\/fr\/wp-json\/wp\/v2\/media?parent=400029"}],"wp:term":[{"taxonomy":"category","embeddable":true,"href":"https:\/\/www.europesays.com\/fr\/wp-json\/wp\/v2\/categories?post=400029"},{"taxonomy":"post_tag","embeddable":true,"href":"https:\/\/www.europesays.com\/fr\/wp-json\/wp\/v2\/tags?post=400029"}],"curies":[{"name":"wp","href":"https:\/\/api.w.org\/{rel}","templated":true}]}}