{"id":40003,"date":"2025-04-20T22:48:25","date_gmt":"2025-04-20T22:48:25","guid":{"rendered":"https:\/\/www.europesays.com\/fr\/40003\/"},"modified":"2025-04-20T22:48:25","modified_gmt":"2025-04-20T22:48:25","slug":"jeremy-frerot-raconte-ses-difficultes-financieres-au-debut-de-sa-carriere-dans-un-dimanche-a-la-campagne","status":"publish","type":"post","link":"https:\/\/www.europesays.com\/fr\/40003\/","title":{"rendered":"J\u00e9r\u00e9my Fr\u00e9rot raconte ses difficult\u00e9s financi\u00e8res au d\u00e9but de sa carri\u00e8re dans Un dimanche \u00e0 la campagne"},"content":{"rendered":"<p>Ce 20 avril, dans Un dimanche \u00e0 la campagne, J\u00e9r\u00e9my Fr\u00e9rot s&rsquo;est laiss\u00e9 aller au jeu des confidences face \u00e0 Fr\u00e9d\u00e9ric Lopez. Le chanteur est revenu sur ses d\u00e9buts de carri\u00e8re avant son passage dans The Voice qui a chang\u00e9 sa vie, et notamment les grosses difficult\u00e9s financi\u00e8res auxquelles il \u00e9tait confront\u00e9. <\/p>\n<p>Ce 20 avril, France 2 proposait un nouveau num\u00e9ro in\u00e9dit d&rsquo;<a href=\"https:\/\/www.programme-tv.net\/news\/tv\/375393-j-ai-peur-de-ca-frederic-lopez-devoile-ce-qu-il-apprehenderait-a-la-place-des-invites-dans-un-dimanche-a-la-campagne\/\" data-api-deeplink=\"teleloisirs:\/\/news\/375393\" target=\"_blank\" rel=\"noopener\">Un dimanche \u00e0 la campagne<\/a>. Fr\u00e9d\u00e9ric Lopez a invit\u00e9 trois c\u00e9l\u00e9brit\u00e9s dans un cadre champ\u00eatre pour <a href=\"https:\/\/www.programme-tv.net\/news\/tv\/375411-un-dimanche-a-la-campagne-les-cameras-sont-elles-cachees-lors-du-tournage-de-l-emission-de-frederic-lopez\/\" data-api-deeplink=\"teleloisirs:\/\/news\/375411\" target=\"_blank\" rel=\"noopener\">revenir sur leur parcours de vie<\/a>, <b>leurs succ\u00e8s, tout comme leurs difficult\u00e9s<\/b>. Le chef cuisinier Thierry Marx, l&rsquo;humoriste <a href=\"https:\/\/www.programme-tv.net\/biographie\/444071-felpin-laura\/\" data-link-people=\"9a8bf9f0-4cb1-469a-85dd-8caed0854356\" target=\"_blank\" rel=\"noopener\">Laura Felpin<\/a> et le chanteur J\u00e9r\u00e9my Fr\u00e9rot se sont laiss\u00e9s convaincre par ce s\u00e9jour au vert, propice aux confidences. L&rsquo;ancien candidat de The Voice 2014, rep\u00e9r\u00e9 par Mika avec son bin\u00f4me Flo Delavega, est revenu sur ses d\u00e9buts dans la musique.<\/p>\n<p>\u00ab\u00a0Tu te d\u00e9brouilles\u00a0\u00bb : J\u00e9r\u00e9my Fr\u00e9rot raconte \u00e0 Fr\u00e9d\u00e9ric Lopez la r\u00e9action de ses parents quand il s&rsquo;est lanc\u00e9 dans la musique dans Un dimanche \u00e0 la campagne<\/p>\n<p>Lorsqu&rsquo;il forme <a href=\"https:\/\/www.programme-tv.net\/news\/musique\/363015-il-y-a-des-envies-evidemment-les-frero-delavega-bientot-de-retour-jeremy-frerot-repond\/\" data-api-deeplink=\"teleloisirs:\/\/news\/363015\" target=\"_blank\" rel=\"noopener\">son duo avec Flo Delavaga<\/a>, J\u00e9r\u00e9my Fr\u00e9rot poste des vid\u00e9os de reprise de chansons et cumule vite des centaines de milliers de vues. Ils sont alors contact\u00e9s par des labels mais J\u00e9r\u00e9my est pour l&rsquo;instant concentr\u00e9 sur ses \u00e9tudes \u00e0 Bordeaux. Pour se rapprocher de son bin\u00f4me, il arrive \u00e0 Paris et change de fac. \u00ab\u00a0<b>Moi je n&rsquo;ai pas d&rsquo;argent, je n&rsquo;ai pas de job. <\/b>Donc quand il faut dire non, je serre les dents parce que c&rsquo;est pay\u00e9 quand m\u00eame\u00a0\u00bb, explique-t-il \u00e0 Fr\u00e9d\u00e9ric Lopez. Ils signent quelque temps plus tard chez Universal Music, tout en faisant des tourn\u00e9es avec des reprises de chansons dans des petites salles. C&rsquo;est \u00e0 ce moment-l\u00e0 que J\u00e9r\u00e9my Fr\u00e9rot abandonne ses \u00e9tudes. \u00ab\u00a0Mes parents me disent : &lsquo;Tu te lances, par contre nous, on ne s\u2019occupe plus de rien du tout&rsquo;. Ce qui \u00e9tait faux, ils m&rsquo;ont toujours soutenu mais ils ont voulu me mettre un coup de pied aux fesses en me disant que je me d\u00e9brouillais tout seul\u00a0\u00bb, d\u00e9taille le chanteur.<\/p>\n<p>                        \u00ab\u00a0C\u2019est tellement dur\u00a0\u00bb : J\u00e9r\u00e9my Fr\u00e9rot revient sur ses d\u00e9buts dans la musique dans Un dimanche \u00e0 la campagne<\/p>\n<p>Mais cette p\u00e9riode qui ancre ses d\u00e9buts dans la musique, est aussi tr\u00e8s difficile pour le jeune homme du Sud Ouest, install\u00e9 en r\u00e9gion parisienne. \u00ab\u00a0<a href=\"https:\/\/www.programme-tv.net\/news\/musique\/360899-exclu-je-suis-tombe-en-depression-jeremy-frerot-nous-devoile-ce-gros-coup-dur-traverse-apres-sa-signature-dans-une-maison-de-disque-avec-flo-delavega\/\" data-api-deeplink=\"teleloisirs:\/\/news\/360899\" target=\"_blank\" rel=\"noopener\">C\u2019est tellement dur<\/a> que <b>tous les week-ends, je paye un billet de train pour rentrer chez moi, c\u2019est 160 \u20ac<\/b> le billet de train, quand on s&rsquo;y prend au dernier moment. Vu que mon salaire n\u2019est pas dingue et qu\u2019il faut que je paye mon loyer, je deviens interdit bancaire, parce que trop d&rsquo;allers-retours\u00a0\u00bb, d\u00e9crit J\u00e9r\u00e9my Fr\u00e9rot. C&rsquo;est \u00e0 ce moment-l\u00e0 que le duo commence \u00e0 \u00e9crire ses propres chansons. \u00ab\u00a0<a href=\"https:\/\/www.programme-tv.net\/news\/people\/352776-tout-le-monde-nous-a-accuse-davoir-triche-jeremy-frerot-revient-sur-sa-participation-a-the-voice-avec-flo-delavega\/\" data-api-deeplink=\"teleloisirs:\/\/news\/352776\" target=\"_blank\" rel=\"noopener\">On finit par dire oui \u00e0 The Voice<\/a> parce que si on fait une apparition c&rsquo;est d\u00e9j\u00e0 g\u00e9nial parce qu&rsquo;on a des chansons\u00a0\u00bb, souligne le chanteur. Mais forc\u00e9ment, cette premi\u00e8re audition \u00e9tait tr\u00e8s importante pour le jeune homme. \u00ab\u00a0Mes parents sont venus et quand tu leur dis j&rsquo;ai tout arr\u00eat\u00e9 pour faire \u00e7a et que \u00e7a ne marche pas, moi <b>je n&rsquo;avais pas envie de retourner dans les loges si \u00e7a ne se retournait pas<\/b>\u00ab\u00a0, se souvient <a href=\"https:\/\/www.programme-tv.net\/news\/people\/375643-j-ai-enleve-un-jour-de-garde-jeremy-frerot-a-demande-une-faveur-a-laure-manaudou-concernant-ses-enfants-pour-se-rendre-sur-le-plateau-de-quotidien\/\" data-api-deeplink=\"teleloisirs:\/\/news\/375643\" target=\"_blank\" rel=\"noopener\">l&rsquo;ex-mari de Laure Manaudou<\/a>, qui a bien fait de tenter sa chance ce jour-l\u00e0.<\/p>\n","protected":false},"excerpt":{"rendered":"Ce 20 avril, dans Un dimanche \u00e0 la campagne, J\u00e9r\u00e9my Fr\u00e9rot s&rsquo;est laiss\u00e9 aller au jeu des confidences&hellip;\n","protected":false},"author":2,"featured_media":40004,"comment_status":"","ping_status":"","sticky":false,"template":"","format":"standard","meta":{"footnotes":""},"categories":[1359],"tags":[244,58,59,1011,27,594,12294,7558,973,12295],"class_list":{"0":"post-40003","1":"post","2":"type-post","3":"status-publish","4":"format-standard","5":"has-post-thumbnail","7":"category-people","8":"tag-commentaire","9":"tag-divertissement","10":"tag-entertainment","11":"tag-fr","12":"tag-france","13":"tag-france-2","14":"tag-fru00e9du00e9ric-lopez","15":"tag-ju00e9ru00e9my-fru00e9rot","16":"tag-people","17":"tag-un-dimanche-u00e0-la-campagne"},"share_on_mastodon":{"url":"https:\/\/pubeurope.com\/@fr\/114372732763649257","error":""},"_links":{"self":[{"href":"https:\/\/www.europesays.com\/fr\/wp-json\/wp\/v2\/posts\/40003","targetHints":{"allow":["GET"]}}],"collection":[{"href":"https:\/\/www.europesays.com\/fr\/wp-json\/wp\/v2\/posts"}],"about":[{"href":"https:\/\/www.europesays.com\/fr\/wp-json\/wp\/v2\/types\/post"}],"author":[{"embeddable":true,"href":"https:\/\/www.europesays.com\/fr\/wp-json\/wp\/v2\/users\/2"}],"replies":[{"embeddable":true,"href":"https:\/\/www.europesays.com\/fr\/wp-json\/wp\/v2\/comments?post=40003"}],"version-history":[{"count":0,"href":"https:\/\/www.europesays.com\/fr\/wp-json\/wp\/v2\/posts\/40003\/revisions"}],"wp:featuredmedia":[{"embeddable":true,"href":"https:\/\/www.europesays.com\/fr\/wp-json\/wp\/v2\/media\/40004"}],"wp:attachment":[{"href":"https:\/\/www.europesays.com\/fr\/wp-json\/wp\/v2\/media?parent=40003"}],"wp:term":[{"taxonomy":"category","embeddable":true,"href":"https:\/\/www.europesays.com\/fr\/wp-json\/wp\/v2\/categories?post=40003"},{"taxonomy":"post_tag","embeddable":true,"href":"https:\/\/www.europesays.com\/fr\/wp-json\/wp\/v2\/tags?post=40003"}],"curies":[{"name":"wp","href":"https:\/\/api.w.org\/{rel}","templated":true}]}}