{"id":400039,"date":"2025-09-18T13:38:11","date_gmt":"2025-09-18T13:38:11","guid":{"rendered":"https:\/\/www.europesays.com\/fr\/400039\/"},"modified":"2025-09-18T13:38:11","modified_gmt":"2025-09-18T13:38:11","slug":"emmanuel-macron-ce-tres-beau-salaire-quun-chroniqueur-de-cyril-hanouna-se-faisait-aupres-de-ses-proches","status":"publish","type":"post","link":"https:\/\/www.europesays.com\/fr\/400039\/","title":{"rendered":"Emmanuel Macron : ce tr\u00e8s beau salaire qu\u2019un chroniqueur de Cyril Hanouna se faisait aupr\u00e8s de ses proches"},"content":{"rendered":"<p data-start=\"481\" data-end=\"887\"><a href=\"https:\/\/www.closermag.fr\/tag\/laurent-fontaine\" target=\"_blank\" rel=\"noopener\">Laurent<br \/>\nFontaine<\/a> n\u2019a jamais cach\u00e9 son int\u00e9r\u00eat pour la politique.<br \/>\nL\u2019ancien complice de <a href=\"https:\/\/www.closermag.fr\/people\/exclu-pascal-bataille-comment-il-surmonte-le-deces-brutal-de-sa-soeur-3549216\" target=\"_blank\" rel=\"noopener\"><br \/>\nPascal Bataille<\/a>, d\u00e9sormais chroniqueur pour <a href=\"https:\/\/www.closermag.fr\/people\/marlene-schiappa-bientot-maman-je-sais-que-cest-cyril-hanouna-manque-de-faire-une-enorme-bourde-en-direct-3580486\" target=\"_blank\" rel=\"noopener\"><br \/>\nCyril Hanouna<\/a>, a surpris en livrant quelques confidences sur<br \/>\nson pass\u00e9 aupr\u00e8s de proches d\u2019<a href=\"https:\/\/www.closermag.fr\/royautes\/brigitte-et-emmanuel-macron-apres-kate-et-william-cette-autre-tete-couronnee-quils-vont-rencontrer-3580287\" target=\"_blank\" rel=\"noopener\">Emmanuel<br \/>\nMacron<\/a>. Invit\u00e9 sur le plateau du Buzz TV, ce mardi 16<br \/>\nseptembre, il a expliqu\u00e9 <strong>avoir particip\u00e9 \u00e0 l\u2019aventure d\u2019En<br \/>\nMarche<\/strong> en proposant ses services de coach en<br \/>\ncommunication.<\/p>\n<p data-start=\"889\" data-end=\"1303\">\u00ab\u00a0J\u2019ai coach\u00e9 les porte-paroles du pr\u00e9sident. J\u2019ai adh\u00e9r\u00e9 \u00e0<br \/>\nEn Marche, je le dis de mani\u00e8re tr\u00e8s honn\u00eate, Renaissance<br \/>\naujourd\u2019hui. Parce que <strong>j\u2019ai cru en Emmanuel<br \/>\nMacron<\/strong>, j\u2019ai trouv\u00e9 que ce type allait apporter quelque<br \/>\nchose de neuf et de diff\u00e9rent, mais \u00e9videmment, si c\u2019\u00e9tait refaire,<br \/>\nje le referais\u00a0\u00bb, a-t-il expliqu\u00e9, avant de pr\u00e9ciser qu\u2019il<br \/>\navait agi par conviction avant tout.<\/p>\n<p>Cyril Hanouna le confronte :<br \/>\n\u00ab\u00a0Tu ne regrettes pas ?\u00a0\u00bb<\/p>\n<p data-start=\"1364\" data-end=\"1761\">Le soir m\u00eame, Cyril Hanouna<br \/>\nest revenu sur le sujet dans son \u00e9mission <a href=\"https:\/\/www.closermag.fr\/tag\/tout-n9uf\" target=\"_blank\" rel=\"noopener\">Tout beau tout<br \/>\nn9uf<\/a>. Face au nouveau pr\u00e9sentateur star de W9, Laurent<br \/>\nFontaine a confirm\u00e9 qu\u2019il n\u2019avait aucun regret concernant cet<br \/>\nengagement. \u00ab\u00a0Tu ne regrettes<br \/>\npas ?\u00a0\u00bb, lui a lanc\u00e9 Hanouna. Ce \u00e0 quoi il a r\u00e9pondu sans<br \/>\nh\u00e9siter : \u00ab\u00a0Non, je ne<br \/>\nregrette pas. <strong>J\u2019ai m\u00eame revot\u00e9 pour lui en 2022.<\/strong><br \/>\nJ\u2019aurais un peu de mal \u00e0 dire que je regrette.\u00a0\u00bb<\/p>\n<p data-start=\"1763\" data-end=\"2029\">Une r\u00e9ponse qui a relanc\u00e9 la<br \/>\ncuriosit\u00e9 des chroniqueurs autour de la table, notamment <a href=\"https:\/\/www.closermag.fr\/people\/matthieu-delormeau-fait-machine-arriere-mea-culpa-monstre-apres-avoir-accuse-gilles-verdez-dantisemite-et-dhomophobe-3579801\" target=\"_blank\" rel=\"noopener\"><br \/>\nGilles Verdez.<\/a> Ce dernier n\u2019a pas r\u00e9sist\u00e9 \u00e0 l\u2019envie de poser la<br \/>\nquestion que tout le monde attendait : combien Laurent Fontaine<br \/>\n<strong>avait gagn\u00e9<\/strong> en coachant les proches du pr\u00e9sident<br \/>\n?<\/p>\n<p>De<br \/>\nb\u00e9n\u00e9vole\u2026 \u00e0 700 euros de l\u2019heure !<\/p>\n<p data-start=\"2073\" data-end=\"2467\">Pris de court, Laurent<br \/>\nFontaine a d\u2019abord pr\u00e9cis\u00e9 qu\u2019il avait travaill\u00e9 b\u00e9n\u00e9volement lors<br \/>\nde la campagne. \u00ab\u00a0Pendant<br \/>\ntoute la p\u00e9riode d\u2019En Marche, quand j\u2019ai coach\u00e9 <a href=\"https:\/\/www.closermag.fr\/tag\/christophe-castaner\" target=\"_blank\" rel=\"noopener\">Christophe<br \/>\nCastaner<\/a> et <a href=\"https:\/\/www.closermag.fr\/people\/joyce-jonathan-en-corse-elle-passe-du-bon-temps-avec-son-ex-gabriel-attal-3571403\" target=\"_blank\" rel=\"noopener\"><br \/>\nGabriel Attal<\/a>, les porte-parole du candidat, <strong>je n\u2019ai<br \/>\njamais \u00e9t\u00e9 pay\u00e9<\/strong>, je l\u2019ai fait b\u00e9n\u00e9volement et tu pourras<br \/>\ncontr\u00f4ler\u00a0\u00bb, a-t-il affirm\u00e9, avant d\u2019\u00eatre interrompu par Jordan<br \/>\nde Luxe, visiblement sceptique.<\/p>\n<p data-start=\"2469\" data-end=\"2975\">Mais l\u2019ancien animateur n\u2019a<br \/>\npas esquiv\u00e9 et a enfin fini par r\u00e9v\u00e9ler le montant per\u00e7u par la<br \/>\nsuite. \u00ab\u00a0Pour r\u00e9pondre<br \/>\ncompl\u00e8tement \u00e0 la question, parce que je suis cash, l\u00e0 encore,<br \/>\nensuite <strong>c\u2019\u00e9tait entre 500 et 700 euros de l\u2019heure<\/strong>,<br \/>\nmais quand ils \u00e9taient en responsabilit\u00e9 et que j\u2019ai continu\u00e9 \u00e0<br \/>\nbosser avec Julien Denormandie par exemple, avec quelques<br \/>\npersonnalit\u00e9s qui sont devenues ministres. Donc l\u00e0, oui, c\u2019\u00e9tait<br \/>\ndans un cadre diff\u00e9rent, mais pendant toute la campagne<br \/>\npr\u00e9sidentielle, je l\u2019ai fait gratos.\u00a0\u00bb\u00a0De quoi provoquer<br \/>\nquelques sourires g\u00ean\u00e9s autour de la table&#8230; et beaucoup de<br \/>\ncuriosit\u00e9 chez les t\u00e9l\u00e9spectateurs<\/p>\n","protected":false},"excerpt":{"rendered":"Laurent Fontaine n\u2019a jamais cach\u00e9 son int\u00e9r\u00eat pour la politique. L\u2019ancien complice de Pascal Bataille, d\u00e9sormais chroniqueur pour&hellip;\n","protected":false},"author":2,"featured_media":400040,"comment_status":"","ping_status":"","sticky":false,"template":"","format":"standard","meta":{"footnotes":""},"categories":[1356],"tags":[548,1083,58,1073,59,1011,27,14688,316,14099,252,22497,49534,1364],"class_list":{"0":"post-400039","1":"post","2":"type-post","3":"status-publish","4":"format-standard","5":"has-post-thumbnail","7":"category-television","8":"tag-article-simple","9":"tag-cyril-hanouna","10":"tag-divertissement","11":"tag-emmanuel-macron","12":"tag-entertainment","13":"tag-fr","14":"tag-france","15":"tag-laurent-fontaine","16":"tag-politique","17":"tag-salaire","18":"tag-television","19":"tag-tout-beau","20":"tag-tout-n9uf","21":"tag-tv"},"share_on_mastodon":{"url":"https:\/\/pubeurope.com\/@fr\/115225578983834728","error":""},"_links":{"self":[{"href":"https:\/\/www.europesays.com\/fr\/wp-json\/wp\/v2\/posts\/400039","targetHints":{"allow":["GET"]}}],"collection":[{"href":"https:\/\/www.europesays.com\/fr\/wp-json\/wp\/v2\/posts"}],"about":[{"href":"https:\/\/www.europesays.com\/fr\/wp-json\/wp\/v2\/types\/post"}],"author":[{"embeddable":true,"href":"https:\/\/www.europesays.com\/fr\/wp-json\/wp\/v2\/users\/2"}],"replies":[{"embeddable":true,"href":"https:\/\/www.europesays.com\/fr\/wp-json\/wp\/v2\/comments?post=400039"}],"version-history":[{"count":0,"href":"https:\/\/www.europesays.com\/fr\/wp-json\/wp\/v2\/posts\/400039\/revisions"}],"wp:featuredmedia":[{"embeddable":true,"href":"https:\/\/www.europesays.com\/fr\/wp-json\/wp\/v2\/media\/400040"}],"wp:attachment":[{"href":"https:\/\/www.europesays.com\/fr\/wp-json\/wp\/v2\/media?parent=400039"}],"wp:term":[{"taxonomy":"category","embeddable":true,"href":"https:\/\/www.europesays.com\/fr\/wp-json\/wp\/v2\/categories?post=400039"},{"taxonomy":"post_tag","embeddable":true,"href":"https:\/\/www.europesays.com\/fr\/wp-json\/wp\/v2\/tags?post=400039"}],"curies":[{"name":"wp","href":"https:\/\/api.w.org\/{rel}","templated":true}]}}