{"id":400043,"date":"2025-09-18T13:40:17","date_gmt":"2025-09-18T13:40:17","guid":{"rendered":"https:\/\/www.europesays.com\/fr\/400043\/"},"modified":"2025-09-18T13:40:17","modified_gmt":"2025-09-18T13:40:17","slug":"ryan-gosling-en-tenue-de-contrebandier-sur-la-premiere-image-de-star-wars-starfighter","status":"publish","type":"post","link":"https:\/\/www.europesays.com\/fr\/400043\/","title":{"rendered":"Ryan Gosling en tenue de contrebandier sur la premi\u00e8re image de Star Wars\u00a0:\u00a0Starfighter"},"content":{"rendered":"<p>L\u2019acteur canadien, star de La La Land et Barbie, d\u00e9barque dans l\u2019univers intergalactique imagin\u00e9 par George Lucas. La sortie du film est annonc\u00e9e pour mai 2027.<\/p>\n<p class=\"fig-paragraph\">La saga\u00a0<a href=\"http:\/\/www.lefigaro.fr\/cinema\/la-version-originale-de-star-wars-un-nouvel-espoir-projetee-pour-la-premiere-fois-en-47-ans-20250421\" data-fig-type=\"Article\" data-gtm-custom-categorie=\"navigation\" data-gtm-custom-action=\"crossclick\" data-gtm-custom-label=\"Contextuel\" data-gtm-event=\"customEventSPE\" data-fig-domain=\"LEFIGARO\" target=\"_blank\" rel=\"noopener\">Star Wars<\/a> \u00a0reprend du service. Dans un peu moins de deux ans, les fans de la franchise intergalactique se donneront \u00e0 c\u0153ur joie de d\u00e9couvrir\u00a0<a href=\"http:\/\/www.lefigaro.fr\/cinema\/ryan-gosling-et-sigourney-weaver-rejoignent-l-univers-star-wars-20250418\" data-fig-type=\"Article\" data-gtm-custom-categorie=\"navigation\" data-gtm-custom-action=\"crossclick\" data-gtm-custom-label=\"Contextuel\" data-gtm-event=\"customEventSPE\" data-fig-domain=\"LEFIGARO\" target=\"_blank\" rel=\"noopener\">l\u2019\u00e9pisode Starfighter<\/a>, potentiel lancement d\u2019une nouvelle trilogie des studios Disney. Mercredi 17 septembre,\u00a0<a href=\"https:\/\/www.lefigaro.fr\/cinema\/free-guy-de-shawn-levy-jeu-est-un-autre-20210810\" data-fig-type=\"Article\" data-gtm-custom-categorie=\"navigation\" data-gtm-custom-action=\"crossclick\" data-gtm-custom-label=\"Contextuel\" data-gtm-event=\"customEventSPE\" data-fig-domain=\"LEFIGARO\" target=\"_blank\" rel=\"noopener\">Shawn Levy<\/a>, le r\u00e9alisateur du futur long-m\u00e9trage dont les \u00e9v\u00e9nements se d\u00e9rouleront apr\u00e8s ceux de\u00a0<a href=\"https:\/\/www.lefigaro.fr\/cinema\/star-wars-ecrase-le-box-office-americain-avec-l-ascension-de-skywalker-20191222\" data-fig-type=\"Article\" data-gtm-custom-categorie=\"navigation\" data-gtm-custom-action=\"crossclick\" data-gtm-custom-label=\"Contextuel\" data-gtm-event=\"customEventSPE\" data-fig-domain=\"LEFIGARO\" target=\"_blank\" rel=\"noopener\">Star Wars\u00a0: \u00c9pisode IX \u2014 L\u2019Ascension de Skywalker\u00a0<\/a> (2019), a d\u00e9voil\u00e9 une premi\u00e8re image sur laquelle\u00a0<a href=\"http:\/\/www.lefigaro.fr\/cinema\/ryan-gosling-sauve-la-terre-dans-la-bande-annonce-de-project-hail-mary-20250701\" data-fig-type=\"Article\" data-gtm-custom-categorie=\"navigation\" data-gtm-custom-action=\"crossclick\" data-gtm-custom-label=\"Contextuel\" data-gtm-event=\"customEventSPE\" data-fig-domain=\"LEFIGARO\" target=\"_blank\" rel=\"noopener\">Ryan Gosling\u00a0<\/a>(Barbie, La La Land) appara\u00eet dans une tenue de contrebandier aux c\u00f4t\u00e9s du jeune Flynn Gray.<\/p>\n<p class=\"fig-paragraph\">Les deux acteurs semblent perdus au milieu de l\u2019oc\u00e9an sur une embarcation de fortune. Un paysage in\u00e9dit, la franchise nous ayant habitu\u00e9s aux d\u00e9cors d\u00e9sertiques de Tatooine et Jakku, ou encore aux jungles d\u2019Endor et d\u2019Oderon. Le cin\u00e9aste, auteur du r\u00e9cent\u00a0<a href=\"http:\/\/www.lefigaro.fr\/culture\/deadpool-wolverine-on-a-trouve-les-muscles-on-cherche-encore-les-neurones-20240724\" data-fig-type=\"Article\" data-gtm-custom-categorie=\"navigation\" data-gtm-custom-action=\"crossclick\" data-gtm-custom-label=\"Contextuel\" data-gtm-event=\"customEventSPE\" data-fig-domain=\"LEFIGARO\" target=\"_blank\" rel=\"noopener\">Deadpool &amp; Wolverine<\/a> \u00a0pour Marvel et de la saga\u00a0<a href=\"http:\/\/www.lefigaro.fr\/cinema\/vingt-ans-apres-la-nuit-au-musee-va-avoir-le-droit-a-son-remake-avec-de-nouveaux-personnages-20250713\" data-fig-type=\"Article\" data-gtm-custom-categorie=\"navigation\" data-gtm-custom-action=\"crossclick\" data-gtm-custom-label=\"Contextuel\" data-gtm-event=\"customEventSPE\" data-fig-domain=\"LEFIGARO\" target=\"_blank\" rel=\"noopener\">La Nuit au mus\u00e9e<\/a>, a ajout\u00e9 une l\u00e9gende au-dessus l\u2019image\u00a0:\u00a0\u00ab\u00a0Quelque part dans la mer M\u00e9diterran\u00e9e.\u00a0\u00bb Le tournage, lanc\u00e9 le 28 ao\u00fbt, se tient actuellement dans les eaux turquoise de la grande bleue. Le reste de la production, assur\u00e9e par\u00a0<a href=\"http:\/\/www.lefigaro.fr\/flash-eco\/disney-va-fermer-le-studio-d-animation-de-lucasfilm-a-singapour-20230816\" data-fig-type=\"NewsFlash\" data-gtm-custom-categorie=\"navigation\" data-gtm-custom-action=\"crossclick\" data-gtm-custom-label=\"Contextuel\" data-gtm-event=\"customEventSPE\" data-fig-domain=\"LEFIGARO\" target=\"_blank\" rel=\"noopener\">Lucasfilm<\/a>, a lieu dans les studios de Pinewood au Royaume-Uni, une base fr\u00e9quent\u00e9e lors des tournages de nombreux autres titres de la franchise Star Wars.<\/p>\n<p>                                    <a class=\"fig-a11y-skip a11y-hidden\" href=\"#fig-a11y-skip-main-inarticle\"><br \/>\n        Passer la publicit\u00e9<br \/>\n    <\/a><\/p>\n<p>Casting cinq \u00e9toiles<\/p>\n<p class=\"fig-paragraph\">Ryan Gosling, que l\u2019on sait au casting depuis le mois d\u2019avril, partage le plateau avec\u00a0<a href=\"http:\/\/www.lefigaro.fr\/cinema\/apres-les-films-d-horreurs-l-actrice-mia-goth-rejoint-la-galaxie-star-wars-20250611\" target=\"_blank\" data-fig-type=\"Article\" rel=\"noopener\" data-gtm-custom-categorie=\"navigation\" data-gtm-custom-action=\"crossclick\" data-gtm-custom-label=\"Contextuel\" data-gtm-event=\"customEventSPE\" data-fig-domain=\"LEFIGARO\">Mia Goth<\/a>, trentenaire qui s\u2019est illustr\u00e9e dans des productions horrifiques, mais aussi Aaron Pierre, r\u00e9v\u00e9l\u00e9 dans la s\u00e9rie de super-h\u00e9ros Krypton. Il est \u00e9galement accompagn\u00e9 de Simon Bird, grand habitu\u00e9 de la com\u00e9die, Jamael Westman, aper\u00e7u dans le film de Netflix L\u2019effet veuf, ou encore Amy Adams et sa riche carri\u00e8re \u00e0 Hollywood, o\u00f9 elle a tourn\u00e9 pour Denis Villeneuve, Tom Ford et\u00a0<a href=\"https:\/\/www.lefigaro.fr\/cinema\/2019\/02\/12\/03002-20190212ARTFIG00146--vice-amy-adamsdans-l-ombre-du-pouvoir-avec-dick-cheney.php\" target=\"_blank\" data-fig-type=\"Article\" rel=\"noopener\" data-gtm-custom-categorie=\"navigation\" data-gtm-custom-action=\"crossclick\" data-gtm-custom-label=\"Contextuel\" data-gtm-event=\"customEventSPE\" data-fig-domain=\"LEFIGARO\">Adam McKay.<\/a><\/p>\n<p class=\"fig-paragraph\">Le Britannique Matt Smith compl\u00e8te\u00a0<a href=\"http:\/\/www.lefigaro.fr\/cinema\/quel-casting-pour-starfighter-futur-vaisseau-amiral-de-star-wars-au-cinema-20250829\" data-fig-type=\"Article\" data-gtm-custom-categorie=\"navigation\" data-gtm-custom-action=\"crossclick\" data-gtm-custom-label=\"Contextuel\" data-gtm-event=\"customEventSPE\" data-fig-domain=\"LEFIGARO\" target=\"_blank\" rel=\"noopener\">le casting.\u00a0<\/a>Il est connu pour son interpr\u00e9tation de\u00a0<a href=\"https:\/\/madame.lefigaro.fr\/celebrites\/video-a-feu-et-a-sang-matt-smith-incarne-limpitoyable-daemon-targaryen-dans-le-trailer-de-house-of-the-dragon-051021-198585\" target=\"_blank\" data-fig-type=\"Article\" rel=\"noopener\" data-gtm-custom-categorie=\"navigation\" data-gtm-custom-action=\"crossclick\" data-gtm-custom-label=\"Contextuel\" data-gtm-event=\"customEventSPE\" data-fig-domain=\"MADAME\">Daemon Targaryen\u00a0<\/a>dans la s\u00e9rie House of the Dragon, ou plus r\u00e9cemment celle de Russ dans le\u00a0<a href=\"http:\/\/www.lefigaro.fr\/cinema\/notre-critique-de-pris-au-piege-caught-stealing-darren-aronofsky-malmene-austin-butler-20250826\" target=\"_blank\" data-fig-type=\"Article\" rel=\"noopener\" data-gtm-custom-categorie=\"navigation\" data-gtm-custom-action=\"crossclick\" data-gtm-custom-label=\"Contextuel\" data-gtm-event=\"customEventSPE\" data-fig-domain=\"LEFIGARO\">dernier film tr\u00e8s fantasque<\/a>\u00a0de Darren Aronofsky intitul\u00e9 Pris au pi\u00e8ge. L\u2019acteur jouera les grands m\u00e9chants et aura la lourde t\u00e2che de succ\u00e9der \u00e0<a href=\"http:\/\/www.lefigaro.fr\/jeux-video\/la-voix-de-dark-vador-reconstituee-par-ia-pour-le-jeu-fortnite-suscite-une-levee-de-bouclier-aux-etats-unis-20250521\" data-fig-type=\"Article\" data-gtm-custom-categorie=\"navigation\" data-gtm-custom-action=\"crossclick\" data-gtm-custom-label=\"Contextuel\" data-gtm-event=\"customEventSPE\" data-fig-domain=\"LEFIGARO\" target=\"_blank\" rel=\"noopener\">\u00a0Dark Vador<\/a>\u00a0et Palpatine. Il fera sans doute mieux que le personnage de\u00a0<a href=\"https:\/\/www.lefigaro.fr\/cinema\/2015\/11\/27\/03002-20151127ARTFIG00023--star-wars-vii-le-mechant-kylo-ren-au-centre-du-nouveau-spot.php\" data-fig-type=\"Article\" data-gtm-custom-categorie=\"navigation\" data-gtm-custom-action=\"crossclick\" data-gtm-custom-label=\"Contextuel\" data-gtm-event=\"customEventSPE\" data-fig-domain=\"LEFIGARO\" target=\"_blank\" rel=\"noopener\">Kylo Ren<\/a>, bien trop sensible pour repr\u00e9senter le c\u00f4t\u00e9 obscur de la force.<\/p>\n<p class=\"fig-body-link\">\n            \u00c0 lire aussi<br \/>\n        <a class=\"fig-body-link__link fig-premium-mark\" href=\"http:\/\/www.lefigaro.fr\/vox\/culture\/personnage-transgenre-dans-star-wars-disney-toujours-plus-woke-toujours-moins-populaire-20241015\" target=\"_blank\" data-fig-type=\"Article\" rel=\"noopener\" data-gtm-custom-categorie=\"navigation\" data-gtm-custom-action=\"crossclick\" data-gtm-custom-label=\"Contextuel\" data-gtm-event=\"customEventSPE\" data-fig-domain=\"LEFIGARO\">Personnage transgenre dans Star Wars: \u00abDisney toujours plus woke, toujours moins populaire\u00a0?\u00bb<br \/>\n    <\/a>\n<\/p>\n<p class=\"fig-paragraph\">Quid du sc\u00e9nario de Jonathan Tropper\u00a0?\u00a0Pour le moment, rien n\u2019a \u00e9t\u00e9 d\u00e9voil\u00e9 du c\u00f4t\u00e9 de Disney, d\u00e9tenteur des droits de la production depuis 2012 et artisan des \u00e9checs, non pas commerciaux mais aupr\u00e8s de la critique, des trois derniers \u00e9pisodes de la saga. Selon Lucasfilm, il s\u2019agirait d\u2019une \u00ab\u00a0histoire enti\u00e8rement originale se d\u00e9roulant \u00e0 une \u00e9poque jamais explor\u00e9e dans Star Wars\u00a0\u00bb.<\/p>\n<p class=\"fig-paragraph\">Les fans devront s\u2019armer de patience avant de d\u00e9couvrir les d\u00e9tails de l\u2019intrigue. La sortie de Starfighter est pr\u00e9vue pour le 26 mai 2027 en France, un an apr\u00e8s celle de\u00a0<a href=\"http:\/\/www.lefigaro.fr\/cinema\/avatar-3-la-reine-des-neiges-3-et-4-toy-story-5-the-mandalorian-and-grogu-les-annonces-cinema-de-disney-au-d23-20240810\" data-fig-type=\"Article\" data-gtm-custom-categorie=\"navigation\" data-gtm-custom-action=\"crossclick\" data-gtm-custom-label=\"Contextuel\" data-gtm-event=\"customEventSPE\" data-fig-domain=\"LEFIGARO\" target=\"_blank\" rel=\"noopener\">The Mandalorian &amp; Grogu<\/a> , suite de la s\u00e9rie \u00e9ponyme diffus\u00e9e sur Disney+ depuis 2019, qui sera r\u00e9alis\u00e9e par\u00a0<a href=\"https:\/\/www.lefigaro.fr\/cinema\/le-roi-lion-je-veux-servir-les-fans-avant-tout-explique-le-realisateur-jon-favreau-20190716\" data-fig-type=\"Article\" data-gtm-custom-categorie=\"navigation\" data-gtm-custom-action=\"crossclick\" data-gtm-custom-label=\"Contextuel\" data-gtm-event=\"customEventSPE\" data-fig-domain=\"LEFIGARO\" target=\"_blank\" rel=\"noopener\">Jon Favreau<\/a>, formidable interpr\u00e8te de Happy dans le Marvel Cinematic Universe (MCU) depuis 2008.<\/p>\n","protected":false},"excerpt":{"rendered":"L\u2019acteur canadien, star de La La Land et Barbie, d\u00e9barque dans l\u2019univers intergalactique imagin\u00e9 par George Lucas. La&hellip;\n","protected":false},"author":2,"featured_media":400044,"comment_status":"","ping_status":"","sticky":false,"template":"","format":"standard","meta":{"footnotes":""},"categories":[1354],"tags":[58,59,1346,1011,27,1360,46143,1480],"class_list":{"0":"post-400043","1":"post","2":"type-post","3":"status-publish","4":"format-standard","5":"has-post-thumbnail","7":"category-films","8":"tag-divertissement","9":"tag-entertainment","10":"tag-films","11":"tag-fr","12":"tag-france","13":"tag-movies","14":"tag-ryan-gosling","15":"tag-star-wars"},"share_on_mastodon":{"url":"https:\/\/pubeurope.com\/@fr\/115225586783294006","error":""},"_links":{"self":[{"href":"https:\/\/www.europesays.com\/fr\/wp-json\/wp\/v2\/posts\/400043","targetHints":{"allow":["GET"]}}],"collection":[{"href":"https:\/\/www.europesays.com\/fr\/wp-json\/wp\/v2\/posts"}],"about":[{"href":"https:\/\/www.europesays.com\/fr\/wp-json\/wp\/v2\/types\/post"}],"author":[{"embeddable":true,"href":"https:\/\/www.europesays.com\/fr\/wp-json\/wp\/v2\/users\/2"}],"replies":[{"embeddable":true,"href":"https:\/\/www.europesays.com\/fr\/wp-json\/wp\/v2\/comments?post=400043"}],"version-history":[{"count":0,"href":"https:\/\/www.europesays.com\/fr\/wp-json\/wp\/v2\/posts\/400043\/revisions"}],"wp:featuredmedia":[{"embeddable":true,"href":"https:\/\/www.europesays.com\/fr\/wp-json\/wp\/v2\/media\/400044"}],"wp:attachment":[{"href":"https:\/\/www.europesays.com\/fr\/wp-json\/wp\/v2\/media?parent=400043"}],"wp:term":[{"taxonomy":"category","embeddable":true,"href":"https:\/\/www.europesays.com\/fr\/wp-json\/wp\/v2\/categories?post=400043"},{"taxonomy":"post_tag","embeddable":true,"href":"https:\/\/www.europesays.com\/fr\/wp-json\/wp\/v2\/tags?post=400043"}],"curies":[{"name":"wp","href":"https:\/\/api.w.org\/{rel}","templated":true}]}}