{"id":400045,"date":"2025-09-18T13:41:11","date_gmt":"2025-09-18T13:41:11","guid":{"rendered":"https:\/\/www.europesays.com\/fr\/400045\/"},"modified":"2025-09-18T13:41:11","modified_gmt":"2025-09-18T13:41:11","slug":"aux-etats-unis-des-experts-tres-contestes-se-reunissent-pour-etudier-les-recommandations-vaccinales","status":"publish","type":"post","link":"https:\/\/www.europesays.com\/fr\/400045\/","title":{"rendered":"Aux \u00c9tats-Unis, des experts tr\u00e8s contest\u00e9s se r\u00e9unissent pour \u00e9tudier les recommandations vaccinales"},"content":{"rendered":"<p>                             Par Le Figaro avec AFP<\/p>\n<p>                Le 18 septembre 2025 \u00e0 09h16<\/p>\n<p>    Le Comit\u00e9 consultatif sur les pratiques de vaccination (ACIP) doit se prononcer ce jeudi contre deux vaccins infantiles (le premier contre la rougeole, les oreillons, la rub\u00e9ole et la varicelle, le second contre l\u2019h\u00e9patite B) et vendredi sur les vaccins contre le Covid-19.<br \/>\n                Konstantin Yuganov \/ Konstantin Yuganov &#8211; stock.adobe<\/p>\n<p>Charg\u00e9s de conseiller les autorit\u00e9s sur les recommandations am\u00e9ricaines en mati\u00e8re de politique vaccinale, les experts nouvellement nomm\u00e9s par l\u2019administration Trump sont d\u00e9cri\u00e9s pour leurs positions antivaccins.<\/p>\n<p class=\"fig-paragraph\">C\u2019est un rendez-vous d\u2019ordinaire routinier, mais qui suscite une vive inqui\u00e9tude chez de nombreux scientifiques\u00a0: ce jeudi, le Comit\u00e9 consultatif sur les pratiques de vaccination (ACIP) se r\u00e9unit \u00e0 Atlanta (\u00c9tats-Unis) pour examiner les recommandations vaccinales faites aux Am\u00e9ricains. Avec des experts\u00a0<a href=\"http:\/\/www.lefigaro.fr\/international\/le-ministre-de-la-sante-americain-congedie-tous-les-experts-d-un-important-panel-sur-les-vaccins-20250610\" data-fig-type=\"NewsFlash\" data-gtm-custom-categorie=\"navigation\" data-gtm-custom-action=\"crossclick\" data-gtm-custom-label=\"Contextuel\" data-gtm-event=\"customEventSPE\" data-fig-domain=\"LEFIGARO\" target=\"_blank\" rel=\"noopener\">r\u00e9cemment nomm\u00e9s par le ministre de la Sant\u00e9<\/a>\u00a0de Donald Trump et pour beaucoup d\u00e9cri\u00e9s pour\u00a0<a href=\"http:\/\/www.lefigaro.fr\/international\/la-remise-en-cause-des-politiques-de-vaccination-par-robert-kennedy-jr-ouvre-une-crise-au-sein-de-la-sante-publique-20250829\" data-fig-type=\"Article\" data-gtm-custom-categorie=\"navigation\" data-gtm-custom-action=\"crossclick\" data-gtm-custom-label=\"Contextuel\" data-gtm-event=\"customEventSPE\" data-fig-domain=\"LEFIGARO\" target=\"_blank\" rel=\"noopener\">leurs positions antivaccins<\/a>.<\/p>\n<p class=\"fig-paragraph\">\u00ab\u00a0Les enjeux sont consid\u00e9rables\u00a0\u00bb, alerte aupr\u00e8s de l&rsquo;AFP Syra Madad, \u00e9pid\u00e9miologiste, en amont de cette r\u00e9union qui s&rsquo;\u00e9talera sur deux jours et portera sur deux vaccins infantiles (le premier contre la rougeole, les oreillons, la rub\u00e9ole et la varicelle, le second contre l\u2019h\u00e9patite B) ainsi que sur les vaccins contre le Covid-19. Comme elle, de nombreux experts craignent que cet examen n&rsquo;aboutisse \u00e0 des restrictions d&rsquo;acc\u00e8s, alors m\u00eame que les taux de vaccination du pays \u00e9voluent \u00e0 la baisse depuis la pand\u00e9mie et font craindre le retour de maladies contagieuses mortelles, comme la rougeole.<\/p>\n<p>                                    <a class=\"fig-a11y-skip a11y-hidden\" href=\"#fig-a11y-skip-main-inarticle\"><br \/>\n        Passer la publicit\u00e9<br \/>\n    <\/a><\/p>\n<p>\u00ab\u00a0Conclusions pr\u00e9\u00e9tablies\u00a0\u00bb<\/p>\n<p class=\"fig-paragraph\">Apr\u00e8s avoir limog\u00e9 en juin l&rsquo;ensemble des experts de ce groupe, le ministre de la Sant\u00e9 am\u00e9ricain Robert Kennedy Jr, contest\u00e9 pour ses positions antivaccins, y a nomm\u00e9 des figures de son choix, pour la plupart d\u00e9cri\u00e9es. Ces derniers ont pour responsabilit\u00e9 de conseiller les CDC, principale agence sanitaire du pays, sur les recommandations en mati\u00e8re de vaccination.<\/p>\n<p class=\"fig-paragraph\">Or, selon l&rsquo;ex-directrice de cette agence, qui a \u00e9galement \u00e9t\u00e9 limog\u00e9e avec fracas en ao\u00fbt, les recommandations \u00e0 venir seraient bas\u00e9es sur des \u00ab\u00a0conclusions pr\u00e9\u00e9tablies\u00a0\u00bb. Interrog\u00e9e mercredi par une commission s\u00e9natoriale sur les raisons de son \u00e9viction, Susan Monarez a expliqu\u00e9 que le ministre de la Sant\u00e9 lui avait demand\u00e9 de s&rsquo;engager \u00e0 soutenir une modification du calendrier vaccinal. \u00ab\u00a0Il n&rsquo;avait aucune donn\u00e9e ni aucune preuve scientifique \u00e0 l&rsquo;appui\u00a0\u00bb de ce projet, a-t-elle assur\u00e9 aux parlementaires, en insistant sur le r\u00f4le crucial jou\u00e9 par les vaccins dans les politiques de sant\u00e9 publique. \u00ab\u00a0Nous nous sommes battus tellement dur pour vaincre la polio, la rougeole, la dipht\u00e9rie et beaucoup d&rsquo;autres maladies. Revenir sur ces progr\u00e8s serait non seulement irresponsable, mais trahirait toutes les familles qui nous font confiance pour prot\u00e9ger leur sant\u00e9\u00a0\u00bb, a-t-elle aussi lanc\u00e9.<\/p>\n<p class=\"fig-paragraph\">Questionn\u00e9 plus t\u00f4t sur le sujet, Robert Kennedy Jr avait lui r\u00e9fut\u00e9 toute pression. Ces changements brutaux, qui se sont ajout\u00e9s \u00e0 des coupes budg\u00e9taires et des suppressions de postes importantes, ont provoqu\u00e9 une crise importante dans les agences sanitaires f\u00e9d\u00e9rales.<\/p>\n<p>La question de l\u2019acc\u00e8s aux vaccins<\/p>\n<p class=\"fig-paragraph\">Consid\u00e9rant que la fiabilit\u00e9 de ces derni\u00e8res \u00e9tait compromise, l&rsquo;Acad\u00e9mie am\u00e9ricaine de p\u00e9diatrie (AAP) et\u00a0<a href=\"http:\/\/sante.lefigaro.fr\/social\/sante-publique\/aux-etats-unis-les-etats-republicains-et-democrates-s-affrontent-sur-les-vaccins-obligatoires-20250903\" data-fig-type=\"NewsFlash\" data-gtm-custom-categorie=\"navigation\" data-gtm-custom-action=\"crossclick\" data-gtm-custom-label=\"Contextuel\" data-gtm-event=\"customEventSPE\" data-fig-domain=\"SANTE\" target=\"_blank\" rel=\"noopener\">plusieurs \u00c9tats de l&rsquo;ouest des \u00c9tats-Unis<\/a>\u00a0ont r\u00e9cemment d\u00e9cid\u00e9 de publier leurs propres recommandations vaccinales. Des initiatives dont la port\u00e9e est limit\u00e9e, car le remboursement des vaccins reste grandement li\u00e9 aux recommandations \u00e9mises par les CDC, sur les conseils de ce fameux panel d&rsquo;experts. Si ces derniers venaient cette semaine \u00e0 all\u00e9ger ou \u00e0 cesser la recommandation des vaccins contre le Covid, l&rsquo;h\u00e9patite B ou encore la rougeole, de nombreux Am\u00e9ricains n&rsquo;y auraient plus acc\u00e8s, s&rsquo;inqui\u00e8te ainsi Wilbur Chen, m\u00e9decin infectiologue. \u00ab\u00a0La r\u00e9alit\u00e9, c&rsquo;est que la plupart des gens n&rsquo;ont pas les moyens de payer ces vaccins\u00a0\u00bb, dont les co\u00fbts peuvent s&rsquo;\u00e9lever \u00e0 plusieurs centaines de dollars, explique-t-il.<\/p>\n<p class=\"fig-paragraph\">Lors de leur premi\u00e8re rencontre fin juin, les experts du comit\u00e9 fra\u00eechement refa\u00e7onn\u00e9 avaient d\u00e9j\u00e0 suscit\u00e9 des critiques en faisant la promotion de th\u00e8ses antivax. Des d\u00e9clarations qui faisaient \u00e9cho aux positions du ministre de la Sant\u00e9 am\u00e9ricain, qui s&rsquo;est fait des ann\u00e9es durant le relais de fausses informations sur les vaccins, notamment sur un pr\u00e9tendu lien entre le vaccin ROR (rougeole, oreillons et rub\u00e9ole) et l&rsquo;autisme. Une sp\u00e9culation issue d&rsquo;une \u00e9tude truqu\u00e9e qui a \u00e9t\u00e9 maintes fois d\u00e9mentie par des travaux post\u00e9rieurs.<\/p>\n","protected":false},"excerpt":{"rendered":"Par Le Figaro avec AFP Le 18 septembre 2025 \u00e0 09h16 Le Comit\u00e9 consultatif sur les pratiques de&hellip;\n","protected":false},"author":2,"featured_media":400046,"comment_status":"","ping_status":"","sticky":false,"template":"","format":"standard","meta":{"footnotes":""},"categories":[10],"tags":[53148,1011,27,72,71,773],"class_list":{"0":"post-400045","1":"post","2":"type-post","3":"status-publish","4":"format-standard","5":"has-post-thumbnail","7":"category-sante","8":"tag-calendrier-vaccinal","9":"tag-fr","10":"tag-france","11":"tag-health","12":"tag-sante","13":"tag-vaccin"},"share_on_mastodon":{"url":"https:\/\/pubeurope.com\/@fr\/115225590760823622","error":""},"_links":{"self":[{"href":"https:\/\/www.europesays.com\/fr\/wp-json\/wp\/v2\/posts\/400045","targetHints":{"allow":["GET"]}}],"collection":[{"href":"https:\/\/www.europesays.com\/fr\/wp-json\/wp\/v2\/posts"}],"about":[{"href":"https:\/\/www.europesays.com\/fr\/wp-json\/wp\/v2\/types\/post"}],"author":[{"embeddable":true,"href":"https:\/\/www.europesays.com\/fr\/wp-json\/wp\/v2\/users\/2"}],"replies":[{"embeddable":true,"href":"https:\/\/www.europesays.com\/fr\/wp-json\/wp\/v2\/comments?post=400045"}],"version-history":[{"count":0,"href":"https:\/\/www.europesays.com\/fr\/wp-json\/wp\/v2\/posts\/400045\/revisions"}],"wp:featuredmedia":[{"embeddable":true,"href":"https:\/\/www.europesays.com\/fr\/wp-json\/wp\/v2\/media\/400046"}],"wp:attachment":[{"href":"https:\/\/www.europesays.com\/fr\/wp-json\/wp\/v2\/media?parent=400045"}],"wp:term":[{"taxonomy":"category","embeddable":true,"href":"https:\/\/www.europesays.com\/fr\/wp-json\/wp\/v2\/categories?post=400045"},{"taxonomy":"post_tag","embeddable":true,"href":"https:\/\/www.europesays.com\/fr\/wp-json\/wp\/v2\/tags?post=400045"}],"curies":[{"name":"wp","href":"https:\/\/api.w.org\/{rel}","templated":true}]}}