{"id":40005,"date":"2025-04-20T22:49:13","date_gmt":"2025-04-20T22:49:13","guid":{"rendered":"https:\/\/www.europesays.com\/fr\/40005\/"},"modified":"2025-04-20T22:49:13","modified_gmt":"2025-04-20T22:49:13","slug":"en-plein-centre-de-paris-ce-grand-photomaton-dinspiration-coreenne-rend-fou-les-jeunes","status":"publish","type":"post","link":"https:\/\/www.europesays.com\/fr\/40005\/","title":{"rendered":"en plein centre de Paris, ce grand photomaton d&rsquo;inspiration cor\u00e9enne rend fou les jeunes"},"content":{"rendered":"<p>            Par<br \/>\n        <strong><br \/>\n            <a href=\"https:\/\/actu.fr\/auteur\/antoine-grotteria02\" title=\"Consulter tous les articles de Antoine Grotteria\" rel=\"nofollow noopener\" target=\"_blank\">Antoine Grotteria<\/a><br \/>\n        <\/strong><\/p>\n<p>        Publi\u00e9 le<\/p>\n<p>            20 avr. 2025 \u00e0 7h34        <\/p>\n<p>Au fond du couloir, une agitation de <a href=\"https:\/\/actu.fr\/tag\/rentree-scolaire\" rel=\"nofollow noopener\" target=\"_blank\">rentr\u00e9e des classes<\/a>. Un couple \u00e9change \u00e0 b\u00e2tons rompues sur la beaut\u00e9 d\u2019une paire de lunettes fum\u00e9es. Les mains plongent dans une bo\u00eete \u00e0 objets. Serre-t\u00eate, tenue sombres, cravates, peluches\u2026 Autant d\u2019\u00e9l\u00e9ments qui \u00e9voquent des <strong>souvenirs d\u2019\u00e9coliers<\/strong>. Avant de parvenir \u00e0 cette capsule de nostalgie, il vous faudra circuler dans le couloir \u00e0 l\u2019apparence d\u2019un <a href=\"https:\/\/actu.fr\/tag\/metro\" rel=\"nofollow noopener\" target=\"_blank\">m\u00e9tro<\/a> surmont\u00e9 de lumi\u00e8res blafardes et \u2013 pourquoi pas-p\u00e9n\u00e9trer dans les cabines th\u00e9matiques. Con\u00e7u comme un voyage aussi parisien que sud-cor\u00e9en, le <strong>photobooth Aura Film<\/strong> attise la curiosit\u00e9 depuis son ouverture, au 45 <a href=\"https:\/\/actu.fr\/ile-de-france\/paris_75056\/le-japon-a-paris-ce-n-est-pas-que-la-rue-sainte-anne-notre-selection-d-adresses_56899492.html\" rel=\"nofollow noopener\" target=\"_blank\">rue Sainte-Anne<\/a>, dans le 1er arrondissement de <a href=\"https:\/\/actu.fr\/paris\/\" rel=\"nofollow noopener\" target=\"_blank\">Paris<\/a>. Illustration ce samedi 19\u00a0avril 2025.<\/p>\n<p>Ambiance m\u00e9tro et laverie<\/p>\n<p class=\" wall-content\">Entre le <a href=\"https:\/\/actu.fr\/tag\/louvre\" rel=\"nofollow noopener\" target=\"_blank\">mus\u00e9e du Louvre<\/a> et la <strong>Bourse<\/strong>, cette art\u00e8re parsem\u00e9e d\u2019\u00e9choppes de l\u2019Asie de Sud-Est fait office de trajet intuitif pour les touristes. Plusieurs d\u2019entre eux semblent intriguer par le mouvement \u00e0 l\u2019int\u00e9rieur d\u2019Aura Film. Une file se forme. Parmi les clients, trois adolescentes. \u00ab<strong>\u2009Ah, mais c\u2019est le truc qu\u2019on voit sur Tiktok\u2009!\u2009\u00bb<\/strong>, explique l\u2019une d\u2019entre elles. La s\u00e9duction op\u00e8re. Elles tenteront l\u2019option machine \u00e0 laver.<\/p>\n<p>      <img   decoding=\"async\" loading=\"lazy\" src=\"https:\/\/www.europesays.com\/fr\/wp-content\/uploads\/2025\/04\/aura-film-paris-commerce-selfie-10-960x640.jpg\" alt=\"Le couloir reproduit l'aspect du m\u00e9tro parisien, avec ses n\u00e9ons. \" width=\"960\" height=\"640\"\/><br \/>\n    Le couloir reproduit l\u2019aspect du m\u00e9tro parisien, avec ses n\u00e9ons et ses bancs. (\u00a9AG\/ actu Paris)<\/p>\n<p class=\" wall-content\">Dans cet immense photomaton, le divertissement purge l\u2019angoisse.<\/p>\n<blockquote class=\"ac-article-quote wall-content\">\n<p>\u00ab\u00a0On adore rigoler et ne pas se prendre au s\u00e9rieux\u00a0\u00bb<\/p>\n<p>    <strong>Lila<\/strong><br \/>\n        Une habitante de la r\u00e9gion parisienne    <\/p><\/blockquote>\n<p class=\" wall-content\">Venue avec sa fille, cette quinqu\u00e9naire habitant en r\u00e9gion parisienne jure avec la<strong> tr\u00e8s grande majorit\u00e9 de jeunes<\/strong>. Un contraste qui la soucie peu. \u00ab\u2009Je m\u2019en fiche royalement. Je reste encore assez jeune dans mon esprit\u2009\u00bb, affirme-t-elle.<\/p>\n<p class=\" wall-content\">Pour parvenir jusqu\u2019\u00e0 cet endroit, l\u2019appr\u00e9ciation du clich\u00e9 personnalis\u00e9 est requise. Chaque participant, moyennant une somme de <strong>10\u00a0euros<\/strong> pour une photo de taille interm\u00e9diaire \u00e0 <strong>12\u00a0euros<\/strong> pour un d\u00e9veloppement maximal, peut choisir son propre accoutrement. Ensuite, il se rend dans l\u2019une des <strong>huit cabines th\u00e9matiques<\/strong>. Au programme, l\u2019ascenseur, la laverie, le m\u00e9tro fish-eye, le m\u00e9tal fish-eye, le baby fish-eye, le yearbook, l\u2019angle rouge ou encore l\u2019angle lavande.<\/p>\n<p>      <img   decoding=\"async\" loading=\"lazy\" src=\"https:\/\/www.europesays.com\/fr\/wp-content\/uploads\/2025\/04\/aura-film-paris-commerce-selfie-12-960x640.jpg\" alt=\"Ambiance salle de classe au fond du photobooth. \" width=\"960\" height=\"640\"\/><br \/>\n    Ambiance salle de classe au fond du photobooth. (\u00a9AG\/ actu Paris)<\/p>\n<p class=\" wall-content\">Ces th\u00e9matiques ne sont pas le fruit du hasard. Les fondateurs d\u2019Aura Film, C\u00e9line et Th\u00e9o, ont puis\u00e9 dans la culture sud-cor\u00e9enne des ressources \u00e0 articuler avec les singularit\u00e9s parisiennes. \u00ab\u2009On est all\u00e9 \u00e0 S\u00e9oul en 2023. L\u00e0-bas, il y a <strong>des selfies studios \u00e0 chaque coin de rue<\/strong>. C\u2019est une v\u00e9ritable institution. Bien plus qu\u2019en France\u2009\u00bb, contextualise C\u00e9line. Le couple, qui r\u00e9side dans la capitale, d\u00e9cide d\u2019importer le concept en 2024, \u00e0 l\u2019issue d\u2019un autre s\u00e9jour en Cor\u00e9e du Sud.<\/p>\n<p class=\" wall-content\"><a href=\"https:\/\/www.instagram.com\/p\/DH8s_sKoLiG\/embed\" title=\"Ouvrir le lien sur Instagram\" rel=\"nofollow noopener\" target=\"_blank\">Visualiser le contenu sur Instagram<\/a><\/p>\n<p class=\" wall-content\">Le projet se structure dans une grande rigueur.<\/p>\n<blockquote class=\"ac-article-quote wall-content\">\n<p>\u00ab\u00a0On a mis dix mois pour tout am\u00e9nager. L&rsquo;id\u00e9e, c&rsquo;est que chaque partie du photobooth soit \u00e9vocatrice. Nous ne voulons pas de hasard. M\u00eame l&rsquo;ordinateur au fond de la salle a \u00e9t\u00e9 r\u00e9cup\u00e9r\u00e9 quelque part. Il repr\u00e9sente la technologie\u00a0\u00bb<\/p>\n<p>    <strong>Th\u00e9o<\/strong><br \/>\n        Co-g\u00e9rant d&rsquo;Aura Film    <\/p><\/blockquote>\n<p class=\" wall-content\">\u00ab\u2009C\u2019est styl\u00e9\u2009! On se croirait au coll\u00e8ge, quand on \u00e9tait dans la classe\u2009\u00bb, remarque Coralie, une lyc\u00e9enne de 16\u00a0ans.<\/p>\n<p class=\" wall-content\">Et le pari semble fonctionner. \u00ab\u2009Avec les vacances, on voit beaucoup de monde. On a aussi eu la chance d\u2019avoir des <strong>influenceurs<\/strong> qui relaient notre boutique\u2009\u00bb, se r\u00e9jouit le co-g\u00e9rant. Tr\u00e8s pr\u00e9sent sur les r\u00e9seaux sociaux, Aura Film compte tirer le fil d\u2019une proposition qui pourrait s\u00e9duire au-del\u00e0 de la jeunesse. Car, pr\u00e9vient C\u00e9line, \u00ab\u2009il y a aussi des familles et des enfants qui viennent. C\u2019est universel\u2009!\u2009\u00bb.<\/p>\n<p class=\" wall-content\">Suivez toute l\u2019actualit\u00e9 de vos villes et m\u00e9dias favoris en vous inscrivant \u00e0 <a href=\"https:\/\/moncompte.actu.fr\" title=\"D\u00e9couvez Mon Actu\" rel=\"nofollow noopener\" data-trk=\"{&quot;cta&quot;:{&quot;action&quot;:&quot;https:\\\/\\\/moncompte.actu.fr&quot;,&quot;category&quot;:&quot;mon compte&quot;,&quot;from&quot;:&quot;article footer&quot;,&quot;name&quot;:&quot;Mon actu&quot;,&quot;type&quot;:&quot;cta&quot;}}\" target=\"_blank\">Mon Actu<\/a>.<\/p>\n<p>                    <script async src=\"\/\/www.instagram.com\/embed.js\"><\/script><\/p>\n","protected":false},"excerpt":{"rendered":"Par Antoine Grotteria Publi\u00e9 le 20 avr. 2025 \u00e0 7h34 Au fond du couloir, une agitation de rentr\u00e9e&hellip;\n","protected":false},"author":2,"featured_media":40006,"comment_status":"","ping_status":"","sticky":false,"template":"","format":"standard","meta":{"footnotes":""},"categories":[1358],"tags":[1348,1384,1385,215,1386,58,59,1011,27,1756,938,104],"class_list":{"0":"post-40005","1":"post","2":"type-post","3":"status-publish","4":"format-standard","5":"has-post-thumbnail","7":"category-arts-et-design","8":"tag-arts","9":"tag-arts-and-design","10":"tag-arts-et-design","11":"tag-commerce","12":"tag-design","13":"tag-divertissement","14":"tag-entertainment","15":"tag-fr","16":"tag-france","17":"tag-photographie","18":"tag-reseaux-sociaux","19":"tag-societe"},"share_on_mastodon":{"url":"https:\/\/pubeurope.com\/@fr\/114372736782408473","error":""},"_links":{"self":[{"href":"https:\/\/www.europesays.com\/fr\/wp-json\/wp\/v2\/posts\/40005","targetHints":{"allow":["GET"]}}],"collection":[{"href":"https:\/\/www.europesays.com\/fr\/wp-json\/wp\/v2\/posts"}],"about":[{"href":"https:\/\/www.europesays.com\/fr\/wp-json\/wp\/v2\/types\/post"}],"author":[{"embeddable":true,"href":"https:\/\/www.europesays.com\/fr\/wp-json\/wp\/v2\/users\/2"}],"replies":[{"embeddable":true,"href":"https:\/\/www.europesays.com\/fr\/wp-json\/wp\/v2\/comments?post=40005"}],"version-history":[{"count":0,"href":"https:\/\/www.europesays.com\/fr\/wp-json\/wp\/v2\/posts\/40005\/revisions"}],"wp:featuredmedia":[{"embeddable":true,"href":"https:\/\/www.europesays.com\/fr\/wp-json\/wp\/v2\/media\/40006"}],"wp:attachment":[{"href":"https:\/\/www.europesays.com\/fr\/wp-json\/wp\/v2\/media?parent=40005"}],"wp:term":[{"taxonomy":"category","embeddable":true,"href":"https:\/\/www.europesays.com\/fr\/wp-json\/wp\/v2\/categories?post=40005"},{"taxonomy":"post_tag","embeddable":true,"href":"https:\/\/www.europesays.com\/fr\/wp-json\/wp\/v2\/tags?post=40005"}],"curies":[{"name":"wp","href":"https:\/\/api.w.org\/{rel}","templated":true}]}}