{"id":400053,"date":"2025-09-18T13:45:13","date_gmt":"2025-09-18T13:45:13","guid":{"rendered":"https:\/\/www.europesays.com\/fr\/400053\/"},"modified":"2025-09-18T13:45:13","modified_gmt":"2025-09-18T13:45:13","slug":"le-president-du-credit-agricole-va-quitter-ses-fonctions-18-09-2025-a-1424","status":"publish","type":"post","link":"https:\/\/www.europesays.com\/fr\/400053\/","title":{"rendered":"Le pr\u00e9sident du Cr\u00e9dit Agricole va quitter ses fonctions &#8211; 18\/09\/2025 \u00e0 14:24"},"content":{"rendered":"<p>        <img fetchpriority=\"high\" decoding=\"async\" src=\"https:\/\/www.europesays.com\/fr\/wp-content\/uploads\/2025\/09\/186eeacf4d73ae404eab8e952d54f0f2-760x929.jpg\" alt=\"Dominique Lefebvre, pr\u00e9sident du Cr\u00e9dit Agricole SA et de la F\u00e9d\u00e9ration nationale du Cr\u00e9dit Agricole, \u00e0 Montrouge le 6 juin 2019. ( AFP \/ ERIC PIERMONT )\" loading=\"eager\" width=\"760\" height=\"929\" style=\"max-width: 100%!important; height: auto;\"\/><\/p>\n<p class=\"c-image-news__legend\">Dominique Lefebvre, pr\u00e9sident du Cr\u00e9dit Agricole SA et de la F\u00e9d\u00e9ration nationale du Cr\u00e9dit Agricole, \u00e0 Montrouge le 6 juin 2019. ( AFP \/ ERIC PIERMONT )<\/p>\n<p>\n Dominique Lefebvre, pr\u00e9sident du Cr\u00e9dit Agricole SA et de la F\u00e9d\u00e9ration nationale du Cr\u00e9dit Agricole, a annonc\u00e9 jeudi qu&rsquo;il quitterait ses fonctions d&rsquo;ici la fin 2025.\n<\/p>\n<p>\n \u00ab\u00a0J&rsquo;ai eu la chance d&rsquo;accompagner la transformation du groupe dans un environnement qui a connu de fortes \u00e9volutions\u00a0\u00bb, a d\u00e9clar\u00e9 Dominique Lefebvre, cit\u00e9 dans un communiqu\u00e9 du groupe bancaire.\n<\/p>\n<p>\n \u00ab\u00a0A l&rsquo;aube de la mise en place d&rsquo;un nouveau plan \u00e0 moyen terme de Cr\u00e9dit Agricole SA, j&rsquo;ai consid\u00e9r\u00e9 que le moment \u00e9tait opportun pour passer le relais de la pr\u00e9sidence du groupe\u00a0\u00bb, a ajout\u00e9 le dirigeant de 63 ans.\n<\/p>\n<p>\n Cr\u00e9dit Agricole SA (CASA) est l&rsquo;entit\u00e9 cot\u00e9e du groupe bancaire fran\u00e7ais.\n<\/p>\n<p>\n La F\u00e9d\u00e9ration nationale du Cr\u00e9dit Agricole est une association loi 1901, qui a pour adh\u00e9rents les Caisses r\u00e9gionales, repr\u00e9sent\u00e9es par leurs pr\u00e9sidents et leurs directeurs g\u00e9n\u00e9raux.\n<\/p>\n<p>\n La d\u00e9signation d&rsquo;un nouveau pr\u00e9sident \u00ab\u00a0interviendra conform\u00e9ment aux dispositions r\u00e8glementaires et aux r\u00e8gles internes en vigueur\u00a0\u00bb, ajoute le communiqu\u00e9 du Cr\u00e9dit Agricole.\n<\/p>\n<p>\n Le groupe bancaire a chang\u00e9 en mai de direction g\u00e9n\u00e9rale, avec l&rsquo;arriv\u00e9e d&rsquo;Olivier Gavalda pour remplacer Philippe Brassac, rest\u00e9 dix ans \u00e0 la t\u00eate du Cr\u00e9dit Agricole.<\/p>\n","protected":false},"excerpt":{"rendered":"Dominique Lefebvre, pr\u00e9sident du Cr\u00e9dit Agricole SA et de la F\u00e9d\u00e9ration nationale du Cr\u00e9dit Agricole, \u00e0 Montrouge le&hellip;\n","protected":false},"author":2,"featured_media":400054,"comment_status":"","ping_status":"","sticky":false,"template":"","format":"standard","meta":{"footnotes":""},"categories":[6],"tags":[400,398,408,35,405,33,34,1011,27,403,402,399,404,401,406,407],"class_list":{"0":"post-400053","1":"post","2":"type-post","3":"status-publish","4":"format-standard","5":"has-post-thumbnail","7":"category-economie","8":"tag-action-cac-40","9":"tag-bourse-de-paris","10":"tag-boursorama","11":"tag-business","12":"tag-cotations","13":"tag-economie","14":"tag-economy","15":"tag-fr","16":"tag-france","17":"tag-indices-devises","18":"tag-investir","19":"tag-investissement","20":"tag-marche-boursier","21":"tag-sicav","22":"tag-trackers","23":"tag-warrants"},"share_on_mastodon":{"url":"https:\/\/pubeurope.com\/@fr\/115225607012899600","error":""},"_links":{"self":[{"href":"https:\/\/www.europesays.com\/fr\/wp-json\/wp\/v2\/posts\/400053","targetHints":{"allow":["GET"]}}],"collection":[{"href":"https:\/\/www.europesays.com\/fr\/wp-json\/wp\/v2\/posts"}],"about":[{"href":"https:\/\/www.europesays.com\/fr\/wp-json\/wp\/v2\/types\/post"}],"author":[{"embeddable":true,"href":"https:\/\/www.europesays.com\/fr\/wp-json\/wp\/v2\/users\/2"}],"replies":[{"embeddable":true,"href":"https:\/\/www.europesays.com\/fr\/wp-json\/wp\/v2\/comments?post=400053"}],"version-history":[{"count":0,"href":"https:\/\/www.europesays.com\/fr\/wp-json\/wp\/v2\/posts\/400053\/revisions"}],"wp:featuredmedia":[{"embeddable":true,"href":"https:\/\/www.europesays.com\/fr\/wp-json\/wp\/v2\/media\/400054"}],"wp:attachment":[{"href":"https:\/\/www.europesays.com\/fr\/wp-json\/wp\/v2\/media?parent=400053"}],"wp:term":[{"taxonomy":"category","embeddable":true,"href":"https:\/\/www.europesays.com\/fr\/wp-json\/wp\/v2\/categories?post=400053"},{"taxonomy":"post_tag","embeddable":true,"href":"https:\/\/www.europesays.com\/fr\/wp-json\/wp\/v2\/tags?post=400053"}],"curies":[{"name":"wp","href":"https:\/\/api.w.org\/{rel}","templated":true}]}}