{"id":400055,"date":"2025-09-18T13:46:12","date_gmt":"2025-09-18T13:46:12","guid":{"rendered":"https:\/\/www.europesays.com\/fr\/400055\/"},"modified":"2025-09-18T13:46:12","modified_gmt":"2025-09-18T13:46:12","slug":"cest-quoi-cette-amibe-mangeuse-de-cerveau-qui-provoque-de-plus-en-plus-de-deces","status":"publish","type":"post","link":"https:\/\/www.europesays.com\/fr\/400055\/","title":{"rendered":"C\u2019est quoi cette amibe \u00ab\u00a0mangeuse de cerveau\u00a0\u00bb qui provoque de plus en plus de d\u00e9c\u00e8s\u00a0?"},"content":{"rendered":"<p>Elle est toute petite mais cr\u00e9e des ravages. Les autorit\u00e9s de l\u2019Etat du Kerala, dans le sud de l\u2019<a href=\"https:\/\/www.20minutes.fr\/dossier\/inde\" class=\"c-link c-link--is-underlined\" target=\"_blank\" rel=\"noopener\">Inde<\/a>, ont \u00e9mis une alerte sanitaire apr\u00e8s avoir enregistr\u00e9 une hausse du nombre de d\u00e9c\u00e8s et d\u2019infections, caus\u00e9s par une amibe \u00ab\u00a0mangeuse de cerveau\u00a0\u00bb, qui ont doubl\u00e9 par rapport \u00e0 l\u2019an dernier.<\/p>\n<p>Depuis le d\u00e9but de l\u2019ann\u00e9e, l\u2019amibe \u00ab\u00a0Naegleria fowleri\u00a0\u00bb, un organisme microscopique qui se pla\u00eet dans les eaux douces et chaudes des lacs et des rivi\u00e8res, est \u00e0 l\u2019origine de 19 d\u00e9c\u00e8s et 72 cas d\u2019infection, ont pr\u00e9cis\u00e9 les autorit\u00e9s sanitaires de cet Etat.<\/p>\n<\/p>\n<p>Au moins neuf personnes sont d\u00e9c\u00e9d\u00e9es et 24 infect\u00e9es en septembre apr\u00e8s avoir \u00e9t\u00e9 infect\u00e9es par cette amibe \u00e0 l\u2019origine, l\u2019an pass\u00e9, de la mort de neuf personnes et de 36 cas. \u00ab\u00a0Nous proc\u00e9dons \u00e0 des tests \u00e0 grande \u00e9chelle\u00a0\u00bb, a d\u00e9clar\u00e9 le docteur Altaf Ali, qui fait partie d\u2019une \u00e9quipe mise en place par les autorit\u00e9s de cet Etat pour enrayer toute propagation.<\/p>\n<p>Le nombre de cas reste cependant faible \u00e0 l\u2019\u00e9chelle de l\u2019Inde, le pays le plus peupl\u00e9 de la plan\u00e8te avec plus d\u20191,4\u00a0milliard d\u2019habitants.<\/p>\n<p>Les infections ne peuvent pas \u00eatre transmises d\u2019humain \u00e0 humain, mais l\u2019amibe p\u00e9n\u00e8tre dans le cerveau par le nez avec une eau souill\u00e9e, provoquant dans les trois \u00e0 sept jours de fortes migraines, une fi\u00e8vre, un raidissement de la nuque et des vomissements, avant d\u2019entra\u00eener des vertiges, une l\u00e9thargie, de la confusion et des hallucinations.<\/p>\n<p>\u00ab\u00a0Cette ann\u00e9e, de nouveaux cas ont \u00e9merg\u00e9 \u00e0 travers tout l\u2019Etat contrairement aux ann\u00e9es pr\u00e9c\u00e9dentes\u00a0\u00bb o\u00f9 cela concernait des foyers pr\u00e9cis, a soulign\u00e9 M. Ali.<\/p>\n<p>Depuis\u00a01962, pr\u00e8s de 500 cas ont \u00e9t\u00e9 signal\u00e9s \u00e0 travers la plan\u00e8te, principalement aux \u00c9tats-Unis, en Inde, au <a href=\"https:\/\/www.20minutes.fr\/monde\/pakistan\/\" class=\"c-link c-link--is-underlined\" target=\"_blank\" rel=\"noopener\">Pakistan<\/a> et en <a href=\"https:\/\/www.20minutes.fr\/dossier\/australie\" class=\"c-link c-link--is-underlined\" target=\"_blank\" rel=\"noopener\">Australie<\/a>.<\/p>\n","protected":false},"excerpt":{"rendered":"Elle est toute petite mais cr\u00e9e des ravages. Les autorit\u00e9s de l\u2019Etat du Kerala, dans le sud de&hellip;\n","protected":false},"author":2,"featured_media":400056,"comment_status":"","ping_status":"","sticky":false,"template":"","format":"standard","meta":{"footnotes":""},"categories":[5],"tags":[47,11,73,1011,27,5595,14,226,74,12,14488,28],"class_list":{"0":"post-400055","1":"post","2":"type-post","3":"status-publish","4":"format-standard","5":"has-post-thumbnail","7":"category-international","8":"tag-actualite","9":"tag-actualites","10":"tag-etats-unis","11":"tag-fr","12":"tag-france","13":"tag-inde","14":"tag-international","15":"tag-maladie","16":"tag-monde","17":"tag-news","18":"tag-pakistan","19":"tag-world"},"share_on_mastodon":{"url":"https:\/\/pubeurope.com\/@fr\/115225610600912108","error":""},"_links":{"self":[{"href":"https:\/\/www.europesays.com\/fr\/wp-json\/wp\/v2\/posts\/400055","targetHints":{"allow":["GET"]}}],"collection":[{"href":"https:\/\/www.europesays.com\/fr\/wp-json\/wp\/v2\/posts"}],"about":[{"href":"https:\/\/www.europesays.com\/fr\/wp-json\/wp\/v2\/types\/post"}],"author":[{"embeddable":true,"href":"https:\/\/www.europesays.com\/fr\/wp-json\/wp\/v2\/users\/2"}],"replies":[{"embeddable":true,"href":"https:\/\/www.europesays.com\/fr\/wp-json\/wp\/v2\/comments?post=400055"}],"version-history":[{"count":0,"href":"https:\/\/www.europesays.com\/fr\/wp-json\/wp\/v2\/posts\/400055\/revisions"}],"wp:featuredmedia":[{"embeddable":true,"href":"https:\/\/www.europesays.com\/fr\/wp-json\/wp\/v2\/media\/400056"}],"wp:attachment":[{"href":"https:\/\/www.europesays.com\/fr\/wp-json\/wp\/v2\/media?parent=400055"}],"wp:term":[{"taxonomy":"category","embeddable":true,"href":"https:\/\/www.europesays.com\/fr\/wp-json\/wp\/v2\/categories?post=400055"},{"taxonomy":"post_tag","embeddable":true,"href":"https:\/\/www.europesays.com\/fr\/wp-json\/wp\/v2\/tags?post=400055"}],"curies":[{"name":"wp","href":"https:\/\/api.w.org\/{rel}","templated":true}]}}