{"id":400057,"date":"2025-09-18T13:47:11","date_gmt":"2025-09-18T13:47:11","guid":{"rendered":"https:\/\/www.europesays.com\/fr\/400057\/"},"modified":"2025-09-18T13:47:11","modified_gmt":"2025-09-18T13:47:11","slug":"deux-des-jeunes-suspects-remis-en-liberte-sous-controle-judiciaire","status":"publish","type":"post","link":"https:\/\/www.europesays.com\/fr\/400057\/","title":{"rendered":"Deux des jeunes suspects remis en libert\u00e9 sous contr\u00f4le judiciaire"},"content":{"rendered":"<p>C\u2019\u00e9tait jeudi dernier, 12\u00a0septembre, \u00e0 Tourcoing. Un <a href=\"https:\/\/www.20minutes.fr\/dossier\/policier\" class=\"c-link c-link--is-underlined\" target=\"_blank\" rel=\"noopener\">policier<\/a> de la brigade anticriminalit\u00e9 de <a href=\"https:\/\/www.20minutes.fr\/dossier\/tourcoing\" class=\"c-link c-link--is-underlined\" target=\"_blank\" rel=\"noopener\">Tourcoing<\/a> <a href=\"https:\/\/www.20minutes.fr\/faits_divers\/4172680-20250912-nord-policier-bac-agresse-plusieurs-personnes\" class=\"c-link c-link--is-underlined\" target=\"_blank\" rel=\"noopener\">avait alors \u00e9t\u00e9 rou\u00e9 de coups au cours d\u2019une op\u00e9ration dans le quartier du Pont de Neuville<\/a>, dans la ville du <a href=\"https:\/\/www.20minutes.fr\/dossier\/nord\" class=\"c-link c-link--is-underlined\" target=\"_blank\" rel=\"noopener\">Nord<\/a>. Une agression film\u00e9e et diffus\u00e9e sur les r\u00e9seaux sociaux qui avait suscit\u00e9 l\u2019\u00e9moi, notamment du ministre de l\u2019Int\u00e9rieur d\u00e9missionnaire, <a href=\"https:\/\/www.20minutes.fr\/dossier\/bruno_retailleau\" class=\"c-link c-link--is-underlined\" target=\"_blank\" rel=\"noopener\">Bruno Retailleau<\/a>.<\/p>\n<p>Dimanche, cinq adolescents avaient \u00e9t\u00e9 mis en examen et deux d\u2019entre eux incarc\u00e9r\u00e9s. Ils viennent d\u2019\u00eatre rel\u00e2ch\u00e9s, sous strict contr\u00f4le judiciaire, selon <a href=\"https:\/\/www.rtl.fr\/actu\/justice-faits-divers\/policier-agresse-a-tourcoing-les-deux-suspects-en-detention-provisoire-liberes-sous-controle-judiciaire-7900542679\" target=\"_blank\" class=\"c-link c-link--is-underlined\" rel=\"noopener\">RTL<\/a>. L\u2019un avec une mesure d\u2019\u00e9loignement, l\u2019autre avec un placement en centre \u00e9ducatif ferm\u00e9.<\/p>\n<\/p>\n<p>D\u2019apr\u00e8s la radio, les deux jeunes hommes, qui sont fr\u00e8res, se sont excus\u00e9s. \u00ab\u00a0Ce n\u2019\u00e9tait pas leur volont\u00e9 premi\u00e8re\u00a0\u00bb de \u00ab\u00a0s\u2019en prendre \u00e0 des policiers\u00a0\u00bb, a comment\u00e9 leur avocat Me Abderrahmane Hammouch.<\/p>\n","protected":false},"excerpt":{"rendered":"C\u2019\u00e9tait jeudi dernier, 12\u00a0septembre, \u00e0 Tourcoing. Un policier de la brigade anticriminalit\u00e9 de Tourcoing avait alors \u00e9t\u00e9 rou\u00e9&hellip;\n","protected":false},"author":2,"featured_media":400058,"comment_status":"","ping_status":"","sticky":false,"template":"","format":"standard","meta":{"footnotes":""},"categories":[4],"tags":[47,11,118,1011,27,811,12,1308,1309,10910,25,11719],"class_list":{"0":"post-400057","1":"post","2":"type-post","3":"status-publish","4":"format-standard","5":"has-post-thumbnail","7":"category-france","8":"tag-actualite","9":"tag-actualites","10":"tag-faits-divers","11":"tag-fr","12":"tag-france","13":"tag-hauts-de-france","14":"tag-news","15":"tag-nord","16":"tag-nord-pas-de-calais","17":"tag-policier","18":"tag-republique-francaise","19":"tag-tourcoing"},"share_on_mastodon":{"url":"https:\/\/pubeurope.com\/@fr\/115225614420405718","error":""},"_links":{"self":[{"href":"https:\/\/www.europesays.com\/fr\/wp-json\/wp\/v2\/posts\/400057","targetHints":{"allow":["GET"]}}],"collection":[{"href":"https:\/\/www.europesays.com\/fr\/wp-json\/wp\/v2\/posts"}],"about":[{"href":"https:\/\/www.europesays.com\/fr\/wp-json\/wp\/v2\/types\/post"}],"author":[{"embeddable":true,"href":"https:\/\/www.europesays.com\/fr\/wp-json\/wp\/v2\/users\/2"}],"replies":[{"embeddable":true,"href":"https:\/\/www.europesays.com\/fr\/wp-json\/wp\/v2\/comments?post=400057"}],"version-history":[{"count":0,"href":"https:\/\/www.europesays.com\/fr\/wp-json\/wp\/v2\/posts\/400057\/revisions"}],"wp:featuredmedia":[{"embeddable":true,"href":"https:\/\/www.europesays.com\/fr\/wp-json\/wp\/v2\/media\/400058"}],"wp:attachment":[{"href":"https:\/\/www.europesays.com\/fr\/wp-json\/wp\/v2\/media?parent=400057"}],"wp:term":[{"taxonomy":"category","embeddable":true,"href":"https:\/\/www.europesays.com\/fr\/wp-json\/wp\/v2\/categories?post=400057"},{"taxonomy":"post_tag","embeddable":true,"href":"https:\/\/www.europesays.com\/fr\/wp-json\/wp\/v2\/tags?post=400057"}],"curies":[{"name":"wp","href":"https:\/\/api.w.org\/{rel}","templated":true}]}}