{"id":400059,"date":"2025-09-18T13:48:15","date_gmt":"2025-09-18T13:48:15","guid":{"rendered":"https:\/\/www.europesays.com\/fr\/400059\/"},"modified":"2025-09-18T13:48:15","modified_gmt":"2025-09-18T13:48:15","slug":"apres-jimmy-kimmel-donald-trump-designe-seth-meyers-et-jimmy-fallon-les-prochains-sur-la-liste","status":"publish","type":"post","link":"https:\/\/www.europesays.com\/fr\/400059\/","title":{"rendered":"Apr\u00e8s Jimmy Kimmel, Donald Trump d\u00e9signe Seth Meyers et Jimmy Fallon \u00ab\u00a0les prochains sur la liste\u00a0\u00bb"},"content":{"rendered":"<p>        <img decoding=\"async\" loading=\"lazy\" src=\"https:\/\/www.europesays.com\/fr\/wp-content\/uploads\/2025\/09\/b28db81_1694161644805-nbc-tonight-show-jimmy-fallon.png\"  width=\"728\" height=\"409\" alt=\"Jimmy Fallon, animateur du Tonight Show\"\/>  <\/p>\n<p>NBC<\/p>\n<p>Jimmy Fallon, animateur du Tonight Show<\/p>\n<p class=\"asset asset-text\">TALK SHOW &#8211;\u00a0Au(x) suivant(x). Quelques semaines apr\u00e8s <a href=\"https:\/\/www.huffingtonpost.fr\/medias\/video\/allez-vous-faire-foutre-stephen-colbert-repond-a-donald-trump-sur-cbs-soutenu-par-les-autres-animateurs-stars_252846.html\" target=\"_blank\" rel=\"noopener\">Stephen Colbert<\/a>, Jimmy Kimmel a, \u00e0 son tour, \u00e9t\u00e9 \u00e9vinc\u00e9. Le <a href=\"https:\/\/www.huffingtonpost.fr\/international\/article\/jimmy-kimmel-star-de-la-tele-americaine-evince-par-abc-a-cause-de-ses-propos-sur-charlie-kirk_254959.html\" target=\"_blank\" rel=\"noopener\">talk-show Jimmy Kimmel Live<\/a> diffus\u00e9 sur ABC a \u00e9t\u00e9 suspendu apr\u00e8s des propos du pr\u00e9sentateur sur la mort de Charlie Kirk. Une d\u00e9cision imm\u00e9diatement salu\u00e9e par <a href=\"https:\/\/www.huffingtonpost.fr\/international\/article\/avec-cette-decision-trump-veut-se-venger-de-l-ultra-gauche-apres-la-mort-de-charlie-kirk_254960.html\" target=\"_blank\" rel=\"noopener\">Donald Trump<\/a>.<\/p>\n<p class=\"asset asset-text\">Sur son compte du r\u00e9seau Truth Social, le pr\u00e9sident am\u00e9ricain a r\u00e9agi avan\u00e7ant qu\u2019il s\u2019agissait d\u2019une \u00ab\u00a0excellente nouvelle pour l\u2019Am\u00e9rique\u00a0\u00bb. Puis, apr\u00e8s avoir \u00e9voqu\u00e9 \u00ab\u00a0le courage\u00a0\u00bb de la cha\u00eene d\u2019avoir \u00ab\u00a0enfin fait ce qui devait \u00eatre fait\u00a0\u00bb et les audiences soi-disant \u00ab\u00a0catastrophiques\u00a0\u00bb de l\u2019\u00e9mission diffus\u00e9e depuis 2004, Donald Trump a profit\u00e9 de cette opportunit\u00e9 pour placer une cible tr\u00e8s claire sur deux autres animateurs.<\/p>\n<p class=\"asset asset-text\">\u00ab\u00a0Il reste donc Jimmy (Fallon) et Seth (Meyers), deux gros loosers, sur la fabrique \u00e0 fake news NBC. Leurs audiences aussi sont d\u00e9sastreuses. Allez-y, NBC\u00a0!\u00a0\u00bb, a exhort\u00e9 le pr\u00e9sident. Jimmy Fallon anime le talk-show de fin de soir\u00e9e The Tonight Show Staring Jimmy Fallon tous les soirs du lundi au vendredi \u00e0 23h30 sur NBC. Imm\u00e9diatement apr\u00e8s, Seth Meyers reprend l\u2019antenne pour le Late Night With Seth Meyers jusqu\u2019\u00e0 1h30\u00a0du matin.<\/p>\n<p class=\"asset asset-text\">Si tous deux sont directement nomm\u00e9s et vis\u00e9s par Donald Trump, ce n\u2019est pas pour rien. Le Tonight Show Staring Jimmy Fallon est la deuxi\u00e8me \u00e9mission la\u00a0plus regard\u00e9e par les Am\u00e9ricains, apr\u00e8s celle de Stephen Colbert, comme le confirment les audiences r\u00e9centes publi\u00e9es par le site <a href=\"https:\/\/latenighter.com\/news\/ratings\/here-are-final-late-night-ratings-for-q1-2025\/\" target=\"_blank\" rel=\"noopener\" title=\"Nouvelle fen\u00eatre\">Latenighter<\/a>.<\/p>\n<p>                          <img decoding=\"async\" loading=\"lazy\" src=\"https:\/\/www.europesays.com\/fr\/wp-content\/uploads\/2025\/09\/ba5d3ec_upload-1-fchrkgj1h5nr-trump-kimmel.jpg\"  width=\"728\" height=\"344\" alt=\"\"\/>      <\/p>\n<p class=\"asset asset-text\">Ils font partie des pr\u00e9sentateurs de t\u00e9l\u00e9 les plus populaires outre-Atlantique, mais aussi de ceux qui attaquent r\u00e9guli\u00e8rement directement le pr\u00e9sident, notamment dans leurs monologues quotidiens d\u2019ouverture de leur programme. La cha\u00eene NBC appartient au groupe Comcast (NBC Universal, Sky, DreamWorks), souvent critiqu\u00e9e par Donald Trump pour son traitement de l\u2019actualit\u00e9 politique sur ses diff\u00e9rentes cha\u00eenes.<\/p>\n<p>    La chasse aux Late Night Shows    <\/p>\n<p class=\"asset asset-text\">Parall\u00e8lement au commentaire de Donald Trump, le pr\u00e9sident de la FCC (\u00e9quivalent de l\u2019Arcom) Brendan Carr a indiqu\u00e9 dans une interview \u00e0 <a href=\"https:\/\/www.foxnews.com\/media\/fcc-chair-brendan-carr-defends-abc-affiliates-pulling-jimmy-kimmel-show-after-monologue-mocking-charlie-kirk\" target=\"_blank\" rel=\"noopener\" title=\"Nouvelle fen\u00eatre\">Fox News<\/a> que cette d\u00e9cision \u00ab\u00a0totalement in\u00e9dite\u00a0\u00bb prise contre Jimmy Kimmel marquait un \u00ab\u00a0tournant\u00a0\u00bb et qu\u2019il restait \u00ab\u00a0encore beaucoup de travail\u00a0\u00bb, \u00e9voquant lui aussi les autres talk-shows \u00e0 l\u2019antenne. Il s\u2019est f\u00e9licit\u00e9 que \u00ab\u00a0les diffuseurs am\u00e9ricains se d\u00e9cident \u00e0 penser aux int\u00e9r\u00eats de leur communaut\u00e9\u00a0\u00bb et a qualifi\u00e9 les talk-shows comme celui de Jimmy Kimmel de \u00ab\u00a0tribunaux bas de gamme progressistes de New York et Hollywood (&#8230;)qui renforcent des id\u00e9ologies politiques \u00e9triqu\u00e9es.\u00a0\u00bb<\/p>\n<p class=\"asset asset-text\">Jimmy Kimmel est le deuxi\u00e8me pr\u00e9sentateur star \u00e0 \u00eatre mis en retrait. Officiellement, ABC l\u2019a suspendu \u00ab\u00a0pour une dur\u00e9e ind\u00e9termin\u00e9e\u00a0\u00bb, comme l\u2019a affirm\u00e9 la cha\u00eene d\u00e9tenue par Disney. Une d\u00e9cision (<a href=\"https:\/\/www.huffingtonpost.fr\/international\/video\/jimmy-kimmel-suspendu-sur-abc-on-vous-resume-le-sketch-qui-a-valu-sa-sanction-et-en-quoi-c-est-inquietant_254968.html\" target=\"_blank\" rel=\"noopener\">que nous analysons ici<\/a>) qui intervient apr\u00e8s des propos tenus le lundi 15\u00a0septembre dans lesquels il avait \u00e9voqu\u00e9 le r\u00e9cent meurtre de Charlie Kirk, visage de la jeunesse trumpiste tu\u00e9 d\u2019une balle dans le cou par un homme de 22\u00a0ans.<\/p>\n<p class=\"asset asset-text\">D\u2019apr\u00e8s le <a href=\"https:\/\/nypost.com\/2025\/09\/17\/entertainment\/jimmy-kimmel-f-king-livid-over-abc-pulling-live-report\/\" target=\"_blank\" rel=\"noopener\" title=\"Nouvelle fen\u00eatre\">New York Post<\/a>, l\u2019animateur serait en train de tenter de mettre fin de mani\u00e8re d\u00e9finitive \u00e0 son contrat avec ABC. Il pourrait d\u2019ailleurs \u00eatre l\u2019invit\u00e9 de Stephen Colbert ce jeudi 18\u00a0septembre pour y revenir sur sa suspension.<\/p>\n<p>    Le pr\u00e9c\u00e9dent Colbert    <\/p>\n<p class=\"asset asset-text\">Avant lui, Stephen Colbert \u00e9tait en effet le premier \u00e0 avoir fait les frais de ce que la presse am\u00e9ricaine qualifie de \u00ab\u00a0chasse aux sorci\u00e8res\u00a0\u00bb. CBS avait annonc\u00e9 au d\u00e9but de l\u2019\u00e9t\u00e9 le non-renouvellement de son Late Show, le plus regard\u00e9 dans cette cat\u00e9gorie, avan\u00e7ant des arguments d\u2019audience et budg\u00e9taires. Suite \u00e0 cette annonce de la cha\u00eene CBS, Jimmy Fallon et Seth Meyers \u00e9taient tous deux venus soutenir Stephen Colbert sur le plateau de son \u00e9mission, ainsi que les animateurs Andy Cohen, Jon Stewart et John Oliver.<\/p>\n<p class=\"asset asset-text\">Pour rappel, le pr\u00e9sident avait post\u00e9 sur les r\u00e9seaux sociaux en juillet apr\u00e8s l\u2019annonce de la suppression de l\u2019\u00e9mission de Stephen Colbert \u00ab\u00a0Il para\u00eet que Jimmy Kimmel est le prochain sur la liste\u00a0\u00bb. Ni Jimmy Fallon, ni Seth Meyers n\u2019ont pour l\u2019instant r\u00e9agi sur la suspension de Jimmy Kimmel et les menaces (mal) d\u00e9guis\u00e9es de Donald Trump \u00e0 leur \u00e9gard.<\/p>\n","protected":false},"excerpt":{"rendered":"NBC Jimmy Fallon, animateur du Tonight Show TALK SHOW &#8211;\u00a0Au(x) suivant(x). Quelques semaines apr\u00e8s Stephen Colbert, Jimmy Kimmel&hellip;\n","protected":false},"author":2,"featured_media":400060,"comment_status":"","ping_status":"","sticky":false,"template":"","format":"standard","meta":{"footnotes":""},"categories":[2],"tags":[11,251,58,75,1011,27,39996,39997,500,12,45119,252],"class_list":{"0":"post-400059","1":"post","2":"type-post","3":"status-publish","4":"format-standard","5":"has-post-thumbnail","7":"category-actualites","8":"tag-actualites","9":"tag-culture","10":"tag-divertissement","11":"tag-donald-trump","12":"tag-fr","13":"tag-france","14":"tag-jimmy-fallon","15":"tag-jimmy-kimmel","16":"tag-medias","17":"tag-news","18":"tag-talk-show","19":"tag-television"},"share_on_mastodon":{"url":"https:\/\/pubeurope.com\/@fr\/115225619054332766","error":""},"_links":{"self":[{"href":"https:\/\/www.europesays.com\/fr\/wp-json\/wp\/v2\/posts\/400059","targetHints":{"allow":["GET"]}}],"collection":[{"href":"https:\/\/www.europesays.com\/fr\/wp-json\/wp\/v2\/posts"}],"about":[{"href":"https:\/\/www.europesays.com\/fr\/wp-json\/wp\/v2\/types\/post"}],"author":[{"embeddable":true,"href":"https:\/\/www.europesays.com\/fr\/wp-json\/wp\/v2\/users\/2"}],"replies":[{"embeddable":true,"href":"https:\/\/www.europesays.com\/fr\/wp-json\/wp\/v2\/comments?post=400059"}],"version-history":[{"count":0,"href":"https:\/\/www.europesays.com\/fr\/wp-json\/wp\/v2\/posts\/400059\/revisions"}],"wp:featuredmedia":[{"embeddable":true,"href":"https:\/\/www.europesays.com\/fr\/wp-json\/wp\/v2\/media\/400060"}],"wp:attachment":[{"href":"https:\/\/www.europesays.com\/fr\/wp-json\/wp\/v2\/media?parent=400059"}],"wp:term":[{"taxonomy":"category","embeddable":true,"href":"https:\/\/www.europesays.com\/fr\/wp-json\/wp\/v2\/categories?post=400059"},{"taxonomy":"post_tag","embeddable":true,"href":"https:\/\/www.europesays.com\/fr\/wp-json\/wp\/v2\/tags?post=400059"}],"curies":[{"name":"wp","href":"https:\/\/api.w.org\/{rel}","templated":true}]}}