{"id":400069,"date":"2025-09-18T13:54:11","date_gmt":"2025-09-18T13:54:11","guid":{"rendered":"https:\/\/www.europesays.com\/fr\/400069\/"},"modified":"2025-09-18T13:54:11","modified_gmt":"2025-09-18T13:54:11","slug":"nous-voulons-un-vrai-lieu-de-memoire-pas-une-auberge-espagnole-les-anciens-de-la-navale-de-la-seyne-reagissent-au-projet-despace-museal-a-la-porte-des-chantiers","status":"publish","type":"post","link":"https:\/\/www.europesays.com\/fr\/400069\/","title":{"rendered":"\u00ab\u00a0Nous voulons un vrai lieu de m\u00e9moire, pas une auberge espagnole\u00a0\u00bb: les anciens de la Navale de La Seyne r\u00e9agissent au projet d\u2019espace mus\u00e9al \u00e0 la Porte des Chantiers"},"content":{"rendered":"<p data-start=\"125\" data-end=\"419\">Ce n\u2019est pas tant <a href=\"https:\/\/www.varmatin.com\/vie-locale\/l-amenagement-de-la-porte-des-chantiers-est-reporte-1001274\" target=\"_blank\" rel=\"noopener\">le contenu de l\u2019article paru le 10 septembre dans Var-matin<\/a> qui a pouss\u00e9 l\u2019Amians* \u00e0 r\u00e9agir, mais plut\u00f4t le titre s\u2019y rapportant en Une du journal : \u00ab\u00a0Des anciens de la Navale bloquent le projet d\u2019espace mus\u00e9al\u00a0\u00bb. Car ces anciens des Chantiers n\u2019en font pas la m\u00eame analyse.<\/p>\n<p data-start=\"421\" data-end=\"814\">Durant cette entrevue, le pr\u00e9sident Lucien Conac a principalement voulu d\u00e9montrer, documents \u00e0 l\u2019appui (notamment des \u00e9changes \u00e9crits avec l\u2019actuelle municipalit\u00e9, avant et apr\u00e8s Nathalie Bicais), que son association n\u2019a qu\u2019une volont\u00e9: en plus de \u00ab\u00a0la d\u00e9fense de la m\u00e9moire des chantiers\u00a0\u00bb qui l\u2019anime depuis 36 ans, celle de \u00ab\u00a0voir enfin aboutir un espace mus\u00e9al authentique et permanent\u00a0\u00bb.<\/p>\n<p data-start=\"816\" data-end=\"1327\">Et le 2\u1d49 \u00e9tage de l\u2019embl\u00e9matique Porte des Chantiers, o\u00f9 se trouve son si\u00e8ge social, conviendrait bel et bien pour y exposer, entre autres, \u00ab\u00a0les authentiques maquettes de navires construits aux chantiers qui restent toujours dans des placards\u00a0\u00bb. \u00ab\u00a0Si certains trouvent l\u2019endroit trop petit, nous, nous le trouvons surtout possible, et nous pr\u00e9f\u00e9rons avoir moins que rien du tout\u00a0\u00bb, a d\u00e9clar\u00e9 le pr\u00e9sident Conac, qui ne d\u00e9sesp\u00e8re pas de trouver, un jour, un plus grand \u00e9crin. \u00ab\u00a0\u00c0 la Cit\u00e9 bleue, pourquoi pas ?\u00a0\u00bb<\/p>\n<p data-start=\"1329\" data-end=\"1708\">Mais, pour l\u2019heure, l\u2019Amians maintient qu\u2019elle ne veut \u00ab\u00a0surtout pas d\u2019une auberge espagnole\u00a0\u00bb, r\u00e9affirmant par l\u00e0 sa \u00ab\u00a0ferme opposition \u00e0 une simple salle de r\u00e9union o\u00f9 six associations, aujourd\u2019hui, viendraient faire et dire ce qu\u2019elles veulent \u00e0 leur convenance\u00a0\u00bb. Ce que, par ailleurs, n\u2019a jamais laiss\u00e9 entendre la municipalit\u00e9, d\u2019hier ou d\u2019aujourd\u2019hui\u2026 documents \u00e0 l\u2019appui.<\/p>\n<p data-start=\"1710\" data-end=\"1756\"><strong data-start=\"1710\" data-end=\"1756\">\u00ab\u00a0Sous la gestion d\u2019un comit\u00e9 de direction\u00a0\u00bb<\/strong><\/p>\n<p data-start=\"1758\" data-end=\"2266\">Et il n\u2019est pas question pour autant, soutient encore l\u2019Amians, d\u2019\u00e9carter les autres associations \u00ab\u00a0amies\u00a0\u00bb qui \u0153uvrent dans le m\u00eame sens. Mais, comme le pr\u00e9sident pensait en avoir convenu cet \u00e9t\u00e9 avec l\u2019actuel maire de La Seyne: \u00ab\u00a0Ce projet doit \u00eatre r\u00e9alis\u00e9 comme une institution, avec la participation des associations et des personnalit\u00e9s qualifi\u00e9es qui veulent bien y travailler. Son fonctionnement sera assur\u00e9 par une autorit\u00e9 plurielle dont l\u2019appellation retenue est comit\u00e9 de direction\u00a0\u00bb, pose-t-il.<\/p>\n<p data-start=\"2268\" data-end=\"2601\">L\u2019Amians r\u00e9fute donc toute intention de blocage de son c\u00f4t\u00e9\u2026 \u00ab\u00a0Et s\u2019il faut d\u00e9gager les deux ou trois m\u00e8tres cubes d\u2019affaires entass\u00e9es dans un coin pour permettre les travaux, nous le ferons, \u00e9videmment\u00a0\u00bb, indique-t-il encore, en r\u00e9action (apais\u00e9e) \u00e0 ce (petit) point de crispation d\u00e9nonc\u00e9 par le maire dans nos colonnes. C\u2019est dit.<\/p>\n<p data-start=\"2603\" data-end=\"2998\">Gageons que ces \u00ab\u00a0incompr\u00e9hensions\u00a0\u00bb, et deux ou trois points \u00e0 pr\u00e9ciser sans doute, trouveront une issue favorable. Car, comme l\u2019avait d\u00e9clar\u00e9 Lucien Conac lors du dernier forum des associations : \u00ab\u00a0Notre ville ne peut oublier ni ses origines, ni ce glorieux pass\u00e9. Plus de 36 ans apr\u00e8s la fermeture de ses grands chantiers, il est inconcevable qu\u2019aucun lieu de m\u00e9moire durable ne les honore.\u00a0\u00bb<\/p>\n<p>*Association de maintien des int\u00e9r\u00eats aux anciens de la Navale de La Seyne. <br \/>&#13;<br \/>\n**Rappelons que des travaux \u00e9taient pr\u00e9vus durant cet \u00e9t\u00e9.<\/p>\n","protected":false},"excerpt":{"rendered":"Ce n\u2019est pas tant le contenu de l\u2019article paru le 10 septembre dans Var-matin qui a pouss\u00e9 l\u2019Amians*&hellip;\n","protected":false},"author":2,"featured_media":400070,"comment_status":"","ping_status":"","sticky":false,"template":"","format":"standard","meta":{"footnotes":""},"categories":[9619],"tags":[1111,11,1777,674,1011,27,12,882,25,2310,3366],"class_list":{"0":"post-400069","1":"post","2":"type-post","3":"status-publish","4":"format-standard","5":"has-post-thumbnail","7":"category-toulon","8":"tag-actu","9":"tag-actualites","10":"tag-eu","11":"tag-europe","12":"tag-fr","13":"tag-france","14":"tag-news","15":"tag-provence-alpes-cote-dazur","16":"tag-republique-francaise","17":"tag-toulon","18":"tag-vie-locale"},"share_on_mastodon":{"url":"https:\/\/pubeurope.com\/@fr\/115225641874891984","error":""},"_links":{"self":[{"href":"https:\/\/www.europesays.com\/fr\/wp-json\/wp\/v2\/posts\/400069","targetHints":{"allow":["GET"]}}],"collection":[{"href":"https:\/\/www.europesays.com\/fr\/wp-json\/wp\/v2\/posts"}],"about":[{"href":"https:\/\/www.europesays.com\/fr\/wp-json\/wp\/v2\/types\/post"}],"author":[{"embeddable":true,"href":"https:\/\/www.europesays.com\/fr\/wp-json\/wp\/v2\/users\/2"}],"replies":[{"embeddable":true,"href":"https:\/\/www.europesays.com\/fr\/wp-json\/wp\/v2\/comments?post=400069"}],"version-history":[{"count":0,"href":"https:\/\/www.europesays.com\/fr\/wp-json\/wp\/v2\/posts\/400069\/revisions"}],"wp:featuredmedia":[{"embeddable":true,"href":"https:\/\/www.europesays.com\/fr\/wp-json\/wp\/v2\/media\/400070"}],"wp:attachment":[{"href":"https:\/\/www.europesays.com\/fr\/wp-json\/wp\/v2\/media?parent=400069"}],"wp:term":[{"taxonomy":"category","embeddable":true,"href":"https:\/\/www.europesays.com\/fr\/wp-json\/wp\/v2\/categories?post=400069"},{"taxonomy":"post_tag","embeddable":true,"href":"https:\/\/www.europesays.com\/fr\/wp-json\/wp\/v2\/tags?post=400069"}],"curies":[{"name":"wp","href":"https:\/\/api.w.org\/{rel}","templated":true}]}}