{"id":400075,"date":"2025-09-18T13:57:17","date_gmt":"2025-09-18T13:57:17","guid":{"rendered":"https:\/\/www.europesays.com\/fr\/400075\/"},"modified":"2025-09-18T13:57:17","modified_gmt":"2025-09-18T13:57:17","slug":"cest-incroyable-des-chirurgiens-utilisent-un-morceau-de-dent-pour-redonner-la-vue-a-un-aveugle","status":"publish","type":"post","link":"https:\/\/www.europesays.com\/fr\/400075\/","title":{"rendered":"\u00ab C\u2019est incroyable ! \u00bb\u2026 Des chirurgiens utilisent un morceau de dent pour redonner la vue \u00e0 un aveugle"},"content":{"rendered":"<p class=\"mb-4 text-lg md:leading-8 break-words\"><strong>\u00e9poustouflant &#8211; Dylan avait 12 ans lorsqu\u2019il a perdu la vue apr\u00e8s avoir \u00e9t\u00e9 victime du syndrome de Lyell. Aujourd\u2019hui \u00e2g\u00e9 de 24 ans, il recommence \u00e0 voir apr\u00e8s une op\u00e9ration exceptionnelle au CHRU de Montpellier<\/strong><\/p>\n<p class=\"mb-4 text-lg md:leading-8 break-words\">Dylan avait douze ans lorsqu\u2019il a perdu la vue apr\u00e8s avoir \u00e9t\u00e9 victime du syndrome de Lyell. Cette r\u00e9action cutan\u00e9e s\u00e9v\u00e8re est caract\u00e9ris\u00e9e par une n\u00e9crose extensive de l\u2019\u00e9piderme, conduisant \u00e0 son d\u00e9collement. La pathologie est g\u00e9n\u00e9ralement caus\u00e9e par une r\u00e9action m\u00e9dicamenteuse. Douze ans priv\u00e9 de la vue\u2026 jusqu\u2019\u00e0 cette forme de miracle. Op\u00e9r\u00e9 au service d\u2019ophtalmologie du <a href=\"https:\/\/www.20minutes.fr\/dossier\/chu?at_medium=RSS%20feed&amp;at_campaign=ynews&amp;utm_source=yahoo&amp;utm_medium=rss&amp;utm_campaign=news_feed&amp;utm_content=in_article_link\" rel=\"nofollow noopener\" target=\"_blank\" data-ylk=\"slk:CHRU;elm:context_link;itc:0;sec:content-canvas\" class=\"link \">CHRU<\/a> de <a href=\"https:\/\/www.20minutes.fr\/montpellier\/?at_medium=RSS%20feed&amp;at_campaign=ynews&amp;utm_source=yahoo&amp;utm_medium=rss&amp;utm_campaign=news_feed&amp;utm_content=in_article_link\" rel=\"nofollow noopener\" target=\"_blank\" data-ylk=\"slk:Montpellier;elm:context_link;itc:0;sec:content-canvas\" class=\"link \">Montpellier<\/a>, le jeune homme, aujourd\u2019hui \u00e2g\u00e9 de 24 ans, recommence \u00e0 voir de nouveau.<\/p>\n<p class=\"mb-4 text-lg md:leading-8 break-words\">\u00ab\u00a0\u00c7a devient de plus en plus net, je commence \u00e0 voir mon visage. C\u2019est incroyable\u00a0\u00bb, explique-t-il devant les cam\u00e9ras de <a href=\"https:\/\/www.franceinfo.fr\/sante\/handicap\/je-commence-a-voir-mon-visage-c-est-incroyable-dylan-aveugle-depuis-ses-12-ans-retrouve-la-vue-a-24-ans-grace-a-un-morceau-de-dent_7496158.html#:~:text=%C3%80%2024%20ans%2C%20ce%20jeune,chance%20de%20revoir%20un%20jour?at_medium=RSS%20feed&amp;at_campaign=ynews&amp;utm_source=yahoo&amp;utm_medium=rss&amp;utm_campaign=news_feed&amp;utm_content=in_article_link\" rel=\"nofollow noopener\" target=\"_blank\" data-ylk=\"slk:France t\u00e9l\u00e9vision;elm:context_link;itc:0;sec:content-canvas\" class=\"link \">France t\u00e9l\u00e9vision<\/a>. L\u2019op\u00e9ration exceptionnelle a \u00e9t\u00e9 men\u00e9e par le docteur Vincent Daien. \u00ab\u00a0On utilise une dent comme support, dans laquelle on va coller une optique, un fragment de verre ou de plexiglas, au milieu, pour redonner la transparence \u00e0 la partie avant de l\u2019\u0153il\u00a0\u00bb, explique-t-il \u00e0 <a href=\"https:\/\/rmc.bfmtv.com\/actualites\/societe\/sante\/une-operation-de-8h-aveugle-depuis-ses-12-ans-il-recouvre-la-vue-grace-a-un-morceau-de-dent_AV-202509180455.html?at_brand=BFMTV&amp;at_compte=BFMTV&amp;at_plateforme=facebook&amp;at_campaign=Fan_pages&amp;at_medium=Community_Management&amp;at_medium=RSS%20feed&amp;at_campaign=ynews&amp;utm_source=yahoo&amp;utm_medium=rss&amp;utm_campaign=news_feed&amp;utm_content=in_article_link\" rel=\"nofollow noopener\" target=\"_blank\" data-ylk=\"slk:RMC;elm:context_link;itc:0;sec:content-canvas\" class=\"link \">RMC<\/a>. Ce proc\u00e9d\u00e9 incroyable s\u2019appelle la k\u00e9ratoproth\u00e8se.<\/p>\n<p>Seuls dix patients ont b\u00e9n\u00e9fici\u00e9 de cette technique en France<\/p>\n<p class=\"mb-4 text-lg md:leading-8 break-words\">L\u2019op\u00e9ration a dur\u00e9 huit heures au cours desquelles le sp\u00e9cialise a pr\u00e9lev\u00e9 une canine au patient, l\u2019a creus\u00e9e pour y placer une lentille de moins de 5 millim\u00e8tres de diam\u00e8tre. La proth\u00e8se a \u00e9t\u00e9 plac\u00e9e sous l\u2019\u0153il pour s\u2019y vasculariser, avant d\u2019\u00eatre fix\u00e9e \u00e0 la place de l\u2019\u0153il br\u00fbl\u00e9. \u00ab\u00a0C\u2019est du sur-mesure, les tissus vont vraiment se cicatriser autour et l\u2019int\u00e9grer dans son \u0153il\u00a0\u00bb, explique le m\u00e9decin pendant l\u2019op\u00e9ration, sous les cam\u00e9ras de France t\u00e9l\u00e9vision. Seuls dix patients ont b\u00e9n\u00e9fici\u00e9 de cett(&#8230;)<\/p>\n<p class=\"mb-4 text-lg md:leading-8 break-words\"><a href=\"https:\/\/www.20minutes.fr\/sante\/4173885-20250918-montpellier-incroyable-chirurgiens-utilisent-morceau-dent-redonner-vue-aveugle?at_medium=RSS%20feed&amp;at_campaign=ynews&amp;utm_source=yahoo&amp;utm_medium=rss&amp;utm_campaign=news_feed&amp;utm_content=read_more_link&quot;\" rel=\"nofollow noopener\" target=\"_blank\" data-ylk=\"slk:Lire la suite sur 20minutes;elm:context_link;itc:0;sec:content-canvas\" class=\"link \">Lire la suite sur 20minutes<\/a><\/p>\n<p>\u00c0 lire aussi :<br \/><a href=\"https:\/\/www.20minutes.fr\/justice\/4173762-20250917-proces-dr-pechier-geste-anesthesiste-laisse-collegue-choquee?at_medium=RSS%20feed&amp;at_campaign=ynews&amp;utm_source=yahoo&amp;utm_medium=rss&amp;utm_campaign=news_feed&amp;utm_content=related_content_link\" rel=\"nofollow noopener\" target=\"_blank\" data-ylk=\"slk:Proc\u00e8s du Dr P\u00e9chier\u00a0: Ce geste de l\u2019anesth\u00e9siste qui a laiss\u00e9 sa coll\u00e8gue \u00ab\u00a0choqu\u00e9e\u00a0\u00bb;elm:context_link;itc:0;sec:content-canvas\" class=\"link \">Proc\u00e8s du Dr P\u00e9chier\u00a0: Ce geste de l\u2019anesth\u00e9siste qui a laiss\u00e9 sa coll\u00e8gue \u00ab\u00a0choqu\u00e9e\u00a0\u00bb<\/a><br \/><a href=\"https:\/\/www.20minutes.fr\/sante\/4173231-20250915-royaume-uni-chirurgien-abandonne-patient-table-operation-aller-batifoler-infirmiere?at_medium=RSS%20feed&amp;at_campaign=ynews&amp;utm_source=yahoo&amp;utm_medium=rss&amp;utm_campaign=news_feed&amp;utm_content=related_content_link\" rel=\"nofollow noopener\" target=\"_blank\" data-ylk=\"slk:Royaume-Uni\u00a0: Le chirurgien avait abandonn\u00e9 un patient sur la table d\u2019op\u00e9ration pour aller batifoler avec une infirmi\u00e8re;elm:context_link;itc:0;sec:content-canvas\" class=\"link \">Royaume-Uni\u00a0: Le chirurgien avait abandonn\u00e9 un patient sur la table d\u2019op\u00e9ration pour aller batifoler avec une infirmi\u00e8re<\/a><\/p>\n","protected":false},"excerpt":{"rendered":"\u00e9poustouflant &#8211; Dylan avait 12 ans lorsqu\u2019il a perdu la vue apr\u00e8s avoir \u00e9t\u00e9 victime du syndrome de&hellip;\n","protected":false},"author":2,"featured_media":400076,"comment_status":"","ping_status":"","sticky":false,"template":"","format":"standard","meta":{"footnotes":""},"categories":[9599],"tags":[1111,11,27980,53153,1777,674,1011,27,23339,53152,2208,12,2680,25,53151],"class_list":{"0":"post-400075","1":"post","2":"type-post","3":"status-publish","4":"format-standard","5":"has-post-thumbnail","7":"category-montpellier","8":"tag-actu","9":"tag-actualites","10":"tag-chru","11":"tag-dylan","12":"tag-eu","13":"tag-europe","14":"tag-fr","15":"tag-france","16":"tag-france-television","17":"tag-la-vue","18":"tag-montpellier","19":"tag-news","20":"tag-occitanie","21":"tag-republique-francaise","22":"tag-syndrome-de-lyell"},"share_on_mastodon":{"url":"https:\/\/pubeurope.com\/@fr\/115225653677048888","error":""},"_links":{"self":[{"href":"https:\/\/www.europesays.com\/fr\/wp-json\/wp\/v2\/posts\/400075","targetHints":{"allow":["GET"]}}],"collection":[{"href":"https:\/\/www.europesays.com\/fr\/wp-json\/wp\/v2\/posts"}],"about":[{"href":"https:\/\/www.europesays.com\/fr\/wp-json\/wp\/v2\/types\/post"}],"author":[{"embeddable":true,"href":"https:\/\/www.europesays.com\/fr\/wp-json\/wp\/v2\/users\/2"}],"replies":[{"embeddable":true,"href":"https:\/\/www.europesays.com\/fr\/wp-json\/wp\/v2\/comments?post=400075"}],"version-history":[{"count":0,"href":"https:\/\/www.europesays.com\/fr\/wp-json\/wp\/v2\/posts\/400075\/revisions"}],"wp:featuredmedia":[{"embeddable":true,"href":"https:\/\/www.europesays.com\/fr\/wp-json\/wp\/v2\/media\/400076"}],"wp:attachment":[{"href":"https:\/\/www.europesays.com\/fr\/wp-json\/wp\/v2\/media?parent=400075"}],"wp:term":[{"taxonomy":"category","embeddable":true,"href":"https:\/\/www.europesays.com\/fr\/wp-json\/wp\/v2\/categories?post=400075"},{"taxonomy":"post_tag","embeddable":true,"href":"https:\/\/www.europesays.com\/fr\/wp-json\/wp\/v2\/tags?post=400075"}],"curies":[{"name":"wp","href":"https:\/\/api.w.org\/{rel}","templated":true}]}}