{"id":400077,"date":"2025-09-18T13:58:20","date_gmt":"2025-09-18T13:58:20","guid":{"rendered":"https:\/\/www.europesays.com\/fr\/400077\/"},"modified":"2025-09-18T13:58:20","modified_gmt":"2025-09-18T13:58:20","slug":"il-refuse-dobtemperer-et-percute-la-police-pres-de-rouen","status":"publish","type":"post","link":"https:\/\/www.europesays.com\/fr\/400077\/","title":{"rendered":"Il refuse d&rsquo;obtemp\u00e9rer et percute la police pr\u00e8s de Rouen"},"content":{"rendered":"\n<p>Les faits se sont d\u00e9roul\u00e9s \u00e0 Cl\u00e9on, rue Dulcie-September, dans l\u2019apr\u00e8s-midi de ce lundi 15 septembre. Alors que les policiers \u00ab\u00a0tentaient de contr\u00f4ler un scooter de grosse cylindr\u00e9e\u00a0\u00bb, le pilote \u00e2g\u00e9 de 21 ans a refus\u00e9 d\u2019obtemp\u00e9rer. <strong>Dans sa fuite, \u00ab\u00a0il a percut\u00e9 le v\u00e9hicule de police avant de chuter au sol\u00a0\u00bb <\/strong>d\u00e9taille la Police nationale de Seine-Maritime. L\u00e9g\u00e8rement bless\u00e9, l\u2019individu a \u00e9t\u00e9 interpell\u00e9.\u00a0<\/p>\n<p><strong>Une collection d&rsquo;infractions\u00a0<\/strong><\/p>\n<p>Les v\u00e9rifications ont ensuite r\u00e9v\u00e9l\u00e9 une s\u00e9rie d\u2019infractions. Le deux-roues, un scooter Honda 750, avait \u00e9t\u00e9 <strong>d\u00e9clar\u00e9 vol\u00e9<\/strong>, et le pilote <strong>ne poss\u00e9dait pas le permis<\/strong> ad\u00e9quat pour le conduire. Les policiers ont \u00e9galement d\u00e9couvert <strong>un couteau dissimul\u00e9 dans sa poche<\/strong>. Plac\u00e9 en garde \u00e0 vue, il devra r\u00e9pondre de plusieurs d\u00e9lits, dont refus d\u2019obtemp\u00e9rer, recel de vol, d\u00e9faut de permis et port d\u2019arme prohib\u00e9e. <strong>Le scooter a \u00e9t\u00e9 plac\u00e9 en fourri\u00e8re<\/strong>.<\/p>\n","protected":false},"excerpt":{"rendered":"Les faits se sont d\u00e9roul\u00e9s \u00e0 Cl\u00e9on, rue Dulcie-September, dans l\u2019apr\u00e8s-midi de ce lundi 15 septembre. Alors que&hellip;\n","protected":false},"author":2,"featured_media":400078,"comment_status":"","ping_status":"","sticky":false,"template":"","format":"standard","meta":{"footnotes":""},"categories":[9587],"tags":[1111,53158,24120,11,53154,1777,674,1011,27,12,5161,53155,53156,2852,53157,25,9590,53160,53159],"class_list":{"0":"post-400077","1":"post","2":"type-post","3":"status-publish","4":"format-standard","5":"has-post-thumbnail","7":"category-rouen","8":"tag-actu","9":"tag-actu-76","10":"tag-actu-rouen","11":"tag-actualites","12":"tag-cleon","13":"tag-eu","14":"tag-europe","15":"tag-fr","16":"tag-france","17":"tag-news","18":"tag-normandie","19":"tag-police-nationale-76","20":"tag-police-nationale-seine-maritime","21":"tag-refus-dobtemperer","22":"tag-refus-dobtemperer-roue","23":"tag-republique-francaise","24":"tag-rouen","25":"tag-scooter-rouen","26":"tag-scooter-vole"},"share_on_mastodon":{"url":"https:\/\/pubeurope.com\/@fr\/115225657700626179","error":""},"_links":{"self":[{"href":"https:\/\/www.europesays.com\/fr\/wp-json\/wp\/v2\/posts\/400077","targetHints":{"allow":["GET"]}}],"collection":[{"href":"https:\/\/www.europesays.com\/fr\/wp-json\/wp\/v2\/posts"}],"about":[{"href":"https:\/\/www.europesays.com\/fr\/wp-json\/wp\/v2\/types\/post"}],"author":[{"embeddable":true,"href":"https:\/\/www.europesays.com\/fr\/wp-json\/wp\/v2\/users\/2"}],"replies":[{"embeddable":true,"href":"https:\/\/www.europesays.com\/fr\/wp-json\/wp\/v2\/comments?post=400077"}],"version-history":[{"count":0,"href":"https:\/\/www.europesays.com\/fr\/wp-json\/wp\/v2\/posts\/400077\/revisions"}],"wp:featuredmedia":[{"embeddable":true,"href":"https:\/\/www.europesays.com\/fr\/wp-json\/wp\/v2\/media\/400078"}],"wp:attachment":[{"href":"https:\/\/www.europesays.com\/fr\/wp-json\/wp\/v2\/media?parent=400077"}],"wp:term":[{"taxonomy":"category","embeddable":true,"href":"https:\/\/www.europesays.com\/fr\/wp-json\/wp\/v2\/categories?post=400077"},{"taxonomy":"post_tag","embeddable":true,"href":"https:\/\/www.europesays.com\/fr\/wp-json\/wp\/v2\/tags?post=400077"}],"curies":[{"name":"wp","href":"https:\/\/api.w.org\/{rel}","templated":true}]}}