{"id":400085,"date":"2025-09-18T14:02:37","date_gmt":"2025-09-18T14:02:37","guid":{"rendered":"https:\/\/www.europesays.com\/fr\/400085\/"},"modified":"2025-09-18T14:02:37","modified_gmt":"2025-09-18T14:02:37","slug":"a-rennes-plus-de-850-personnes-a-la-fete-de-quartier-temps-fort-de-la-rentree","status":"publish","type":"post","link":"https:\/\/www.europesays.com\/fr\/400085\/","title":{"rendered":"\u00c0 Rennes, plus de 850\u00a0personnes \u00e0 la f\u00eate de quartier, temps fort de la rentr\u00e9e"},"content":{"rendered":"<p>Initialement pr\u00e9vue au parc des Gayeulles, la 15e \u00e9dition de la f\u00eate du Jeu et de la parentalit\u00e9 a \u00e9t\u00e9 d\u00e9localis\u00e9e \u00e0 l\u2019EPI (\u00c9quipement public int\u00e9gr\u00e9) des Longs-Champs, \u00e0<a href=\"https:\/\/rennes.maville.com\/info\/info-locale\/\" target=\"_blank\" rel=\"noopener\"> Rennes<\/a> (Ille-et-Vilaine), samedi 13\u00a0septembre, en raison de la m\u00e9t\u00e9o. Plus de 850\u00a0personnes ont particip\u00e9 tout au long de l\u2019apr\u00e8s-midi, <strong>\u00ab\u00a0confirmant le r\u00f4le f\u00e9d\u00e9rateur de ce rendez-vous de rentr\u00e9e\u00a0\u00bb<\/strong>, se f\u00e9licite Magali Cadiou, coordinatrice au <a href=\"https:\/\/rennes.maville.com\/actu\/actudet_-a-rennes-au-centre-social-de-maurepas-des-benevoles-a-l-ecoute-des-habitants-_7-6023814_actu.Htm\" target=\"_blank\" rel=\"noopener\">Centre social de Maurepas<\/a>.<\/p>\n<p>Une cinquantaine de stands et animations gratuits \u00e9taient propos\u00e9es, pour tous les \u00e2ges (jeux g\u00e9ants, escape game, tir \u00e0 l\u2019arc, casques de r\u00e9alit\u00e9 virtuelle\u2026) De nombreux partenaires associatifs, structures de quartier et b\u00e9n\u00e9voles s\u2019\u00e9taient mobilis\u00e9s depuis avril\u00a02025, pour faire vivre cette f\u00eate interg\u00e9n\u00e9rationnelle. Dont les jeunes de Jobs \u00e0 Rennes, qui ont particip\u00e9 activement \u00e0 la logistique et \u00e0 l\u2019accueil du public.<\/p>\n<p>\u00ab\u00a0Cette f\u00eate est chaque ann\u00e9e plus belle\u00a0\u00bb<\/p>\n<p><strong>\u00ab\u00a0Cette f\u00eate est chaque ann\u00e9e plus belle. En tout cas, c\u2019\u00e9tait une belle journ\u00e9e de partage et de d\u00e9couvertes\u00a0\u00bb<\/strong>, explique Julie, b\u00e9n\u00e9vole au stand tattoo paillettes.<\/p>\n<p>L\u2019\u00e9v\u00e9nement a aussi permis de rappeler l\u2019importance du \u00ab\u00a0vivre ensemble\u00a0\u00bb et de l\u2019engagement \u00e9cologique\u00a0: \u00e9co-cups consign\u00e9es, actions de sensibilisation de River Clean 35, Ligue de protection des oiseaux, jeux autour du tri des d\u00e9chets ou des \u00e9conomies d\u2019\u00e9nergie et stands autour de la parentalit\u00e9.<\/p>\n<p>\u00a0<\/p>\n","protected":false},"excerpt":{"rendered":"Initialement pr\u00e9vue au parc des Gayeulles, la 15e \u00e9dition de la f\u00eate du Jeu et de la parentalit\u00e9&hellip;\n","protected":false},"author":2,"featured_media":400086,"comment_status":"","ping_status":"","sticky":false,"template":"","format":"standard","meta":{"footnotes":""},"categories":[2821],"tags":[53161,1111,11,829,1777,674,4768,7482,1011,27,12,3744,5775,584,28313,25,5426],"class_list":{"0":"post-400085","1":"post","2":"type-post","3":"status-publish","4":"format-standard","5":"has-post-thumbnail","7":"category-rennes","8":"tag-53161","9":"tag-actu","10":"tag-actualites","11":"tag-bretagne","12":"tag-eu","13":"tag-europe","14":"tag-fete","15":"tag-fort","16":"tag-fr","17":"tag-france","18":"tag-news","19":"tag-personnes","20":"tag-quartier","21":"tag-rennes","22":"tag-rentree","23":"tag-republique-francaise","24":"tag-temps"},"share_on_mastodon":{"url":"https:\/\/pubeurope.com\/@fr\/115225673310340464","error":""},"_links":{"self":[{"href":"https:\/\/www.europesays.com\/fr\/wp-json\/wp\/v2\/posts\/400085","targetHints":{"allow":["GET"]}}],"collection":[{"href":"https:\/\/www.europesays.com\/fr\/wp-json\/wp\/v2\/posts"}],"about":[{"href":"https:\/\/www.europesays.com\/fr\/wp-json\/wp\/v2\/types\/post"}],"author":[{"embeddable":true,"href":"https:\/\/www.europesays.com\/fr\/wp-json\/wp\/v2\/users\/2"}],"replies":[{"embeddable":true,"href":"https:\/\/www.europesays.com\/fr\/wp-json\/wp\/v2\/comments?post=400085"}],"version-history":[{"count":0,"href":"https:\/\/www.europesays.com\/fr\/wp-json\/wp\/v2\/posts\/400085\/revisions"}],"wp:featuredmedia":[{"embeddable":true,"href":"https:\/\/www.europesays.com\/fr\/wp-json\/wp\/v2\/media\/400086"}],"wp:attachment":[{"href":"https:\/\/www.europesays.com\/fr\/wp-json\/wp\/v2\/media?parent=400085"}],"wp:term":[{"taxonomy":"category","embeddable":true,"href":"https:\/\/www.europesays.com\/fr\/wp-json\/wp\/v2\/categories?post=400085"},{"taxonomy":"post_tag","embeddable":true,"href":"https:\/\/www.europesays.com\/fr\/wp-json\/wp\/v2\/tags?post=400085"}],"curies":[{"name":"wp","href":"https:\/\/api.w.org\/{rel}","templated":true}]}}