{"id":400096,"date":"2025-09-18T14:09:11","date_gmt":"2025-09-18T14:09:11","guid":{"rendered":"https:\/\/www.europesays.com\/fr\/400096\/"},"modified":"2025-09-18T14:09:11","modified_gmt":"2025-09-18T14:09:11","slug":"dans-le-centre-de-nantes-giboire-va-requalifier-un-quai-degrade-en-bord-de-loire","status":"publish","type":"post","link":"https:\/\/www.europesays.com\/fr\/400096\/","title":{"rendered":"Dans le centre de Nantes, Giboire va requalifier un quai d\u00e9grad\u00e9 en bord de Loire"},"content":{"rendered":"<p class=\"c-paragraph\">Mercredi 17 septembre, Jean-R\u00e9my Villageois, pr\u00e9sident du directoire de Nantes Saint-Nazaire Port, et Michel et Fran\u00e7ois Giboire, directeur g\u00e9n\u00e9ral du groupe immobilier, ont sign\u00e9 la <b>promesse de convention d\u2019occupation temporaire du domaine portuaire<\/b> d\u2019une parcelle de 300 m de long situ\u00e9e quai Marquis d\u2019Aiguillon, entre le quartier du Bas-Chantenay et le centre-ville. Cette signature, pr\u00e9par\u00e9e par l\u2019\u00e9tude GMV Notaires, donne le <b>coup d\u2019envoi d\u2019un projet de requalification du site<\/b> qui constituera un nouveau maillon central de la promenade nantaise des bords de Loire, allant du centre-ville au Jardin extraordinaire.<\/p>\n<p><img decoding=\"async\" data-chromatic=\"ignore\" alt=\"Jean-R&#xE9;my Villageois, pr&#xE9;sident du directoire de Nantes Saint-Nazaire Port, et Fran&#xE7;ois et Michel Giboire, respectivement, directeur g&#xE9;n&#xE9;ral et pr&#xE9;sident du groupe Giboire\" class=\"c-image\" loading=\"lazy\" src=\"https:\/\/www.europesays.com\/fr\/wp-content\/uploads\/2025\/09\/AXRRRNS75JCUBN6V42EP5QH4JU.jpg\"  width=\"800\" height=\"532\"\/>De gauche \u00e0 droite\u00a0: Jean-R\u00e9my Villageois, pr\u00e9sident du directoire de Nantes Saint-Nazaire Port, et Fran\u00e7ois et Michel Giboire, respectivement, directeur g\u00e9n\u00e9ral et pr\u00e9sident du groupe Giboire. (Mathieu THOMASSET\/Nantes Saint-Nazaire Port \/ Math) <\/p>\n<p class=\"c-paragraph\"><b>Cet AMI est le premier lanc\u00e9 par le grand port maritime dans la cit\u00e9 des Ducs<\/b> et il a re\u00e7u une forte mobilisation des op\u00e9rateurs immobiliers nationaux et r\u00e9gionaux. Il s\u2019inscrit dans une strat\u00e9gie de valorisation \u00e9labor\u00e9e d\u00e8s 2021 avec J\u00e9r\u00f4me Beauvois de la soci\u00e9t\u00e9 Libre Cour(s), assistant \u00e0 ma\u00eetrise d\u2019ouvrage.<\/p>\n<p class=\"c-paragraph\"><b>Baptis\u00e9 l\u2019Escale, le projet de Giboire sera le maillon central d\u2019un nouveau parcours urbain gr\u00e2ce \u00e0 la requalification du site et la r\u00e9alisation d\u2019un programme immobilier, en lieu et place du hangar 12.<\/b> Le projet a \u00e9t\u00e9 con\u00e7u avec une \u00e9quipe pluridisciplinaire <b>constitu\u00e9e notamment de l\u2019agence d\u2019architecture Magnum, de l\u2019agence de paysage Faar et des bureaux d\u2019\u00e9tudes Ascia et Pouget Consultants<\/b>.<\/p>\n<p>Une programmation mixte<\/p>\n<p class=\"c-paragraph\">D\u2019un point de vue urbain, l\u2019objectif est de <b>cr\u00e9er une continuit\u00e9 entre les diff\u00e9rentes polarit\u00e9s du quartier<\/b> tout en \u00e9tant ouvert aux habitants. \u00ab Gr\u00e2ce \u00e0 de nouveaux am\u00e9nagements ext\u00e9rieurs et des espaces v\u00e9g\u00e9talis\u00e9s, il offrira des aires de jeux, parcours sportifs et espaces de d\u00e9tente, des jardins en pleine terre et zones de fra\u00eecheur. <b>A la place de l\u2019actuel hangar 12, une programmation mixte verra le jour \u00e0 horizon 2033<\/b>, comprenant des restaurants, bureaux, services et commerces, ainsi qu\u2019un h\u00f4tel \u00bb pr\u00e9cise le communiqu\u00e9.<\/p>\n<p class=\"c-paragraph\">City-Neo, sp\u00e9cialis\u00e9e dans l\u2019insertion des projets urbains au sein de leur quartier, a \u00e9t\u00e9 mandat\u00e9e par Nantes Saint-Nazaire Port pour mener un <b>temps de pr\u00e9sentation et de dialogue aupr\u00e8s des riverains directs, des acteurs locaux et des habitants du quartier Bas-Chantenay et de la Butte Saint-Anne<\/b>. Ce temps de pr\u00e9sentation et d\u2019\u00e9changes, qui va d\u00e9buter ces prochains jours, aura \u00e9galement pour objectif de recueillir les diverses questions qui pourraient \u00eatre pos\u00e9es.<\/p>\n<p>Premi\u00e8re \u00e9tape : s\u00e9curiser et consolider le quai<\/p>\n<p class=\"c-paragraph\">Mis en service en 1936, le quai fait l\u2019objet de diagnostics r\u00e9guliers depuis les ann\u00e9es 1980. <b>Dans un premier temps, l\u2019ouvrage, dont l\u2019\u00e9tat actuel est fortement d\u00e9grad\u00e9 &#8211; certaines portions ferm\u00e9es au public -, sera r\u00e9habilit\u00e9<\/b>. La premi\u00e8re \u00e9tape de ce chantier consiste \u00e0 mettre en \u0153uvre un <b>rideau parafouille<\/b>. Ce dispositif, situ\u00e9 en arri\u00e8re du quai, est un rideau \u00e9tanche destin\u00e9 \u00e0 contenir l\u2019\u00e9rosion. <b>La premi\u00e8re phase de travaux devrait d\u00e9marrer avant l\u2019\u00e9t\u00e9 2026<\/b> et sera suivie, \u00e0 partir de 2028, de la d\u00e9molition du hangar, puis de la r\u00e9habilitation des structures du quai en b\u00e9ton arm\u00e9.<\/p>\n<p class=\"c-paragraph\">Ce n\u2019est qu\u2019au terme de cette phase de consolidation que le groupe Giboire engagera la r\u00e9alisation du projet proprement dit avec l\u2019<b>objectif de livrer le quai r\u00e9am\u00e9nag\u00e9 et son programme immobilier en 2033<\/b>.<\/p>\n","protected":false},"excerpt":{"rendered":"Mercredi 17 septembre, Jean-R\u00e9my Villageois, pr\u00e9sident du directoire de Nantes Saint-Nazaire Port, et Michel et Fran\u00e7ois Giboire, directeur&hellip;\n","protected":false},"author":2,"featured_media":400097,"comment_status":"","ping_status":"","sticky":false,"template":"","format":"standard","meta":{"footnotes":""},"categories":[2818],"tags":[1111,11,53165,1350,27795,1777,674,1011,27,53163,1116,3047,766,12,2636,53164,4916,53162,25],"class_list":{"0":"post-400096","1":"post","2":"type-post","3":"status-publish","4":"format-standard","5":"has-post-thumbnail","7":"category-nantes","8":"tag-actu","9":"tag-actualites","10":"tag-appel-a-manifestation-dinteret","11":"tag-architecture","12":"tag-commande-publique","13":"tag-eu","14":"tag-europe","15":"tag-fr","16":"tag-france","17":"tag-groupe-giboire","18":"tag-immobilier","19":"tag-loire-atlantique","20":"tag-nantes","21":"tag-news","22":"tag-pays-de-la-loire","23":"tag-politique-et-institutions","24":"tag-projets","25":"tag-promoteurs-immobiliers","26":"tag-republique-francaise"},"share_on_mastodon":{"url":"https:\/\/pubeurope.com\/@fr\/115225701248372514","error":""},"_links":{"self":[{"href":"https:\/\/www.europesays.com\/fr\/wp-json\/wp\/v2\/posts\/400096","targetHints":{"allow":["GET"]}}],"collection":[{"href":"https:\/\/www.europesays.com\/fr\/wp-json\/wp\/v2\/posts"}],"about":[{"href":"https:\/\/www.europesays.com\/fr\/wp-json\/wp\/v2\/types\/post"}],"author":[{"embeddable":true,"href":"https:\/\/www.europesays.com\/fr\/wp-json\/wp\/v2\/users\/2"}],"replies":[{"embeddable":true,"href":"https:\/\/www.europesays.com\/fr\/wp-json\/wp\/v2\/comments?post=400096"}],"version-history":[{"count":0,"href":"https:\/\/www.europesays.com\/fr\/wp-json\/wp\/v2\/posts\/400096\/revisions"}],"wp:featuredmedia":[{"embeddable":true,"href":"https:\/\/www.europesays.com\/fr\/wp-json\/wp\/v2\/media\/400097"}],"wp:attachment":[{"href":"https:\/\/www.europesays.com\/fr\/wp-json\/wp\/v2\/media?parent=400096"}],"wp:term":[{"taxonomy":"category","embeddable":true,"href":"https:\/\/www.europesays.com\/fr\/wp-json\/wp\/v2\/categories?post=400096"},{"taxonomy":"post_tag","embeddable":true,"href":"https:\/\/www.europesays.com\/fr\/wp-json\/wp\/v2\/tags?post=400096"}],"curies":[{"name":"wp","href":"https:\/\/api.w.org\/{rel}","templated":true}]}}