{"id":400098,"date":"2025-09-18T14:10:21","date_gmt":"2025-09-18T14:10:21","guid":{"rendered":"https:\/\/www.europesays.com\/fr\/400098\/"},"modified":"2025-09-18T14:10:21","modified_gmt":"2025-09-18T14:10:21","slug":"la-droite-vent-debout-contre-la-decision-de-johanna-rolland-de-hisser-le-drapeau-palestinien-au-fronton-de-la-mairie","status":"publish","type":"post","link":"https:\/\/www.europesays.com\/fr\/400098\/","title":{"rendered":"la droite vent debout contre la d\u00e9cision de Johanna Rolland de hisser le drapeau palestinien au fronton de la mairie"},"content":{"rendered":"<p>\u00abJohanna Rolland continue de s\u2019aligner sur les positions antir\u00e9publicaines de La France insoumise\u00bb, tacle le candidat Les R\u00e9publicains aux municipales de 2026, Foulques Chombart de Lauwe. Une consternation partag\u00e9e chez Horizons et au Rassemblement national.<\/p>\n<p class=\"fig-paragraph\">La d\u00e9cision a fait bondir la droite locale. Pour c\u00e9l\u00e9brer la reconnaissance par la France de l\u2019\u00c9tat de Palestine, pr\u00e9vue lundi 22 septembre,\u00a0<a href=\"http:\/\/www.lefigaro.fr\/vox\/societe\/explosion-de-l-insecurite-ecologie-punitive-johanna-rolland-est-a-nantes-ce-qu-anne-hidalgo-est-a-paris-20240327\" target=\"_blank\" data-fig-type=\"Article\" rel=\"noopener\" data-gtm-custom-categorie=\"navigation\" data-gtm-custom-action=\"crossclick\" data-gtm-custom-label=\"Contextuel\" data-gtm-event=\"customEventSPE\" data-fig-domain=\"LEFIGARO\">Johanna Rolland<\/a>, maire de Nantes et num\u00e9ro 2 du Parti socialiste, a annonc\u00e9, mardi 16 septembre, son intention de pavoiser d\u2019un drapeau palestinien l\u2019h\u00f4tel de ville de la cit\u00e9 des ducs. \u00c0 l\u2019instar du maire de Saint-Denis,\u00a0<a href=\"http:\/\/www.lefigaro.fr\/politique\/mathieu-hanotin-maire-ps-de-saint-denis-la-presence-de-la-police-est-efficace-pour-lutter-contre-l-insecurite-20240810\" target=\"_blank\" data-fig-type=\"Article\" rel=\"noopener\" data-gtm-custom-categorie=\"navigation\" data-gtm-custom-action=\"crossclick\" data-gtm-custom-label=\"Contextuel\" data-gtm-event=\"customEventSPE\" data-fig-domain=\"LEFIGARO\">Mathieu Hanotin<\/a>\u00a0(LFI), l\u2019\u00e9lue fait partie de la poign\u00e9e d\u2019\u00e9diles qui ont r\u00e9pondu \u00e0\u00a0<a href=\"http:\/\/www.lefigaro.fr\/politique\/drapeaux-palestiniens-sur-les-mairies-olivier-faure-provoque-un-tolle-20250916\" target=\"_blank\" data-fig-type=\"Article\" rel=\"noopener\" data-gtm-custom-categorie=\"navigation\" data-gtm-custom-action=\"crossclick\" data-gtm-custom-label=\"Contextuel\" data-gtm-event=\"customEventSPE\" data-fig-domain=\"LEFIGARO\">l\u2019appel du premier secr\u00e9taire du Parti socialiste, Olivier Faure<\/a>. Au prix d\u2019une vive contestation de son opposition municipale.<\/p>\n<p class=\"fig-paragraph\">\u00abUne mairie n\u2019est pas le lieu de manifestations militantes, elle doit rester au-dessus des divisions et \u00eatre source d\u2019unit\u00e9 entre les habitants\u00bb, fustige,\u00a0<a href=\"http:\/\/www.lefigaro.fr\/nantes\/qui-est-foulques-chombart-de-lauwe-nouveau-champion-de-la-droite-a-nantes-20250901\" target=\"_blank\" data-fig-type=\"NewsFlash\" rel=\"noopener\" data-gtm-custom-categorie=\"navigation\" data-gtm-custom-action=\"crossclick\" data-gtm-custom-label=\"Contextuel\" data-gtm-event=\"customEventSPE\" data-fig-domain=\"LEFIGARO\">Foulques Chombart de Lauwe<\/a>, le nouveau champion de la droite nantaise. \u00abComme Olivier Faure, Johanna Rolland continue de s\u2019aligner sur les positions antir\u00e9publicaines de La France insoumise\u00bb, ajoute l\u2019\u00e9lu, dans un communiqu\u00e9 diffus\u00e9 mercredi. Foulques Chombart de Lauwe s\u2019indigne du manquement annonc\u00e9 au principe de neutralit\u00e9 des services publics, un principe rappel\u00e9 notamment en juin dernier, lorsque\u00a0<a href=\"http:\/\/www.lefigaro.fr\/actualite-france\/la-mairie-de-saint-denis-hisse-le-drapeau-palestinien-sur-sa-facade-et-appelle-a-manifester-a-paris-20250614\" target=\"_blank\" data-fig-type=\"NewsFlash\" rel=\"noopener\" data-gtm-custom-categorie=\"navigation\" data-gtm-custom-action=\"crossclick\" data-gtm-custom-label=\"Contextuel\" data-gtm-event=\"customEventSPE\" data-fig-domain=\"LEFIGARO\">le pr\u00e9fet de Seine-Saint-Denis avait demand\u00e9 \u00e0 Mathieu Hanotin de retirer le drapeau de la Palestine<\/a>\u00a0de la fa\u00e7ade de son h\u00f4tel de ville. \u00abJohanna Rolland ne manque jamais une occasion de rappeler \u00e0 tous l\u2019importance de l\u2019\u00c9tat de droit, sauf quand il s\u2019agit de se l\u2019appliquer \u00e0 elle-m\u00eame\u00bb, observe encore le conseiller municipal,<a href=\"http:\/\/www.lefigaro.fr\/nantes\/municipales-foulques-chombart-de-lauwe-remporte-la-primaire-lr-a-nantes-20250831\" target=\"_blank\" data-fig-type=\"NewsFlash\" rel=\"noopener\" data-gtm-custom-categorie=\"navigation\" data-gtm-custom-action=\"crossclick\" data-gtm-custom-label=\"Contextuel\" data-gtm-event=\"customEventSPE\" data-fig-domain=\"LEFIGARO\">\u00a0candidat Les R\u00e9publicains aux municipales<\/a>.<\/p>\n<p>                                    <a class=\"fig-a11y-skip a11y-hidden\" href=\"#fig-a11y-skip-main-inarticle\"><br \/>\n        Passer la publicit\u00e9<br \/>\n    <\/a><\/p>\n<p>\u00abClient\u00e9lisme\u00bb et \u00abcommunautarisme\u00bb<\/p>\n<p class=\"fig-paragraph\">D\u00e9l\u00e9gu\u00e9 du parti Horizons en Loire-Atlantique et \u00e9lu \u00e0 Nantes, Guillaume Richard se scandalise \u00e9galement du parti pris de la mairie de Nantes. \u00abAu lieu de calmer les foules et de s\u2019engager pour enrayer l\u2019antis\u00e9mitisme qui gangr\u00e8ne notre pays, Johanna Rolland prend une d\u00e9cision \u00e0 l\u2019image de sa politique\u00a0: du court terme, du client\u00e9lisme, du communautarisme\u00bb, a d\u00e9nombr\u00e9 l\u2019\u00e9lu en regrettant \u00abune d\u00e9rive grave du r\u00f4le municipal\u00bb. La consternation \u00e9tait aussi de mise au Rassemblement national. \u00abNon, Johanna Rolland, vous n\u2019avez aucun mandat du peuple pour hisser sur une maison de la R\u00e9publique le drapeau d\u2019un \u00c9tat dirig\u00e9 par les terroristes du Hamas. Vous \u00eates pr\u00eate \u00e0 toutes les souillures pour racoler des voix\u00bb, a tanc\u00e9 Bryan Pecqueur, d\u00e9l\u00e9gu\u00e9 d\u00e9partemental adjoint du parti \u00e0 la flamme.<\/p>\n<p class=\"fig-body-link\">\n            \u00c0 lire aussi<br \/>\n        <a class=\"fig-body-link__link\" href=\"http:\/\/www.lefigaro.fr\/nantes\/nantes-un-medecin-generaliste-suspecte-d-avoir-sexuellement-agresse-65-patientes-20250917\" target=\"_blank\" data-fig-type=\"NewsFlash\" rel=\"noopener\" data-gtm-custom-categorie=\"navigation\" data-gtm-custom-action=\"crossclick\" data-gtm-custom-label=\"Contextuel\" data-gtm-event=\"customEventSPE\" data-fig-domain=\"LEFIGARO\">Nantes\u00a0: un m\u00e9decin g\u00e9n\u00e9raliste suspect\u00e9 d\u2019avoir sexuellement agress\u00e9 65 patientes<br \/>\n    <\/a>\n<\/p>\n<p class=\"fig-paragraph\">Les avis \u00e9taient toutefois plus partag\u00e9s chez les opposants centristes. Ex-d\u00e9put\u00e9e Renaissance, la conseill\u00e8re municipale Val\u00e9rie Oppelt a sobrement indiqu\u00e9 sur ses r\u00e9seaux sociaux s\u2019opposer \u00e0 \u00abun acte politique qui bafoue la neutralit\u00e9 du service public\u00bb, arguant que \u00abla France a besoin d\u2019apaisement\u00bb. Son camarade au sein du conseil municipal, Mounir Belhamiti, pr\u00e9sident d\u00e9partemental de Renaissance, a en revanche salu\u00e9 l\u2019initiative des mairies qui hisseront le drapeau palestinien en soutien \u00e0 l\u2019\u00abacte historique\u00bb de la reconnaissance par la France de l\u2019\u00c9tat de Palestine.<\/p>\n<p class=\"fig-paragraph\">La cause palestinienne et son drapeau ont d\u00e9j\u00e0 provoqu\u00e9 quelques p\u00e9rip\u00e9ties, \u00e0 Nantes, au printemps 2024, avec\u00a0<a href=\"http:\/\/www.lefigaro.fr\/nantes\/drapeaux-palestiniens-peints-a-nantes-l-opposition-demande-leur-nettoyage-la-maire-regrette-une-polemique-20240315\" target=\"_blank\" data-fig-type=\"NewsFlash\" rel=\"noopener\" data-gtm-custom-categorie=\"navigation\" data-gtm-custom-action=\"crossclick\" data-gtm-custom-label=\"Contextuel\" data-gtm-event=\"customEventSPE\" data-fig-domain=\"LEFIGARO\">l\u2019affaire du grand escalier de la butte Sainte-Anne repeint aux couleurs de la Palestine<\/a>. La mairie avait demand\u00e9 de ne pas nettoyer l\u2019ouvrage, en soutien \u00e0 l\u2019appel au cessez-le-feu. Finalement recouvert en partie par un drapeau isra\u00e9lien puis par des symboles nazis,\u00a0<a href=\"http:\/\/www.lefigaro.fr\/nantes\/a-nantes-l-escalier-de-la-discorde-totalement-nettoye-apres-la-degradation-du-drapeau-israelien-20240424\" target=\"_blank\" data-fig-type=\"NewsFlash\" rel=\"noopener\" data-gtm-custom-categorie=\"navigation\" data-gtm-custom-action=\"crossclick\" data-gtm-custom-label=\"Contextuel\" data-gtm-event=\"customEventSPE\" data-fig-domain=\"LEFIGARO\">le grand escalier avait \u00e9t\u00e9 nettoy\u00e9 fin avril 2024<\/a>. Quelques mois plus t\u00f4t, en octobre 2023, la mairie de Nantes avait \u00e9galement octroy\u00e9 une subvention \u00e0\u00a0<a href=\"http:\/\/www.lefigaro.fr\/nantes\/nantes-apres-le-vote-d-une-subvention-pour-l-association-france-palestine-solidarite-des-elus-quittent-le-conseil-municipal-20231013\" target=\"_blank\" data-fig-type=\"NewsFlash\" rel=\"noopener\" data-gtm-custom-categorie=\"navigation\" data-gtm-custom-action=\"crossclick\" data-gtm-custom-label=\"Contextuel\" data-gtm-event=\"customEventSPE\" data-fig-domain=\"LEFIGARO\">une association qui refusait de qualifier les attaques du 7 octobre de \u00abterroristes\u00bb<\/a>.<\/p>\n","protected":false},"excerpt":{"rendered":"\u00abJohanna Rolland continue de s\u2019aligner sur les positions antir\u00e9publicaines de La France insoumise\u00bb, tacle le candidat Les R\u00e9publicains&hellip;\n","protected":false},"author":2,"featured_media":400099,"comment_status":"","ping_status":"","sticky":false,"template":"","format":"standard","meta":{"footnotes":""},"categories":[2818],"tags":[1111,11,1777,674,1011,27,766,12,3518,2636,25],"class_list":{"0":"post-400098","1":"post","2":"type-post","3":"status-publish","4":"format-standard","5":"has-post-thumbnail","7":"category-nantes","8":"tag-actu","9":"tag-actualites","10":"tag-eu","11":"tag-europe","12":"tag-fr","13":"tag-france","14":"tag-nantes","15":"tag-news","16":"tag-palestine","17":"tag-pays-de-la-loire","18":"tag-republique-francaise"},"share_on_mastodon":{"url":"https:\/\/pubeurope.com\/@fr\/115225704810623050","error":""},"_links":{"self":[{"href":"https:\/\/www.europesays.com\/fr\/wp-json\/wp\/v2\/posts\/400098","targetHints":{"allow":["GET"]}}],"collection":[{"href":"https:\/\/www.europesays.com\/fr\/wp-json\/wp\/v2\/posts"}],"about":[{"href":"https:\/\/www.europesays.com\/fr\/wp-json\/wp\/v2\/types\/post"}],"author":[{"embeddable":true,"href":"https:\/\/www.europesays.com\/fr\/wp-json\/wp\/v2\/users\/2"}],"replies":[{"embeddable":true,"href":"https:\/\/www.europesays.com\/fr\/wp-json\/wp\/v2\/comments?post=400098"}],"version-history":[{"count":0,"href":"https:\/\/www.europesays.com\/fr\/wp-json\/wp\/v2\/posts\/400098\/revisions"}],"wp:featuredmedia":[{"embeddable":true,"href":"https:\/\/www.europesays.com\/fr\/wp-json\/wp\/v2\/media\/400099"}],"wp:attachment":[{"href":"https:\/\/www.europesays.com\/fr\/wp-json\/wp\/v2\/media?parent=400098"}],"wp:term":[{"taxonomy":"category","embeddable":true,"href":"https:\/\/www.europesays.com\/fr\/wp-json\/wp\/v2\/categories?post=400098"},{"taxonomy":"post_tag","embeddable":true,"href":"https:\/\/www.europesays.com\/fr\/wp-json\/wp\/v2\/tags?post=400098"}],"curies":[{"name":"wp","href":"https:\/\/api.w.org\/{rel}","templated":true}]}}