{"id":400116,"date":"2025-09-18T14:19:09","date_gmt":"2025-09-18T14:19:09","guid":{"rendered":"https:\/\/www.europesays.com\/fr\/400116\/"},"modified":"2025-09-18T14:19:09","modified_gmt":"2025-09-18T14:19:09","slug":"lfi-et-mathilde-panot-tapent-sur-bruno-retailleau","status":"publish","type":"post","link":"https:\/\/www.europesays.com\/fr\/400116\/","title":{"rendered":"LFI et Mathilde Panot tapent sur Bruno Retailleau"},"content":{"rendered":"<p>            Par<br \/>\n        <strong><br \/>\n            <a href=\"https:\/\/actu.fr\/auteur\/redaction-lyon\" title=\"Consulter tous les articles de R\u00e9daction Lyon\" target=\"_blank\" rel=\"noopener\">R\u00e9daction Lyon<\/a><br \/>\n        <\/strong><\/p>\n<p>        Publi\u00e9 le<\/p>\n<p>            18 sept. 2025 \u00e0 16h03        <\/p>\n<p>\u00c0 <a href=\"https:\/\/actu.fr\/auvergne-rhone-alpes\/lyon_69123\" target=\"_blank\" rel=\"noopener\">Lyon<\/a>, les \u00e9lus de la France insoumise \u00e9taient aux premi\u00e8res loges pour accompagner la journ\u00e9e de <a href=\"https:\/\/actu.fr\/auvergne-rhone-alpes\/lyon_69123\/direct-greve-du-18-septembre-blocages-manifestation-suivez-la-journee-de-mobilisation-a-lyon_63174661.html\" target=\"_blank\" rel=\"noopener\">manifestation du 18 septembre<\/a> organis\u00e9e par une large intersyndicale et qui a rassembl\u00e9 entre 14 000 personnes, selon la pr\u00e9fecture et 20 000 manifestants d\u2019apr\u00e8s la CGT et FSU.<\/p>\n<p class=\" wall-content\">La cheffe des d\u00e9put\u00e9s LFI <strong>Mathilde Panot<\/strong> a d\u00e9nonc\u00e9, en marge du cort\u00e8ge, \u00ab\u00a0la r\u00e9pression\u00a0\u00bb et l\u2019emploi \u00ab\u00a0compl\u00e8tement disproportionn\u00e9\u00a0\u00bb des forces de l\u2019ordre pour la journ\u00e9e de mobilisation sociale en visant le ministre de l\u2019Int\u00e9rieur d\u00e9missionnaire <a href=\"https:\/\/actu.fr\/bretagne\/la-trinite-sur-mer_56258\/sabotage-pour-la-greve-du-18-septembre-la-boulette-du-ministre-de-linterieur-sur-le-morbihan_63177544.html\" target=\"_blank\" rel=\"noopener\">Bruno Retailleau<\/a>.<\/p>\n<p class=\" wall-content\">\u00ab\u00a0La Macronie, aujourd\u2019hui, ne tient plus que par le fil \u00e0 la fois de la peur et de la r\u00e9pression\u00a0\u00bb, a d\u00e9clar\u00e9 la parlementaire avant le d\u00e9part de plusieurs milliers de manifestants dans le centre de la ville, qui entendent peser sur les choix budg\u00e9taires du gouvernement.<\/p>\n<p>Une \u00ab\u00a0r\u00e9pression contre le peuple\u00a0\u00bb<\/p>\n<p class=\" wall-content\">\u00ab\u00a0Il est absolument scandaleux qu\u2019un ministre de l\u2019Int\u00e9rieur d\u00e9missionnaire d\u00e9ploie un effectif de police et de gendarmes sur trois dans le pays, avec des consignes tr\u00e8s claires (\u2026), notamment avec des lyc\u00e9ens qui ont \u00e9t\u00e9 matraqu\u00e9s et gaz\u00e9s, avec un d\u00e9p\u00f4t de bus qui a \u00e9t\u00e9 d\u00e9bloqu\u00e9 avec des moyens qui sont compl\u00e8tement disproportionn\u00e9s\u00a0\u00bb, a-t-elle d\u00e9nonc\u00e9.<\/p>\n<p class=\" wall-content\">\u00ab\u00a0Nous ne sommes pas d\u2019accord pour que la r\u00e9pression soit utilis\u00e9e contre le peuple\u00a0\u00bb, a ajout\u00e9 la d\u00e9put\u00e9e.<\/p>\n<p class=\" wall-content\">L\u2019insoumise a ensuite cit\u00e9 le ministre de la Justice G\u00e9rald Darmanin qui, dans ses anciennes fonctions \u00e0 l\u2019Int\u00e9rieur, avait d\u00e9clar\u00e9 lors de blocages d\u2019agriculteurs : \u00ab\u00a0On ne r\u00e9pond pas \u00e0 la souffrance en envoyant des CRS\u00a0\u00bb. \u00ab\u00a0Eh bien, M. Darmanin devrait se rappeler de \u00e7a\u00a0\u00bb, a-t-elle estim\u00e9.<\/p>\n<p class=\" wall-content\">\u00ab\u00a0Personne n\u2019est dupe\u00a0\u00bb sur le fait que la nomination de S\u00e9bastien Lecornu comme Premier ministre apr\u00e8s la chute de Fran\u00e7ois Bayrou \u00ab\u00a0ne fera aucune rupture avec la politique macroniste\u00a0\u00bb, a ajout\u00e9 Mme Panot.<\/p>\n<p>Votre r\u00e9gion, votre actu !<\/p>\n<p>Recevez chaque jour les infos qui comptent pour vous.<\/p>\n<p>\t<a href=\"https:\/\/actu.fr\/newsletter\" class=\"ac-btn ac-btn--corner ac-btn--medium ac-btn--blue800\" target=\"_blank\" rel=\"noopener\">S&rsquo;incrire<\/a><br \/>\nUne \u00ab\u00a0forte mobilisation\u00a0\u00bb selon Ana\u00efs Belouassa Cherifi<\/p>\n<p class=\" wall-content\">La d\u00e9put\u00e9e LFI de Lyon et probable candidate aux municipales 2026 dans la ville <a href=\"https:\/\/actu.fr\/auvergne-rhone-alpes\/lyon_69123\/anais-belouassa-cherifi-deputee-lfi-sucrer-les-aides-sociales-aux-delinquants-n-est-pas-la-solution_61773486.html\" target=\"_blank\" rel=\"noopener\">Ana\u00efs Belouassa-Cherifi<\/a> a aussi d\u00e9fendu le mouvement au micro d\u2019actu Lyon en saluant \u00ab\u00a0une forte mobilisation\u00a0\u00bb.<\/p>\n<p class=\" wall-content\">\n<p class=\" wall-content\">Jusqu\u2019\u00e0 900.000 manifestants sont attendus partout en France par les autorit\u00e9s, une affluence qui d\u00e9passerait largement la mobilisation, moins structur\u00e9e, du 10 septembre (pr\u00e8s de 200.000 personnes d\u2019apr\u00e8s le d\u00e9compte officiel) et \u00e9galerait celle des journ\u00e9es d\u2019action contre la r\u00e9forme des retraites en 2023. Quelque 80.000 policiers et gendarmes sont mobilis\u00e9s sur l\u2019ensemble du territoire.<\/p>\n<p class=\" wall-content\">Dans le Rh\u00f4ne, la pr\u00e9fecture avait d\u00e9ploy\u00e9 1 300 policiers et gendarmes pour la journ\u00e9e ainsi que des blind\u00e9s de la gendarmerie, des canons lanceurs d\u2019eau, des drones, un h\u00e9licopt\u00e8re et un avion.<\/p>\n<p class=\" wall-content\"><strong>AFP avec notre journaliste Julien Sournies sur place<\/strong><\/p>\n<p class=\" wall-content\">Personnalisez votre actualit\u00e9 en ajoutant vos villes et m\u00e9dias en favori avec <a href=\"https:\/\/moncompte.actu.fr\" title=\"D\u00e9couvez Mon Actu\" rel=\"nofollow noopener\" data-trk=\"{&quot;cta&quot;:{&quot;action&quot;:&quot;https:\\\/\\\/moncompte.actu.fr&quot;,&quot;category&quot;:&quot;mon compte&quot;,&quot;from&quot;:&quot;article footer&quot;,&quot;name&quot;:&quot;Mon actu&quot;,&quot;type&quot;:&quot;cta&quot;}}\" target=\"_blank\">Mon Actu<\/a>.<\/p>\n","protected":false},"excerpt":{"rendered":"Par R\u00e9daction Lyon Publi\u00e9 le 18 sept. 2025 \u00e0 16h03 \u00c0 Lyon, les \u00e9lus de la France insoumise&hellip;\n","protected":false},"author":2,"featured_media":400117,"comment_status":"","ping_status":"","sticky":false,"template":"","format":"standard","meta":{"footnotes":""},"categories":[1889],"tags":[1111,11,2430,1777,674,1011,27,52713,1023,2428,1272,12,316,25],"class_list":{"0":"post-400116","1":"post","2":"type-post","3":"status-publish","4":"format-standard","5":"has-post-thumbnail","7":"category-lyon","8":"tag-actu","9":"tag-actualites","10":"tag-auvergne-rhone-alpes","11":"tag-eu","12":"tag-europe","13":"tag-fr","14":"tag-france","15":"tag-greve-du-18-septembre","16":"tag-la-france-insoumise-lfi","17":"tag-lyon","18":"tag-manifestations","19":"tag-news","20":"tag-politique","21":"tag-republique-francaise"},"share_on_mastodon":{"url":"https:\/\/pubeurope.com\/@fr\/115225740389264027","error":""},"_links":{"self":[{"href":"https:\/\/www.europesays.com\/fr\/wp-json\/wp\/v2\/posts\/400116","targetHints":{"allow":["GET"]}}],"collection":[{"href":"https:\/\/www.europesays.com\/fr\/wp-json\/wp\/v2\/posts"}],"about":[{"href":"https:\/\/www.europesays.com\/fr\/wp-json\/wp\/v2\/types\/post"}],"author":[{"embeddable":true,"href":"https:\/\/www.europesays.com\/fr\/wp-json\/wp\/v2\/users\/2"}],"replies":[{"embeddable":true,"href":"https:\/\/www.europesays.com\/fr\/wp-json\/wp\/v2\/comments?post=400116"}],"version-history":[{"count":0,"href":"https:\/\/www.europesays.com\/fr\/wp-json\/wp\/v2\/posts\/400116\/revisions"}],"wp:featuredmedia":[{"embeddable":true,"href":"https:\/\/www.europesays.com\/fr\/wp-json\/wp\/v2\/media\/400117"}],"wp:attachment":[{"href":"https:\/\/www.europesays.com\/fr\/wp-json\/wp\/v2\/media?parent=400116"}],"wp:term":[{"taxonomy":"category","embeddable":true,"href":"https:\/\/www.europesays.com\/fr\/wp-json\/wp\/v2\/categories?post=400116"},{"taxonomy":"post_tag","embeddable":true,"href":"https:\/\/www.europesays.com\/fr\/wp-json\/wp\/v2\/tags?post=400116"}],"curies":[{"name":"wp","href":"https:\/\/api.w.org\/{rel}","templated":true}]}}