{"id":400141,"date":"2025-09-18T14:33:19","date_gmt":"2025-09-18T14:33:19","guid":{"rendered":"https:\/\/www.europesays.com\/fr\/400141\/"},"modified":"2025-09-18T14:33:19","modified_gmt":"2025-09-18T14:33:19","slug":"allemagne-le-budget-2025-approuve-par-le-bundestag-18-09-2025-a-1549","status":"publish","type":"post","link":"https:\/\/www.europesays.com\/fr\/400141\/","title":{"rendered":"Allemagne-Le budget 2025 approuv\u00e9 par le Bundestag &#8211; 18\/09\/2025 \u00e0 15:49"},"content":{"rendered":"<p>\n Le Bundestag a approuv\u00e9<br \/>\njeudi le premier budget annuel de l&rsquo;Allemagne depuis l&rsquo;adoption<br \/>\nen d\u00e9but d&rsquo;ann\u00e9e de vastes r\u00e9formes visant \u00e0 assouplir les<br \/>\nr\u00e8gles budg\u00e9taires, ouvrant la voie \u00e0 de nouvelles d\u00e9penses<br \/>\nvisant \u00e0 stimuler l&rsquo;\u00e9conomie et \u00e0 renforcer la d\u00e9fense.\n<\/p>\n<p>\n Le budget 2025 de l&rsquo;Allemagne pr\u00e9voit un investissement<br \/>\ntotal de pr\u00e8s de 116 milliards d&rsquo;euros, rendu possible gr\u00e2ce \u00e0<br \/>\nun fonds d&rsquo;infrastructure de 500 milliards d&rsquo;euros et \u00e0 une<br \/>\nexemption des r\u00e8gles d&rsquo;endettement pour les d\u00e9penses de d\u00e9fense<br \/>\napprouv\u00e9e en mars.\n<\/p>\n<p>\n La plus grande \u00e9conomie d&rsquo;Europe a d\u00fb se contenter cette<br \/>\nann\u00e9e d&rsquo;un budget provisoire apr\u00e8s que la coalition au pouvoir<br \/>\nen novembre dernier s&rsquo;est effondr\u00e9e sans avoir le temps<br \/>\nd&rsquo;adopter un plan de d\u00e9penses pour 2025.\n<\/p>\n<p>\n Le budget principal pour cette ann\u00e9e couvre des d\u00e9penses de<br \/>\n502,5 milliards d&rsquo;euros.\n<\/p>\n<p>\n En ajoutant les investissements du fonds d&rsquo;infrastructure et<br \/>\nun autre fonds de 100 milliards d&rsquo;euros pour la d\u00e9fense cr\u00e9\u00e9 par<br \/>\nl&rsquo;ancien chancelier Olaf Scholz \u00e0 la suite de l&rsquo;invasion de<br \/>\nl&rsquo;Ukraine par la Russie, le budget s&rsquo;\u00e9l\u00e8ve au total \u00e0 591<br \/>\nmilliards d&rsquo;euros.\n<\/p>\n<p>\n Le budget de base pr\u00e9voit un emprunt de 81,8 milliards<br \/>\nd&rsquo;euros en 2025.\n<\/p>\n<p>\n Le total des emprunts s&rsquo;\u00e9l\u00e8ve \u00e0 143,2 milliards d&rsquo;euros,<br \/>\nauxquels s&rsquo;ajoutent 37,2 milliards d&rsquo;euros provenant du fonds<br \/>\nsp\u00e9cial pour les infrastructures et 24,1 milliards d&rsquo;euros<br \/>\nprovenant du fonds sp\u00e9cial pour la d\u00e9fense, a d\u00e9clar\u00e9 un<br \/>\nporte-parole du minist\u00e8re des Finances.\n<\/p>\n<p>\n Le Parlement va commencer \u00e0 d\u00e9battre la semaine prochaine du<br \/>\nprojet de budget pour 2026, une approbation finale \u00e9tant<br \/>\nattendue en novembre.\n<\/p>\n<p>\n (Reportage Holger Hansen et Maria Martinez, r\u00e9dig\u00e9 par Rachel<br \/>\nMore, version fran\u00e7aise Augustin Turpin, \u00e9dit\u00e9 par Blandine<br \/>\nH\u00e9nault)<\/p>\n","protected":false},"excerpt":{"rendered":"Le Bundestag a approuv\u00e9 jeudi le premier budget annuel de l&rsquo;Allemagne depuis l&rsquo;adoption en d\u00e9but d&rsquo;ann\u00e9e de vastes&hellip;\n","protected":false},"author":2,"featured_media":2486,"comment_status":"","ping_status":"","sticky":false,"template":"","format":"standard","meta":{"footnotes":""},"categories":[1587],"tags":[400,11,672,398,408,1804,405,1805,1803,1777,674,1801,403,402,399,404,12,1802,401,406,407],"class_list":{"0":"post-400141","1":"post","2":"type-post","3":"status-publish","4":"format-standard","5":"has-post-thumbnail","7":"category-allemagne","8":"tag-action-cac-40","9":"tag-actualites","10":"tag-allemagne","11":"tag-bourse-de-paris","12":"tag-boursorama","13":"tag-bundesrepublik-deutschland","14":"tag-cotations","15":"tag-de","16":"tag-deutschland","17":"tag-eu","18":"tag-europe","19":"tag-germany","20":"tag-indices-devises","21":"tag-investir","22":"tag-investissement","23":"tag-marche-boursier","24":"tag-news","25":"tag-republique-federale-dallemagne","26":"tag-sicav","27":"tag-trackers","28":"tag-warrants"},"share_on_mastodon":{"url":"https:\/\/pubeurope.com\/@fr\/115225795295029486","error":""},"_links":{"self":[{"href":"https:\/\/www.europesays.com\/fr\/wp-json\/wp\/v2\/posts\/400141","targetHints":{"allow":["GET"]}}],"collection":[{"href":"https:\/\/www.europesays.com\/fr\/wp-json\/wp\/v2\/posts"}],"about":[{"href":"https:\/\/www.europesays.com\/fr\/wp-json\/wp\/v2\/types\/post"}],"author":[{"embeddable":true,"href":"https:\/\/www.europesays.com\/fr\/wp-json\/wp\/v2\/users\/2"}],"replies":[{"embeddable":true,"href":"https:\/\/www.europesays.com\/fr\/wp-json\/wp\/v2\/comments?post=400141"}],"version-history":[{"count":0,"href":"https:\/\/www.europesays.com\/fr\/wp-json\/wp\/v2\/posts\/400141\/revisions"}],"wp:featuredmedia":[{"embeddable":true,"href":"https:\/\/www.europesays.com\/fr\/wp-json\/wp\/v2\/media\/2486"}],"wp:attachment":[{"href":"https:\/\/www.europesays.com\/fr\/wp-json\/wp\/v2\/media?parent=400141"}],"wp:term":[{"taxonomy":"category","embeddable":true,"href":"https:\/\/www.europesays.com\/fr\/wp-json\/wp\/v2\/categories?post=400141"},{"taxonomy":"post_tag","embeddable":true,"href":"https:\/\/www.europesays.com\/fr\/wp-json\/wp\/v2\/tags?post=400141"}],"curies":[{"name":"wp","href":"https:\/\/api.w.org\/{rel}","templated":true}]}}