{"id":40015,"date":"2025-04-20T22:54:08","date_gmt":"2025-04-20T22:54:08","guid":{"rendered":"https:\/\/www.europesays.com\/fr\/40015\/"},"modified":"2025-04-20T22:54:08","modified_gmt":"2025-04-20T22:54:08","slug":"les-personnes-prenant-ce-medicament-devraient-en-fait-prendre-un-deuxieme-comprime-selon-une-etude","status":"publish","type":"post","link":"https:\/\/www.europesays.com\/fr\/40015\/","title":{"rendered":"Les personnes prenant ce m\u00e9dicament devraient en fait prendre un deuxi\u00e8me comprim\u00e9, selon une \u00e9tude"},"content":{"rendered":"<p>Selon une nouvelle \u00e9tude, publi\u00e9e dans la revue Mayo Clinic Proceedings, l\u2019association d\u2019une forte dose de statine \u00e0 un autre m\u00e9dicament hypocholest\u00e9rol\u00e9miant, appel\u00e9 \u00e9z\u00e9timibe, entra\u00eenerait une r\u00e9duction significative de 19 % du risque de d\u00e9c\u00e8s toutes causes confondues chez les personne souffrant de cholest\u00e9rol. Ce dernier, bien qu&rsquo;indispensable au bon fonctionnement du corps, est dangereux pour la sant\u00e9 quand il est pr\u00e9sent en exc\u00e8s. Il augmente ainsi les risques d&rsquo;ath\u00e9roscl\u00e9rose, d&rsquo;accident vasculaire c\u00e9r\u00e9bral, d&rsquo;hypertension art\u00e9rielle, d&rsquo;angine de poitrine, d&rsquo;insuffisance cardiaque ou encore de diab\u00e8te de type 2.<\/p>\n<p><b>Une r\u00e9duction significative du mauvais cholest\u00e9rol<\/b><\/p>\n<p>Ce traitement combin\u00e9 a \u00e9galement permis de r\u00e9duire significativement le taux de LDL-C, soit 13 mg par d\u00e9cilitre (dL) de sang suppl\u00e9mentaire par rapport aux statines seules. Selon les r\u00e9sultats, cela a augment\u00e9 de 85 % les chances d&rsquo;atteindre l&rsquo;objectif id\u00e9al de moins de 70 mg\/dL de LDL-C. Pour rappel, le taux de LDL-C fait r\u00e9f\u00e9rence \u00e0 la concentration de cholest\u00e9rol lipoprot\u00e9ines de basse densit\u00e9 (Low-Density Lipoprotein Cholesterol) dans le sang. C&rsquo;est ce qu&rsquo;on appelle le \u00ab\u00a0mauvais cholest\u00e9rol\u00a0\u00bb. Le professeur Maciej Banach, premier auteur de l&rsquo;\u00e9tude, issu de l&rsquo;Universit\u00e9 catholique Jean-Paul II de Lublin, en Pologne, a d\u00e9clar\u00e9 : \u00ab Ces r\u00e9sultats \u00e9taient encore plus prononc\u00e9s dans la m\u00e9ta-analyse en r\u00e9seau, qui permet une comparaison directe des diff\u00e9rents (&#8230;)<a href=\"https:\/\/www.topsante.com\/medecine\/maladies_chroniques\/les-personnes-prenant-ce-medicament-devraient-en-fait-prendre-un-deuxieme-comprime-selon-une-etude-913275?utm_campaign=partenariat&amp;utm_source=yahoo-articles&amp;utm_medium=flux\" rel=\"nofollow noopener\" target=\"_blank\" data-ylk=\"slk:Lire la suite sur Top Sant\u00e9;elm:context_link;itc:0;sec:content-canvas\" class=\"link \">Lire la suite sur Top Sant\u00e9<\/a><a href=\"https:\/\/www.topsante.com\/nutrition_et_recettes\/nutrition\/4-interactions-possibles-entre-la-cannelle-et-vos-medicaments-selon-les-experts-913179?utm_campaign=partenariat&amp;utm_source=yahoo-articles&amp;utm_medium=flux\" rel=\"nofollow noopener\" target=\"_blank\" data-ylk=\"slk:4 interactions possibles entre la cannelle et vos m\u00e9dicaments, selon les experts;elm:context_link;itc:0;sec:content-canvas\" class=\"link \">4 interactions possibles entre la cannelle et vos m\u00e9dicaments, selon les experts<\/a><br \/><a href=\"https:\/\/www.topsante.com\/beaute_soins\/anti_age\/bons_gestes\/dapres-un-chirurgien-esthetique-ce-massage-particulier-permet-de-ralentir-le-vieillissement-du-visage-912948?utm_campaign=partenariat&amp;utm_source=yahoo-articles&amp;utm_medium=flux\" rel=\"nofollow noopener\" target=\"_blank\" data-ylk=\"slk:D&#039;apr\u00e8s un chirurgien esth\u00e9tique, ce massage particulier permet de ralentir le vieillissement du visage;elm:context_link;itc:0;sec:content-canvas\" class=\"link \">D&rsquo;apr\u00e8s un chirurgien esth\u00e9tique, ce massage particulier permet de ralentir le vieillissement du visage<\/a><br \/><a href=\"https:\/\/www.topsante.com\/medecine\/maladies_neurologiques\/une-cause-probable-de-la-maladie-de-charcot-identifiee-par-des-chercheurs-francais-913128?utm_campaign=partenariat&amp;utm_source=yahoo-articles&amp;utm_medium=flux\" rel=\"nofollow noopener\" target=\"_blank\" data-ylk=\"slk:Une cause probable de la maladie de Charcot identifi\u00e9e par des chercheurs fran\u00e7ais;elm:context_link;itc:0;sec:content-canvas\" class=\"link \">Une cause probable de la maladie de Charcot identifi\u00e9e par des chercheurs fran\u00e7ais<\/a><br \/><a href=\"https:\/\/www.topsante.com\/beaute_soins\/cette-creme-hydratante-que-vous-connaissez-surement-etait-celle-de-lady-diana-913258?utm_campaign=partenariat&amp;utm_source=yahoo-articles&amp;utm_medium=flux\" rel=\"nofollow noopener\" target=\"_blank\" data-ylk=\"slk:Cette cr\u00e8me hydratante que vous connaissez surement \u00e9tait celle de Lady Diana;elm:context_link;itc:0;sec:content-canvas\" class=\"link \">Cette cr\u00e8me hydratante que vous connaissez surement \u00e9tait celle de Lady Diana<\/a><br \/><a href=\"https:\/\/www.topsante.com\/nutrition_et_recettes\/les_bons_aliments\/matieres_grasses\/vous-envisagez-dessayer-cette-tendance-sante-avec-de-lhuile-dolive-une-dieteticienne-appelle-a-la-prudence-912944?utm_campaign=partenariat&amp;utm_source=yahoo-articles&amp;utm_medium=flux\" rel=\"nofollow noopener\" target=\"_blank\" data-ylk=\"slk:Vous envisagez d&#039;essayer cette tendance-sant\u00e9 avec de l&#039;huile d&#039;olive ? Une di\u00e9t\u00e9ticienne appelle \u00e0 la prudence;elm:context_link;itc:0;sec:content-canvas\" class=\"link \">Vous envisagez d&rsquo;essayer cette tendance-sant\u00e9 avec de l&rsquo;huile d&rsquo;olive ? Une di\u00e9t\u00e9ticienne appelle \u00e0 la prudence<\/a><\/p>\n","protected":false},"excerpt":{"rendered":"Selon une nouvelle \u00e9tude, publi\u00e9e dans la revue Mayo Clinic Proceedings, l\u2019association d\u2019une forte dose de statine \u00e0&hellip;\n","protected":false},"author":2,"featured_media":40016,"comment_status":"","ping_status":"","sticky":false,"template":"","format":"standard","meta":{"footnotes":""},"categories":[10],"tags":[3359,1011,27,72,12389,12387,12388,71],"class_list":{"0":"post-40015","1":"post","2":"type-post","3":"status-publish","4":"format-standard","5":"has-post-thumbnail","7":"category-sante","8":"tag-diabete-de-type-2","9":"tag-fr","10":"tag-france","11":"tag-health","12":"tag-low-density-lipoprotein-cholesterol","13":"tag-mauvais-cholesterol","14":"tag-mayo-clinic-proceedings","15":"tag-sante"},"share_on_mastodon":{"url":"https:\/\/pubeurope.com\/@fr\/114372756360662622","error":""},"_links":{"self":[{"href":"https:\/\/www.europesays.com\/fr\/wp-json\/wp\/v2\/posts\/40015","targetHints":{"allow":["GET"]}}],"collection":[{"href":"https:\/\/www.europesays.com\/fr\/wp-json\/wp\/v2\/posts"}],"about":[{"href":"https:\/\/www.europesays.com\/fr\/wp-json\/wp\/v2\/types\/post"}],"author":[{"embeddable":true,"href":"https:\/\/www.europesays.com\/fr\/wp-json\/wp\/v2\/users\/2"}],"replies":[{"embeddable":true,"href":"https:\/\/www.europesays.com\/fr\/wp-json\/wp\/v2\/comments?post=40015"}],"version-history":[{"count":0,"href":"https:\/\/www.europesays.com\/fr\/wp-json\/wp\/v2\/posts\/40015\/revisions"}],"wp:featuredmedia":[{"embeddable":true,"href":"https:\/\/www.europesays.com\/fr\/wp-json\/wp\/v2\/media\/40016"}],"wp:attachment":[{"href":"https:\/\/www.europesays.com\/fr\/wp-json\/wp\/v2\/media?parent=40015"}],"wp:term":[{"taxonomy":"category","embeddable":true,"href":"https:\/\/www.europesays.com\/fr\/wp-json\/wp\/v2\/categories?post=40015"},{"taxonomy":"post_tag","embeddable":true,"href":"https:\/\/www.europesays.com\/fr\/wp-json\/wp\/v2\/tags?post=40015"}],"curies":[{"name":"wp","href":"https:\/\/api.w.org\/{rel}","templated":true}]}}