{"id":400174,"date":"2025-09-18T14:56:09","date_gmt":"2025-09-18T14:56:09","guid":{"rendered":"https:\/\/www.europesays.com\/fr\/400174\/"},"modified":"2025-09-18T14:56:09","modified_gmt":"2025-09-18T14:56:09","slug":"accident-disabelle-nanty-blessee-lactrice-a-du-quitter-le-tournage-dune-serie-pour-tf1","status":"publish","type":"post","link":"https:\/\/www.europesays.com\/fr\/400174\/","title":{"rendered":"Accident d\u2019Isabelle Nanty : bless\u00e9e, l\u2019actrice a d\u00fb quitter le tournage d\u2019une s\u00e9rie pour TF1"},"content":{"rendered":"<p class=\"paragraph text_align_left lp-f-body-02\">Elle se repose apr\u00e8s un choc qui a \u00e9t\u00e9 tr\u00e8s violent. Vendredi matin, Isabelle Nanty \u00e9tait <a href=\"https:\/\/www.leparisien.fr\/faits-divers\/accident-disabelle-nanty-permis-annule-defaut-dassurance-carte-pro-perimee-ce-que-lon-sait-du-chauffeur-vtc-15-09-2025-T6OZIHELZRBLLOBKZMFIYOIXSU.php\" target=\"_blank\" rel=\"noreferrer nofollow noopener\">\u00e0 bord d\u2019un van Mercedes qui a fait une sortie de route \u00e0 hauteur de Saint-Arnoult-en-Yvelines<\/a>. Si ses jours ne sont pas en danger, la com\u00e9dienne de 63 ans a \u00e9t\u00e9 bless\u00e9e : elle souffre notamment d\u2019un traumatisme cervical et de trois c\u00f4tes cass\u00e9es. Or, lorsque l\u2019accident s\u2019est produit, l\u2019actrice revenait du Cantal, o\u00f9 elle jouait dans une s\u00e9rie pour TF1, dont elle tient le r\u00f4le-titre. <\/p>\n<p class=\"paragraph text_align_left lp-f-body-02\">Isabelle Nanty rentrait chez elle \u00e0 Paris apr\u00e8s avoir quitt\u00e9 le plateau de <a href=\"https:\/\/www.leparisien.fr\/culture-loisirs\/tv\/bataille-navale-stars-a-domicile-filip-tf-1-devoile-ses-programmes-phares-pour-la-saison-prochaine-01-07-2025-JI4DYJ5PGZH6ZE4XY5VOUE5X3E.php\" target=\"_blank\" rel=\"noreferrer nofollow noopener\">\u00ab Marie-Line, incognito \u00bb<\/a>. Situ\u00e9 \u00e0 Aurillac et dans ses environs, le tournage de cette fiction avait commenc\u00e9 le 24 juin, s\u2019\u00e9tait interrompu le 7 ao\u00fbt et avait repris le 24. Selon la production, il ne restait plus qu\u2019\u00e0<a href=\"https:\/\/www.leparisien.fr\/culture-loisirs\/cinema\/les-tuche-4-aux-origines-de-la-saga-un-succes-que-personne-navait-vu-venir-07-12-2021-MTOWRY4LK5HC3FQ2HZXDGNCCOQ.php\" target=\"_blank\" rel=\"noreferrer nofollow noopener\"> la com\u00e9dienne des \u00ab Tuche \u00bb <\/a>que quelques sc\u00e8nes \u00e0 mettre en bo\u00eete. Le tournage, qui devait initialement s\u2019achever le 5 octobre, se poursuit actuellement sans sa com\u00e9dienne-phare. Celle-ci ne reprendra le chemin des plateaux que lorsqu\u2019elle sera en \u00e9tat de le faire&#8230; Pas avant plusieurs semaines, selon nos informations. \u00ab On avance le c\u0153ur serr\u00e9 pour Isabelle , en esp\u00e9rant qu\u2019elle se r\u00e9tablisse vite \u00bb, nous glisse un membre de l\u2019\u00e9quipe.<\/p>\n<p>De retour au cin\u00e9ma le 10 d\u00e9cembre<\/p>\n<p class=\"paragraph text_align_left lp-f-body-02\">Dans \u00ab Marie-Line, incognito \u00bb, r\u00e9alis\u00e9 par Arnauld Mercadier (qui a sign\u00e9 les s\u00e9ries \u00ab Disparition inqui\u00e9tante \u00bb, \u00ab Le N\u00e9gociateur \u00bb et \u00ab La Famille Katz \u00bb), Isabelle Nanty incarne Marie-Line Maupain. Celle qui a \u00e9t\u00e9 pendant trente ans espionne de la DGSE (Direction g\u00e9n\u00e9rale de la s\u00e9curit\u00e9 ext\u00e9rieure) en Russie est forc\u00e9e de se mettre au vert dans son Cantal natal apr\u00e8s une mission d\u00e9licate. Mais l\u00e0-bas, elle va se retrouver m\u00eal\u00e9e \u00e0 une s\u00e9rie de meurtres et va vite renouer avec son exp\u00e9rience d\u2019espionne. <\/p>\n<p class=\"paragraph text_align_left lp-f-body-02\">Les com\u00e9diens Nicolas Gob et St\u00e9fi Celma, entre autres, donnent la r\u00e9plique \u00e0 Isabelle Nanty dans cette fiction, dont la diffusion est pr\u00e9vue en 2026. Soit dix ans apr\u00e8s la diffusion du premier \u00e9pisode de <a href=\"https:\/\/www.leparisien.fr\/culture-loisirs\/je-suis-moins-courageuse-que-munch-21-11-2016-6354117.php\" target=\"_blank\" rel=\"noreferrer nofollow noopener\">la s\u00e9rie \u00ab Munch \u00bb<\/a>, toujours sur TF1, dans laquelle l\u2019artiste r\u00e9v\u00e9l\u00e9e au cin\u00e9ma dans \u00ab Tatie Danielle \u00bb incarnait une avocate p\u00e9naliste.<\/p>\n<p class=\"paragraph text_align_left lp-f-body-02\">D\u2019ici l\u00e0, on retrouvera l\u2019actrice et r\u00e9alisatrice au cin\u00e9ma le 10 d\u00e9cembre dans \u00ab \u00c0 la poursuite du P\u00e8re No\u00ebl ! \u00bb, une com\u00e9die de James Huth dont elle partage l\u2019affiche avec Patrick Timsit et Antoine Gouy.<\/p>\n","protected":false},"excerpt":{"rendered":"Elle se repose apr\u00e8s un choc qui a \u00e9t\u00e9 tr\u00e8s violent. Vendredi matin, Isabelle Nanty \u00e9tait \u00e0 bord&hellip;\n","protected":false},"author":2,"featured_media":400175,"comment_status":"","ping_status":"","sticky":false,"template":"","format":"standard","meta":{"footnotes":""},"categories":[8],"tags":[650,872,58,59,1011,27],"class_list":{"0":"post-400174","1":"post","2":"type-post","3":"status-publish","4":"format-standard","5":"has-post-thumbnail","7":"category-divertissement","8":"tag-cinema","9":"tag-culture-et-loisirs","10":"tag-divertissement","11":"tag-entertainment","12":"tag-fr","13":"tag-france"},"share_on_mastodon":{"url":"https:\/\/pubeurope.com\/@fr\/115225885742549174","error":""},"_links":{"self":[{"href":"https:\/\/www.europesays.com\/fr\/wp-json\/wp\/v2\/posts\/400174","targetHints":{"allow":["GET"]}}],"collection":[{"href":"https:\/\/www.europesays.com\/fr\/wp-json\/wp\/v2\/posts"}],"about":[{"href":"https:\/\/www.europesays.com\/fr\/wp-json\/wp\/v2\/types\/post"}],"author":[{"embeddable":true,"href":"https:\/\/www.europesays.com\/fr\/wp-json\/wp\/v2\/users\/2"}],"replies":[{"embeddable":true,"href":"https:\/\/www.europesays.com\/fr\/wp-json\/wp\/v2\/comments?post=400174"}],"version-history":[{"count":0,"href":"https:\/\/www.europesays.com\/fr\/wp-json\/wp\/v2\/posts\/400174\/revisions"}],"wp:featuredmedia":[{"embeddable":true,"href":"https:\/\/www.europesays.com\/fr\/wp-json\/wp\/v2\/media\/400175"}],"wp:attachment":[{"href":"https:\/\/www.europesays.com\/fr\/wp-json\/wp\/v2\/media?parent=400174"}],"wp:term":[{"taxonomy":"category","embeddable":true,"href":"https:\/\/www.europesays.com\/fr\/wp-json\/wp\/v2\/categories?post=400174"},{"taxonomy":"post_tag","embeddable":true,"href":"https:\/\/www.europesays.com\/fr\/wp-json\/wp\/v2\/tags?post=400174"}],"curies":[{"name":"wp","href":"https:\/\/api.w.org\/{rel}","templated":true}]}}