{"id":400180,"date":"2025-09-18T14:59:12","date_gmt":"2025-09-18T14:59:12","guid":{"rendered":"https:\/\/www.europesays.com\/fr\/400180\/"},"modified":"2025-09-18T14:59:12","modified_gmt":"2025-09-18T14:59:12","slug":"le-quimico-la-drogue-qui-transforme-les-jeunes-cubains-en-zombies-actualites","status":"publish","type":"post","link":"https:\/\/www.europesays.com\/fr\/400180\/","title":{"rendered":"Le \u00ab\u00a0quimico\u00a0\u00bb, la drogue qui transforme les jeunes Cubains en \u00ab\u00a0zombies\u00a0\u00bb : Actualit\u00e9s"},"content":{"rendered":"<p class=\"lead \">En plein jour, un jeune homme marche dans un parc de La Havane tel un zombie. Erratique, il tra\u00eene des pieds, le regard perdu sous l&rsquo;effet du \u00ab\u00a0quimico\u00a0\u00bb, une drogue synth\u00e9tique qui suscite l&rsquo;inqui\u00e9tude \u00e0 Cuba.<\/p>\n<p class=\"lead \">Dans un pays habitu\u00e9 \u00e0 de faibles niveaux de toxicomanie, la consommation de cette drogue tr\u00e8s addictive, moins ch\u00e8re et plus puissante que la marijuana, s&rsquo;est r\u00e9pandue ces derni\u00e8res ann\u00e9es dans la capitale et jusqu&rsquo;en province.<\/p>\n<p class=\"lead \">Il y a encore trois mois, Josu\u00e9 Angel Espinosa, 21 ans, \u00e9tait totalement accro: \u00ab\u00a0je ne pouvais pas manger un repas sans en consommer\u00a0\u00bb. Il devait fumer jusqu&rsquo;\u00e0 15 cigarettes impr\u00e9gn\u00e9es de \u00ab\u00a0quimico\u00a0\u00bb (produit chimique, en fran\u00e7ais) pour pouvoir s&rsquo;endormir, raconte-t-il \u00e0 l&rsquo;AFP. <\/p>\n<p class=\"lead \">Il fait partie des cinq Cubains qui suivent une cure de d\u00e9sintoxication dans un centre d&rsquo;accueil pour toxicomanes fond\u00e9 il y a un an par le pasteur \u00e9vang\u00e9lique Rotyam Castro, 36 ans, dans la p\u00e9riph\u00e9rie de la capitale.<\/p>\n<p class=\"lead \">Il n&rsquo;y a pas de statistiques officielles sur le nombre de consommateurs, mais le pr\u00e9dicateur estime que \u00ab\u00a0la situation est devenue incontr\u00f4lable\u00a0\u00bb. \u00ab\u00a0J&rsquo;ai rencontr\u00e9 des jeunes (toxicomanes) dans la rue, dans le milieu interlope\u00a0\u00bb, mais aussi \u00ab\u00a0des artistes, des musiciens, des professionnels\u00a0\u00bb accros \u00e0 cette drogue, \u00e9num\u00e8re-t-il. <\/p>\n<p class=\"lead \">Pour lui, l&rsquo;essor r\u00e9cent de cette drogue de synth\u00e8se chez les jeunes s&rsquo;explique autant par la profonde crise \u00e9conomique que traverse l&rsquo;\u00eele communiste de 9,7 millions d&rsquo;habitants que par son caract\u00e8re addictif et son faible co\u00fbt.<\/p>\n<p class=\"lead \">Une dose peut co\u00fbter 100 pesos (environ 25 centimes de dollar), soit trois fois moins que le paquet de cigarettes le moins cher vendu sur l&rsquo;\u00eele. <\/p>\n<p class=\"lead \">Cette drogue est un cocktail \u00e9labor\u00e9 \u00e0 partir de \u00ab\u00a0carbamaz\u00e9pine, benzodiaz\u00e9pine, ph\u00e9nobarbital\u00a0\u00bb qui sont des m\u00e9dicaments psychotropes, \u00ab\u00a0des anesth\u00e9siques pour animaux et m\u00eame du formol, du fentanyl\u00a0\u00bb, a expliqu\u00e9 \u00e0 la t\u00e9l\u00e9vision cubaine H\u00e9ctor Ernesto Gonzalez, expert militaire dans la lutte antidrogue du minist\u00e8re de l&rsquo;Int\u00e9rieur. <\/p>\n<p class=\"lead \">Les pr\u00e9parateurs clandestins de cette drogue la diluent et utilisent un spray pour impr\u00e9gner des herbes aromatiques et un petit bout de papier, qui servent par la suite \u00e0 confectionner un joint, d&rsquo;o\u00f9 les noms de \u00ab\u00a0quimico\u00a0\u00bb ou de \u00ab\u00a0papelito\u00a0\u00bb (bout de papier) donn\u00e9s \u00e0 cette drogue. <\/p>\n<p class=\"lead \">&#8211; \u00ab\u00a0Rigidit\u00e9 musculaire\u00a0\u00bb &#8211;<\/p>\n<p class=\"lead \">\u00ab\u00a0Je consommais beaucoup\u00a0\u00bb cette drogue, raconte Gabriel Ch\u00e9scoles, un plombier de 30 ans, qui est arriv\u00e9 au centre de d\u00e9sintoxication \u00ab\u00a0d\u00e9truit\u00a0\u00bb, les cheveux longs, mal ras\u00e9 et malodorant.<\/p>\n<p class=\"lead \">D\u00e9sormais plus apais\u00e9, il d\u00e9crit avec des gestes comment le \u00ab\u00a0quimico\u00a0\u00bb est roul\u00e9 dans du papier \u00e0 cigarette et comment le \u00ab\u00a0papelito\u00a0\u00bb, \u00e9galement impr\u00e9gn\u00e9 de substances addictives, est plac\u00e9 \u00e0 son extr\u00e9mit\u00e9 pour accentuer l&rsquo;inhalation de la drogue. <\/p>\n<p class=\"lead \">L&rsquo;effet d&rsquo;une dose est \u00ab\u00a0entre 50 et 100 fois sup\u00e9rieur \u00e0 celui du t\u00e9trahydrocannabinol (THC)\u00a0\u00bb, le principal composant psychoactif du cannabis, selon l&rsquo;expert militaire.<\/p>\n<p class=\"lead \">Sur des vid\u00e9os qui circulent r\u00e9guli\u00e8rement sur les r\u00e9seaux sociaux, de jeunes Cubains sont vus en train d&rsquo;errer dans les rues, d\u00e9sorient\u00e9s, parlant tout seuls, le regard perdu. Certains s&rsquo;effondrent ou convulsent apr\u00e8s une overdose. <\/p>\n<p class=\"lead \">Les sympt\u00f4mes vont de l&rsquo;euphorie \u00e0 la somnolence, en passant par les naus\u00e9es, les convulsions, la tachycardie, l&rsquo;hypertension, voire des arythmies graves et un manque de coordination dans les mouvements, a d\u00e9taill\u00e9 \u00e0 la presse officielle Elizabeth C\u00e9spedes, directrice du Centre de d\u00e9sintoxication des adolescents du minist\u00e8re de la Sant\u00e9.<\/p>\n<p class=\"lead \">\u00ab\u00a0D&rsquo;o\u00f9 les positions contract\u00e9es dues \u00e0 la rigidit\u00e9 musculaire et la d\u00e9marche de type zombie\u00a0\u00bb, explique la sp\u00e9cialiste.<\/p>\n<p class=\"lead \">Cuisinier, Luis Yankiel Zambrano, 33 ans, \u00e9tait \u00ab\u00a0esclave\u00a0\u00bb de la drogue depuis dix ans lorsque sa famille a fait appel au centre de d\u00e9sintoxication. \u00ab\u00a0Derni\u00e8rement, je pleurais et disais \u00e0 ma m\u00e8re que je ne pouvais plus continuer comme \u00e7a\u00a0\u00bb, explique-t-il. <\/p>\n<p class=\"lead \">Face \u00e0 cette situation alarmante, les autorit\u00e9s ont durci les sanctions contre les trafiquants et ont lanc\u00e9 en d\u00e9cembre une campagne de pr\u00e9vention dans les quartiers consid\u00e9r\u00e9s comme \u00e0 risque. <\/p>\n<p class=\"lead \">L&rsquo;AFP a demand\u00e9 aux autorit\u00e9s un acc\u00e8s \u00e0 un \u00ab\u00a0barriodebate\u00a0\u00bb, une activit\u00e9 de quartier destin\u00e9e \u00e0 pr\u00e9venir le ph\u00e9nom\u00e8ne, mais n&rsquo;a pas re\u00e7u d&rsquo;autorisation.<\/p>\n<p class=\"lead \">Dans le centre d&rsquo;accueil gratuit, le processus de d\u00e9sintoxication se d\u00e9roule sans m\u00e9dicaments, entre psaumes et pri\u00e8res, cours de comportement et travail collectif. <\/p>\n<p class=\"lead \">Apr\u00e8s trois mois, Josu\u00e9 Angel Espinosa et Luis Yankiel Zambrano r\u00eavent d&rsquo;ouvrir leur entreprise pour subvenir \u00e0 leurs besoins et soutenir le centre qui les a sortis de la drogue. <\/p>\n<p class=\"lead \">Gabriel Ch\u00e9scoles reconna\u00eet qu&rsquo;il n&rsquo;est pas encore pr\u00eat, mais se r\u00e9jouit des progr\u00e8s accomplis: \u00ab\u00a0Ma m\u00e8re a chang\u00e9 d&rsquo;attitude, mon p\u00e8re me soutient. J&rsquo;ai retrouv\u00e9 la confiance et l&rsquo;affection de tous\u00a0\u00bb.<\/p>\n","protected":false},"excerpt":{"rendered":"En plein jour, un jeune homme marche dans un parc de La Havane tel un zombie. Erratique, il&hellip;\n","protected":false},"author":2,"featured_media":400181,"comment_status":"","ping_status":"","sticky":false,"template":"","format":"standard","meta":{"footnotes":""},"categories":[5],"tags":[11,19551,3992,1011,27,14,12,585,13791,34850,28],"class_list":{"0":"post-400180","1":"post","2":"type-post","3":"status-publish","4":"format-standard","5":"has-post-thumbnail","7":"category-international","8":"tag-actualites","9":"tag-cuba","10":"tag-drogues","11":"tag-fr","12":"tag-france","13":"tag-international","14":"tag-news","15":"tag-sant","16":"tag-socit","17":"tag-toxicomanie","18":"tag-world"},"share_on_mastodon":{"url":"https:\/\/pubeurope.com\/@fr\/115225897527459371","error":""},"_links":{"self":[{"href":"https:\/\/www.europesays.com\/fr\/wp-json\/wp\/v2\/posts\/400180","targetHints":{"allow":["GET"]}}],"collection":[{"href":"https:\/\/www.europesays.com\/fr\/wp-json\/wp\/v2\/posts"}],"about":[{"href":"https:\/\/www.europesays.com\/fr\/wp-json\/wp\/v2\/types\/post"}],"author":[{"embeddable":true,"href":"https:\/\/www.europesays.com\/fr\/wp-json\/wp\/v2\/users\/2"}],"replies":[{"embeddable":true,"href":"https:\/\/www.europesays.com\/fr\/wp-json\/wp\/v2\/comments?post=400180"}],"version-history":[{"count":0,"href":"https:\/\/www.europesays.com\/fr\/wp-json\/wp\/v2\/posts\/400180\/revisions"}],"wp:featuredmedia":[{"embeddable":true,"href":"https:\/\/www.europesays.com\/fr\/wp-json\/wp\/v2\/media\/400181"}],"wp:attachment":[{"href":"https:\/\/www.europesays.com\/fr\/wp-json\/wp\/v2\/media?parent=400180"}],"wp:term":[{"taxonomy":"category","embeddable":true,"href":"https:\/\/www.europesays.com\/fr\/wp-json\/wp\/v2\/categories?post=400180"},{"taxonomy":"post_tag","embeddable":true,"href":"https:\/\/www.europesays.com\/fr\/wp-json\/wp\/v2\/tags?post=400180"}],"curies":[{"name":"wp","href":"https:\/\/api.w.org\/{rel}","templated":true}]}}