{"id":400182,"date":"2025-09-18T15:00:16","date_gmt":"2025-09-18T15:00:16","guid":{"rendered":"https:\/\/www.europesays.com\/fr\/400182\/"},"modified":"2025-09-18T15:00:16","modified_gmt":"2025-09-18T15:00:16","slug":"greve-du-18-septembre-retour-en-images-sur-la-manifestation-a-nice-2","status":"publish","type":"post","link":"https:\/\/www.europesays.com\/fr\/400182\/","title":{"rendered":"Gr\u00e8ve du 18 septembre: retour en images sur la manifestation \u00e0 Nice"},"content":{"rendered":"<p><a href=\"https:\/\/www.nicematin.com\/greve-mouvements-sociaux\/derriere-les-chiffres-il-y-a-des-personnes-qui-narrivent-pas-a-boucler-leur-fin-de-mois-la-manifestation-a-fait-le-plein-a-nice-1002472\" target=\"_blank\" rel=\"noopener\">Comme nous vous l&rsquo;indiquions dans cet article<\/a>, la manifestation a rassembl\u00e9 du monde ce jeudi 18 septembre \u00e0 Nice: <strong>selon les organisateurs 10.000 personnes &#8211; pr\u00e8s de 2300 selon la pr\u00e9fecture<\/strong> &#8211; ont r\u00e9pondu \u00e0 l\u2019appel.<\/p>\n<p>Le cort\u00e8ge a fait entendre sa col\u00e8re contre le budget d\u2019aust\u00e9rit\u00e9 du gouvernement d\u00e9missionnaire.<\/p>\n<p>Une mobilisation nationale qui n\u2019a pas \u00ab\u00a0fait pschitt\u00a0\u00bb \u00e0 Nice. Illustrant <strong>la volont\u00e9 de se faire entendre des organisations et des citoyens<\/strong> contre \u00ab\u00a0un budget injuste et inefficace\u00a0\u00bb, comme le d\u00e9crit Flore Mollet, secr\u00e9taire g\u00e9n\u00e9rale CFDT 06. Une cure d\u2019aust\u00e9rit\u00e9 propos\u00e9e par le Premier ministre d\u00e9missionnaire, Fran\u00e7ois Bayrou dont les effets sont redout\u00e9s.<\/p>\n<p>Gr\u00e2ce aux photos prises par notre photographe Dylan Meiffret, on voit des pancartes d&rsquo;\u00e9tudiants en col\u00e8re, d&rsquo;autres qui demandant la d\u00e9mission de Macron, ou encore une o\u00f9 on peut lire: \u00ab\u00a0Les salari\u00e9s travaillent; les actionnaires empochent\u00a0\u00bb.\u00a0<\/p>\n<p>              <img ci-src=\"https:\/\/www.nicematin.com\/greve-mouvements-sociaux\/RCAPQR19Q528_DM_MANIF_SYNDICATS_NICE-M5t1adik.jpg?ci_seal=fbdd5b57a2\" alt=\"\"\/><br \/>\n        Photo prise pendant la manifestation \u00e0 Nice ce jeudi 18 septembre. <strong>Photo Dylan Meiffret\/Nice-Matin.<\/strong> <\/p>\n<p>          \u00e0 voir aussi<\/p>\n<p>              <img ci-src=\"https:\/\/www.nicematin.com\/greve-mouvements-sociaux\/RCAPQR19Q504_DM_MANIF_SYNDICATS_NICE-admzMWLt.jpg?ci_seal=31a9f3ed74\" alt=\"\"\/><br \/>\n        Photo prise pendant la manifestation \u00e0 Nice ce jeudi 18 septembre. <strong>Photo Dylan Meiffret\/Nice-Matin.<\/strong> <\/p>\n<p>              <img ci-src=\"https:\/\/www.nicematin.com\/greve-mouvements-sociaux\/RCAPQR19Q509_DM_MANIF_SYNDICATS_NICE-dAdLoKwB.jpg?ci_seal=00c96ef4de\" alt=\"\"\/><br \/>\n        Photo prise pendant la manifestation \u00e0 Nice ce jeudi 18 septembre. <strong>Photo Dylan Meiffret\/Nice-Matin.<\/strong> <\/p>\n<p>              <img ci-src=\"https:\/\/www.nicematin.com\/greve-mouvements-sociaux\/RCAPQR19Q500_DM_MANIF_SYNDICATS_NICE-ZmVumikQ.jpg?ci_seal=a371e74c16\" alt=\"\"\/><br \/>\n        Photo prise pendant la manifestation \u00e0 Nice ce jeudi 18 septembre. <strong>Photo Dylan Meiffret\/Nice-Matin.<\/strong> <\/p>\n<p>              <img ci-src=\"https:\/\/www.nicematin.com\/greve-mouvements-sociaux\/RCAPQR19Q536_DM_MANIF_SYNDICATS_NICE-f1RLs5S7.jpg?ci_seal=c48c2f6362\" alt=\"\"\/><br \/>\n        Photo prise pendant la manifestation \u00e0 Nice ce jeudi 18 septembre. <strong>Photo Dylan Meiffret\/Nice-Matin.<\/strong> <\/p>\n<p>              <img ci-src=\"https:\/\/www.nicematin.com\/greve-mouvements-sociaux\/RCAPQR19Q501_DM_MANIF_SYNDICATS_NICE-E7MkEGLG.jpg?ci_seal=cc9b5be0b6\" alt=\"\"\/><br \/>\n        Photo prise pendant la manifestation \u00e0 Nice ce jeudi 18 septembre. <strong>Photo Dylan Meiffret\/Nice-Matin.<\/strong> <\/p>\n<p>              <img ci-src=\"https:\/\/www.nicematin.com\/greve-mouvements-sociaux\/RCAPQR19Q531_DM_MANIF_SYNDICATS_NICE-luF3ERUI.jpg?ci_seal=252b68bc88\" alt=\"\"\/><br \/>\n        Photo prise pendant la manifestation \u00e0 Nice ce jeudi 18 septembre. <strong>Photo Dylan Meiffret\/Nice-Matin.<\/strong> <\/p>\n<p>              <img ci-src=\"https:\/\/www.nicematin.com\/greve-mouvements-sociaux\/RCAPQR19Q520_DM_MANIF_SYNDICATS_NICE-6F0tozb4.jpg?ci_seal=da7632b95a\" alt=\"\"\/><br \/>\n        Photo prise pendant la manifestation \u00e0 Nice ce jeudi 18 septembre. <strong>Photo Dylan Meiffret\/Nice-Matin.<\/strong> <\/p>\n<p>              <img ci-src=\"https:\/\/www.nicematin.com\/greve-mouvements-sociaux\/RCAPQR19Q503_DM_MANIF_SYNDICATS_NICE-kEq5TLGu.jpg?ci_seal=5fbb9ad40e\" alt=\"\"\/><br \/>\n        Photo prise pendant la manifestation \u00e0 Nice ce jeudi 18 septembre. <strong>Photo Dylan Meiffret\/Nice-Matin.<\/strong> <\/p>\n<p>              <img ci-src=\"https:\/\/www.nicematin.com\/greve-mouvements-sociaux\/RCAPQR19Q532_DM_MANIF_SYNDICATS_NICE-sjenUuhG.jpg?ci_seal=6324822dba\" alt=\"\"\/><br \/>\n        Photo prise pendant la manifestation \u00e0 Nice ce jeudi 18 septembre. <strong>Photo Dylan Meiffret\/Nice-Matin.<\/strong> <\/p>\n<p>              <img ci-src=\"https:\/\/www.nicematin.com\/greve-mouvements-sociaux\/RCAPQR19Q518_DM_MANIF_SYNDICATS_NICE-nGnsvFX5.jpg?ci_seal=26aa469a35\" alt=\"\"\/><br \/>\n        Photo prise pendant la manifestation \u00e0 Nice ce jeudi 18 septembre. <strong>Photo Dylan Meiffret\/Nice-Matin.<\/strong> <\/p>\n","protected":false},"excerpt":{"rendered":"Comme nous vous l&rsquo;indiquions dans cet article, la manifestation a rassembl\u00e9 du monde ce jeudi 18 septembre \u00e0&hellip;\n","protected":false},"author":2,"featured_media":399971,"comment_status":"","ping_status":"","sticky":false,"template":"","format":"standard","meta":{"footnotes":""},"categories":[4],"tags":[11,332,1011,27,802,12,316,25,801],"class_list":{"0":"post-400182","1":"post","2":"type-post","3":"status-publish","4":"format-standard","5":"has-post-thumbnail","7":"category-france","8":"tag-actualites","9":"tag-faits-de-societe","10":"tag-fr","11":"tag-france","12":"tag-greves-et-mouvements-sociaux","13":"tag-news","14":"tag-politique","15":"tag-republique-francaise","16":"tag-social"},"share_on_mastodon":{"url":"https:\/\/pubeurope.com\/@fr\/115225901508568211","error":""},"_links":{"self":[{"href":"https:\/\/www.europesays.com\/fr\/wp-json\/wp\/v2\/posts\/400182","targetHints":{"allow":["GET"]}}],"collection":[{"href":"https:\/\/www.europesays.com\/fr\/wp-json\/wp\/v2\/posts"}],"about":[{"href":"https:\/\/www.europesays.com\/fr\/wp-json\/wp\/v2\/types\/post"}],"author":[{"embeddable":true,"href":"https:\/\/www.europesays.com\/fr\/wp-json\/wp\/v2\/users\/2"}],"replies":[{"embeddable":true,"href":"https:\/\/www.europesays.com\/fr\/wp-json\/wp\/v2\/comments?post=400182"}],"version-history":[{"count":0,"href":"https:\/\/www.europesays.com\/fr\/wp-json\/wp\/v2\/posts\/400182\/revisions"}],"wp:featuredmedia":[{"embeddable":true,"href":"https:\/\/www.europesays.com\/fr\/wp-json\/wp\/v2\/media\/399971"}],"wp:attachment":[{"href":"https:\/\/www.europesays.com\/fr\/wp-json\/wp\/v2\/media?parent=400182"}],"wp:term":[{"taxonomy":"category","embeddable":true,"href":"https:\/\/www.europesays.com\/fr\/wp-json\/wp\/v2\/categories?post=400182"},{"taxonomy":"post_tag","embeddable":true,"href":"https:\/\/www.europesays.com\/fr\/wp-json\/wp\/v2\/tags?post=400182"}],"curies":[{"name":"wp","href":"https:\/\/api.w.org\/{rel}","templated":true}]}}