{"id":400185,"date":"2025-09-18T15:02:18","date_gmt":"2025-09-18T15:02:18","guid":{"rendered":"https:\/\/www.europesays.com\/fr\/400185\/"},"modified":"2025-09-18T15:02:18","modified_gmt":"2025-09-18T15:02:18","slug":"saint-chamond-une-canalisation-deau-saute-a-novacieries-la-route-inondee","status":"publish","type":"post","link":"https:\/\/www.europesays.com\/fr\/400185\/","title":{"rendered":"Saint-Chamond. Une canalisation d\u2019eau saute \u00e0 Novaci\u00e9ries, la route inond\u00e9e"},"content":{"rendered":"<p>Vers 15 heures, ce jeudi, une canalisation d\u2019eau s\u2019est bris\u00e9e au niveau du square Jean-Monnery, devant Novaci\u00e9ries, \u00e0 Saint-Chamond.<\/p>\n<p>L\u2019eau s\u2019est largement r\u00e9pandue sur la chauss\u00e9e de la rue Gambetta, obligeant les automobilistes \u00e0 ralentir. Les services de police municipaux sont actuellement sur place pour s\u00e9curiser les lieux et un technicien de Veolia a \u00e9t\u00e9 mandat\u00e9 pour fermer la vanne.<\/p>\n<p>Prudence si vous circulez dans le secteur.<\/p>\n","protected":false},"excerpt":{"rendered":"Vers 15 heures, ce jeudi, une canalisation d\u2019eau s\u2019est bris\u00e9e au niveau du square Jean-Monnery, devant Novaci\u00e9ries, \u00e0&hellip;\n","protected":false},"author":2,"featured_media":400186,"comment_status":"","ping_status":"","sticky":false,"template":"","format":"standard","meta":{"footnotes":""},"categories":[9653],"tags":[119,1111,11,2430,7539,1777,674,274,1011,27,12,25,9669,9670,4001,133],"class_list":{"0":"post-400185","1":"post","2":"type-post","3":"status-publish","4":"format-standard","5":"has-post-thumbnail","7":"category-saint-etienne","8":"tag-accident","9":"tag-actu","10":"tag-actualites","11":"tag-auvergne-rhone-alpes","12":"tag-edition-loire-sud","13":"tag-eu","14":"tag-europe","15":"tag-faits-divers-justice","16":"tag-fr","17":"tag-france","18":"tag-news","19":"tag-republique-francaise","20":"tag-saint-chamond","21":"tag-saint-chamond-ville","22":"tag-saint-etienne","23":"tag-video"},"share_on_mastodon":{"url":"https:\/\/pubeurope.com\/@fr\/115225909283655460","error":""},"_links":{"self":[{"href":"https:\/\/www.europesays.com\/fr\/wp-json\/wp\/v2\/posts\/400185","targetHints":{"allow":["GET"]}}],"collection":[{"href":"https:\/\/www.europesays.com\/fr\/wp-json\/wp\/v2\/posts"}],"about":[{"href":"https:\/\/www.europesays.com\/fr\/wp-json\/wp\/v2\/types\/post"}],"author":[{"embeddable":true,"href":"https:\/\/www.europesays.com\/fr\/wp-json\/wp\/v2\/users\/2"}],"replies":[{"embeddable":true,"href":"https:\/\/www.europesays.com\/fr\/wp-json\/wp\/v2\/comments?post=400185"}],"version-history":[{"count":0,"href":"https:\/\/www.europesays.com\/fr\/wp-json\/wp\/v2\/posts\/400185\/revisions"}],"wp:featuredmedia":[{"embeddable":true,"href":"https:\/\/www.europesays.com\/fr\/wp-json\/wp\/v2\/media\/400186"}],"wp:attachment":[{"href":"https:\/\/www.europesays.com\/fr\/wp-json\/wp\/v2\/media?parent=400185"}],"wp:term":[{"taxonomy":"category","embeddable":true,"href":"https:\/\/www.europesays.com\/fr\/wp-json\/wp\/v2\/categories?post=400185"},{"taxonomy":"post_tag","embeddable":true,"href":"https:\/\/www.europesays.com\/fr\/wp-json\/wp\/v2\/tags?post=400185"}],"curies":[{"name":"wp","href":"https:\/\/api.w.org\/{rel}","templated":true}]}}