{"id":400209,"date":"2025-09-18T15:17:10","date_gmt":"2025-09-18T15:17:10","guid":{"rendered":"https:\/\/www.europesays.com\/fr\/400209\/"},"modified":"2025-09-18T15:17:10","modified_gmt":"2025-09-18T15:17:10","slug":"v-loc-specialiste-de-la-location-de-voitures-sans-permis-ouvre-une-agence-a-strasbourg","status":"publish","type":"post","link":"https:\/\/www.europesays.com\/fr\/400209\/","title":{"rendered":"V-Loc, sp\u00e9cialiste de la location de voitures sans permis, ouvre une agence \u00e0 Strasbourg"},"content":{"rendered":"<p>            Par<br \/>\n        <strong><br \/>\n            <a href=\"https:\/\/actu.fr\/auteur\/ivan-capecchi\" title=\"Consulter tous les articles de Ivan CAPECCHI\" rel=\"nofollow noopener\" target=\"_blank\">Ivan CAPECCHI<\/a><br \/>\n        <\/strong><\/p>\n<p>        Publi\u00e9 le<\/p>\n<p>            18 sept. 2025 \u00e0 17h10        <\/p>\n<p>V-Loc, start-up toulousaine cr\u00e9\u00e9e en 2021, poursuit son d\u00e9veloppement et <strong>ouvre une agence \u00e0 Strasbourg<\/strong>. La m\u00e9tropole devient la 8e ville fran\u00e7aise \u00e0 accueillir ce <strong>service de location de voitures sans permis 100 % \u00e9lectriques<\/strong>.<\/p>\n<p>Louez une voiture sans permis \u00e0 Strasbourg<\/p>\n<p class=\" wall-content\">L\u2019entreprise, qui cible aussi bien les <strong>jeunes d\u00e8s 14 ans<\/strong> que les <strong>conducteurs en suspension de permis<\/strong> ou les <strong>usagers en qu\u00eate d\u2019une alternative \u00e0 la voiture classique<\/strong>, propose des <strong>formules de 1 \u00e0 12 mois<\/strong> avec <strong>assurance<\/strong> et <strong>kilom\u00e9trage illimit\u00e9<\/strong>. La <strong>livraison<\/strong> des v\u00e9hicules est incluse.<\/p>\n<p class=\" wall-content\">Le parc compte actuellement<strong> 400 v\u00e9hicules (Citro\u00ebn Ami, Fiat Topolino, Simplici S1\u2026)<\/strong>, renforc\u00e9 par l\u2019arriv\u00e9e de la <strong>Mobilize Duo<\/strong>, dernier mod\u00e8le urbain d\u00e9velopp\u00e9 par <strong>Renault<\/strong>.<\/p>\n<p class=\" wall-content\">Personnalisez votre actualit\u00e9 en ajoutant vos villes et m\u00e9dias en favori avec <a href=\"https:\/\/moncompte.actu.fr\" title=\"D\u00e9couvez Mon Actu\" rel=\"nofollow noopener\" data-trk=\"{&quot;cta&quot;:{&quot;action&quot;:&quot;https:\\\/\\\/moncompte.actu.fr&quot;,&quot;category&quot;:&quot;mon compte&quot;,&quot;from&quot;:&quot;article footer&quot;,&quot;name&quot;:&quot;Mon actu&quot;,&quot;type&quot;:&quot;cta&quot;}}\" target=\"_blank\">Mon Actu<\/a>.<\/p>\n","protected":false},"excerpt":{"rendered":"Par Ivan CAPECCHI Publi\u00e9 le 18 sept. 2025 \u00e0 17h10 V-Loc, start-up toulousaine cr\u00e9\u00e9e en 2021, poursuit son&hellip;\n","protected":false},"author":2,"featured_media":400210,"comment_status":"","ping_status":"","sticky":false,"template":"","format":"standard","meta":{"footnotes":""},"categories":[2820],"tags":[1111,11,646,1777,674,1011,27,775,12,5007,25,104,640],"class_list":{"0":"post-400209","1":"post","2":"type-post","3":"status-publish","4":"format-standard","5":"has-post-thumbnail","7":"category-strasbourg","8":"tag-actu","9":"tag-actualites","10":"tag-automobile","11":"tag-eu","12":"tag-europe","13":"tag-fr","14":"tag-france","15":"tag-grand-est","16":"tag-news","17":"tag-permis-de-conduire","18":"tag-republique-francaise","19":"tag-societe","20":"tag-strasbourg"},"share_on_mastodon":{"url":"https:\/\/pubeurope.com\/@fr\/115225968340564520","error":""},"_links":{"self":[{"href":"https:\/\/www.europesays.com\/fr\/wp-json\/wp\/v2\/posts\/400209","targetHints":{"allow":["GET"]}}],"collection":[{"href":"https:\/\/www.europesays.com\/fr\/wp-json\/wp\/v2\/posts"}],"about":[{"href":"https:\/\/www.europesays.com\/fr\/wp-json\/wp\/v2\/types\/post"}],"author":[{"embeddable":true,"href":"https:\/\/www.europesays.com\/fr\/wp-json\/wp\/v2\/users\/2"}],"replies":[{"embeddable":true,"href":"https:\/\/www.europesays.com\/fr\/wp-json\/wp\/v2\/comments?post=400209"}],"version-history":[{"count":0,"href":"https:\/\/www.europesays.com\/fr\/wp-json\/wp\/v2\/posts\/400209\/revisions"}],"wp:featuredmedia":[{"embeddable":true,"href":"https:\/\/www.europesays.com\/fr\/wp-json\/wp\/v2\/media\/400210"}],"wp:attachment":[{"href":"https:\/\/www.europesays.com\/fr\/wp-json\/wp\/v2\/media?parent=400209"}],"wp:term":[{"taxonomy":"category","embeddable":true,"href":"https:\/\/www.europesays.com\/fr\/wp-json\/wp\/v2\/categories?post=400209"},{"taxonomy":"post_tag","embeddable":true,"href":"https:\/\/www.europesays.com\/fr\/wp-json\/wp\/v2\/tags?post=400209"}],"curies":[{"name":"wp","href":"https:\/\/api.w.org\/{rel}","templated":true}]}}