{"id":400211,"date":"2025-09-18T15:18:12","date_gmt":"2025-09-18T15:18:12","guid":{"rendered":"https:\/\/www.europesays.com\/fr\/400211\/"},"modified":"2025-09-18T15:18:12","modified_gmt":"2025-09-18T15:18:12","slug":"la-librairie-le-fil-rouge-fete-ses-cinq-ans","status":"publish","type":"post","link":"https:\/\/www.europesays.com\/fr\/400211\/","title":{"rendered":"la librairie Le Fil Rouge f\u00eate ses cinq ans\u00a0!"},"content":{"rendered":"<p>La librairie associative <a href=\"https:\/\/www.dna.fr\/environnement\/2020\/08\/19\/le-fil-rouge-naissance-d-une-librairie-participative\" target=\"_blank\" rel=\"noopener\">Le Fil Rouge<\/a> , dans le quartier strasbourgeois de Cronenbourg, organise un rendez-vous festif et culturel pour son cinqui\u00e8me anniversaire.\u00a0Vendredi 19\u00a0Septembre \u00e0 20\u00a0h, une \u00ab\u00a0Improth\u00e8que\u00a0\u00bb proposera un spectacle d\u2019histoires improvis\u00e9es autour de la litt\u00e9rature, par la compagnie La R\u00e9plique. <\/p>\n<p>Ce contenu est bloqu\u00e9 car vous n&rsquo;avez pas accept\u00e9 les cookies et autres traceurs.<\/p>\n<p>En cliquant sur \u00ab J\u2019accepte \u00bb, les cookies et autres traceurs seront d\u00e9pos\u00e9s et vous pourrez visualiser les contenus  (<a href=\"\" class=\"consentModule_policy\" target=\"_blank\" title=\"Consulter la politique de protection des donn\u00e9es du fournisseur\">plus d&rsquo;informations<\/a>).<\/p>\n<p>En cliquant sur \u00ab J\u2019accepte tous les cookies \u00bb, vous autorisez des d\u00e9p\u00f4ts de cookies et autres traceurs pour le stockage de vos donn\u00e9es sur nos sites et applications \u00e0 des fins de personnalisation et de ciblage publicitaire.<\/p>\n<p class=\"consentModule_secondaryText\">Vous gardez la possibilit\u00e9 de retirer votre consentement \u00e0 tout moment en consultant notre <a href=\"https:\/\/www.dna.fr\/protection-des-donnees\" target=\"_blank\" title=\"Consulter notre politique de protection des donn\u00e9es\" rel=\"noopener\">politique de protection des donn\u00e9es<\/a>. <br \/>&#13;<br \/>\n            <a href=\"https:\/\/www.dna.fr\/culture-loisirs\/2025\/09\/18\/javascript:Didomi.notice.show()\" class=\"consentModule_cmp\" target=\"_blank\" rel=\"noopener\">G\u00e9rer mes choix<\/a>&#13;\n        <\/p>\n<p>&#13;<br \/>\n                        J&rsquo;accepte&#13;<br \/>\n            J&rsquo;accepte tous les cookies&#13;\n        <\/p>\n<p>Samedi 20\u00a0septembre \u00e0 10\u00a0h, place aux lectures et chansons pour les tout-petits (18 mois \u00e0 3 ans) qui \u00e9couteront des petites histoires. Puis \u00e0 15\u00a0h, un atelier dessin pour les plus grands (\u00e0 partir de 8 ans), dans l\u2019univers des pirates et de la bande dessin\u00e9e Capitaine Triplefesse. En soir\u00e9e, la soir\u00e9e \u00ab\u00a0Zygomatiques\u00a0\u00bb r\u00e9unira b\u00e9n\u00e9voles, auteurs et acteurs autour d\u2019une lecture de textes humoristiques (\u00e0 20\u00a0h).<\/p>\n<p class=\"note\">Vendredi\u00a019 et samedi 20\u00a0septembre, \u00e0 la librairie Le Fil Rouge\u00a078, route de Mittelhausbergen. Entr\u00e9e libre.<\/p>\n","protected":false},"excerpt":{"rendered":"La librairie associative Le Fil Rouge , dans le quartier strasbourgeois de Cronenbourg, organise un rendez-vous festif et&hellip;\n","protected":false},"author":2,"featured_media":400212,"comment_status":"","ping_status":"","sticky":false,"template":"","format":"standard","meta":{"footnotes":""},"categories":[2820],"tags":[1111,11,1687,2880,1777,674,3326,107,1011,27,775,2410,12,25,640,2879],"class_list":{"0":"post-400211","1":"post","2":"type-post","3":"status-publish","4":"format-standard","5":"has-post-thumbnail","7":"category-strasbourg","8":"tag-actu","9":"tag-actualites","10":"tag-culture-loisirs","11":"tag-edition-strasbourg","12":"tag-eu","13":"tag-europe","14":"tag-fete-locale","15":"tag-fil-info","16":"tag-fr","17":"tag-france","18":"tag-grand-est","19":"tag-livres-bd","20":"tag-news","21":"tag-republique-francaise","22":"tag-strasbourg","23":"tag-strasbourg-ville"},"share_on_mastodon":{"url":"https:\/\/pubeurope.com\/@fr\/115225972300017443","error":""},"_links":{"self":[{"href":"https:\/\/www.europesays.com\/fr\/wp-json\/wp\/v2\/posts\/400211","targetHints":{"allow":["GET"]}}],"collection":[{"href":"https:\/\/www.europesays.com\/fr\/wp-json\/wp\/v2\/posts"}],"about":[{"href":"https:\/\/www.europesays.com\/fr\/wp-json\/wp\/v2\/types\/post"}],"author":[{"embeddable":true,"href":"https:\/\/www.europesays.com\/fr\/wp-json\/wp\/v2\/users\/2"}],"replies":[{"embeddable":true,"href":"https:\/\/www.europesays.com\/fr\/wp-json\/wp\/v2\/comments?post=400211"}],"version-history":[{"count":0,"href":"https:\/\/www.europesays.com\/fr\/wp-json\/wp\/v2\/posts\/400211\/revisions"}],"wp:featuredmedia":[{"embeddable":true,"href":"https:\/\/www.europesays.com\/fr\/wp-json\/wp\/v2\/media\/400212"}],"wp:attachment":[{"href":"https:\/\/www.europesays.com\/fr\/wp-json\/wp\/v2\/media?parent=400211"}],"wp:term":[{"taxonomy":"category","embeddable":true,"href":"https:\/\/www.europesays.com\/fr\/wp-json\/wp\/v2\/categories?post=400211"},{"taxonomy":"post_tag","embeddable":true,"href":"https:\/\/www.europesays.com\/fr\/wp-json\/wp\/v2\/tags?post=400211"}],"curies":[{"name":"wp","href":"https:\/\/api.w.org\/{rel}","templated":true}]}}