{"id":400219,"date":"2025-09-18T15:23:17","date_gmt":"2025-09-18T15:23:17","guid":{"rendered":"https:\/\/www.europesays.com\/fr\/400219\/"},"modified":"2025-09-18T15:23:17","modified_gmt":"2025-09-18T15:23:17","slug":"un-passager-dun-avion-easyjet-meurt-en-plein-vol-entre-nantes-et-lespagne","status":"publish","type":"post","link":"https:\/\/www.europesays.com\/fr\/400219\/","title":{"rendered":"Un passager d\u2019un avion EasyJet meurt en plein vol entre Nantes et l\u2019Espagne"},"content":{"rendered":"<p>L\u2019\u00e9quipage aux commandes du vol EasyJet EJU4775 parti de Nantes (<a target=\"_self\" href=\"https:\/\/www.lanouvellerepublique.fr\/loire-atlantique\" rel=\"noopener\">Loire-Atlantique<\/a>) pour rallier Lanzarote (Espagne) le 16\u00a0septembre 2025 a \u00e9mis un signal de d\u00e9tresse peu avant son arriv\u00e9e aux \u00eeles Canaries. Un des passagers est en effet d\u00e9c\u00e9d\u00e9 pendant le voyage, rapporte <a target=\"_blank\" href=\"https:\/\/www.ouest-france.fr\/pays-de-la-loire\/nantes-44000\/aeroport-de-nantes\/un-passager-decede-lors-dun-vol-entre-nantes-et-lanzarote-5c741796-938d-11f0-8aaf-26b4770f0f96\" rel=\"noopener\">Presse-Oc\u00e9an<\/a>. Le d\u00e9c\u00e8s est intervenu alors que l\u2019avion s\u2019appr\u00eatait \u00e0 toucher le sol.<\/p>\n<p>Apr\u00e8s avoir notifi\u00e9 la tour de contr\u00f4le, le commandant de bord a atterri \u00ab\u00a0conform\u00e9ment aux proc\u00e9dures habituelles\u00a0\u00bb, a fait savoir la compagnie a\u00e9rienne dans un communiqu\u00e9. L\u2019appareil devait normalement effectuer le vol retour en direction de Nantes peu apr\u00e8s. Il a toutefois \u00e9t\u00e9 longuement immobilis\u00e9, entra\u00eenant un retard cons\u00e9quent. L\u2019Airbus A320 est en effet retourn\u00e9 \u00e0 Nantes un peu apr\u00e8s 23\u00a0h alors que l\u2019horaire initial \u00e9tait 14\u00a0h\u00a045.<\/p>\n<p>\u00ab\u00a0Soutien\u00a0\u00bb et \u00ab\u00a0assistance\u00a0\u00bb<\/p>\n<p><a target=\"_self\" href=\"https:\/\/www.lanouvellerepublique.fr\/loire-atlantique\/easyjet-va-bientot-relier-nantes-a-ces-deux-grandes-capitales-europeennes-1742480786\" rel=\"noopener\">EasyJet<\/a> n\u2019a dans un premier temps pas donn\u00e9 de d\u00e9tails sur la victime ou sur les circonstances ayant entour\u00e9 son d\u00e9c\u00e8s, qu\u2019elle a cependant confirm\u00e9, explique <a target=\"_blank\" href=\"https:\/\/www.ouest-france.fr\/societe\/faits-divers\/un-passager-decede-en-plein-vol-entre-nantes-et-une-ile-des-canaries-a7ddffe2-93a3-11f0-8aaf-26b4770f0f96\" rel=\"noopener\">Ouest-France<\/a>. \u00ab\u00a0Nos pens\u00e9es vont \u00e0 la famille et aux amis du passager et nous leur adressons tout notre soutien et notre assistance en ces moments difficiles\u00a0\u00bb, a r\u00e9agi l\u2019entreprise dans sa communication.<\/p>\n","protected":false},"excerpt":{"rendered":"L\u2019\u00e9quipage aux commandes du vol EasyJet EJU4775 parti de Nantes (Loire-Atlantique) pour rallier Lanzarote (Espagne) le 16\u00a0septembre 2025&hellip;\n","protected":false},"author":2,"featured_media":400220,"comment_status":"","ping_status":"","sticky":false,"template":"","format":"standard","meta":{"footnotes":""},"categories":[2818],"tags":[1111,11,37,1674,1777,674,274,1011,27,3047,766,12,2636,25],"class_list":{"0":"post-400219","1":"post","2":"type-post","3":"status-publish","4":"format-standard","5":"has-post-thumbnail","7":"category-nantes","8":"tag-actu","9":"tag-actualites","10":"tag-avion","11":"tag-communes","12":"tag-eu","13":"tag-europe","14":"tag-faits-divers-justice","15":"tag-fr","16":"tag-france","17":"tag-loire-atlantique","18":"tag-nantes","19":"tag-news","20":"tag-pays-de-la-loire","21":"tag-republique-francaise"},"share_on_mastodon":{"url":"https:\/\/pubeurope.com\/@fr\/115225991833992152","error":""},"_links":{"self":[{"href":"https:\/\/www.europesays.com\/fr\/wp-json\/wp\/v2\/posts\/400219","targetHints":{"allow":["GET"]}}],"collection":[{"href":"https:\/\/www.europesays.com\/fr\/wp-json\/wp\/v2\/posts"}],"about":[{"href":"https:\/\/www.europesays.com\/fr\/wp-json\/wp\/v2\/types\/post"}],"author":[{"embeddable":true,"href":"https:\/\/www.europesays.com\/fr\/wp-json\/wp\/v2\/users\/2"}],"replies":[{"embeddable":true,"href":"https:\/\/www.europesays.com\/fr\/wp-json\/wp\/v2\/comments?post=400219"}],"version-history":[{"count":0,"href":"https:\/\/www.europesays.com\/fr\/wp-json\/wp\/v2\/posts\/400219\/revisions"}],"wp:featuredmedia":[{"embeddable":true,"href":"https:\/\/www.europesays.com\/fr\/wp-json\/wp\/v2\/media\/400220"}],"wp:attachment":[{"href":"https:\/\/www.europesays.com\/fr\/wp-json\/wp\/v2\/media?parent=400219"}],"wp:term":[{"taxonomy":"category","embeddable":true,"href":"https:\/\/www.europesays.com\/fr\/wp-json\/wp\/v2\/categories?post=400219"},{"taxonomy":"post_tag","embeddable":true,"href":"https:\/\/www.europesays.com\/fr\/wp-json\/wp\/v2\/tags?post=400219"}],"curies":[{"name":"wp","href":"https:\/\/api.w.org\/{rel}","templated":true}]}}