{"id":400245,"date":"2025-09-18T15:36:58","date_gmt":"2025-09-18T15:36:58","guid":{"rendered":"https:\/\/www.europesays.com\/fr\/400245\/"},"modified":"2025-09-18T15:36:58","modified_gmt":"2025-09-18T15:36:58","slug":"tes-une-merde-retourne-dans-ton-pays-basic-fit-presente-ses-excuses-apres-les-insultes-racistes-contre-un-client","status":"publish","type":"post","link":"https:\/\/www.europesays.com\/fr\/400245\/","title":{"rendered":"\u00ab\u00a0T\u2019es une merde, retourne dans ton pays\u00a0\u00bb\u00a0: Basic Fit pr\u00e9sente ses excuses apr\u00e8s les insultes racistes contre un client"},"content":{"rendered":"<p class=\"paragraph text_align_left lp-f-body-02\">Des propos fermement condamn\u00e9s par l\u2019enseigne. Une enqu\u00eate a \u00e9t\u00e9 ouverte \u00e0 Metz pour violences aggrav\u00e9es et injures racistes \u00e0 l\u2019encontre d\u2019un employ\u00e9 d\u2019une salle de sport <a href=\"https:\/\/www.leparisien.fr\/economie\/comment-basic-fit-est-devenu-le-poids-lourd-du-marche-du-fitness-francais-04-02-2024-P7UYX2WWCBEUHNJTUKFP5ZUK64.php\" target=\"_blank\" rel=\"noreferrer nofollow noopener\">Basic-Fit<\/a>, mis en cause pour avoir invectiv\u00e9 un client en des termes violents, a-t-on appris mercredi aupr\u00e8s du parquet.<\/p>\n<p class=\"paragraph text_align_left lp-f-body-02\">Les faits se sont produits mi-ao\u00fbt, dans l\u2019une des quatre salles de sport que compte la cha\u00eene Basic-Fit \u00e0 Metz, ont confirm\u00e9 le procureur de la R\u00e9publique adjoint de Metz, Thomas Bernard, et l\u2019entreprise, confirmant une information initiale de <a href=\"https:\/\/www.mediapart.fr\/journal\/france\/160925\/racisme-dans-un-club-basic-fit-toi-apprendre-le-respect-c-est-pas-ton-pays-ici\" target=\"_blank\" rel=\"noreferrer nofollow noopener\">Mediapart<\/a>.<\/p>\n<p class=\"paragraph text_align_left lp-f-body-02\">Un usager de la salle de sport a d\u00e9pos\u00e9 plainte le 20 ao\u00fbt, relatant \u00ab des violences et des injures \u00e0 caract\u00e8re racial qui auraient \u00e9t\u00e9 prof\u00e9r\u00e9es \u00bb par un employ\u00e9, a pr\u00e9cis\u00e9 Thomas Bernard.<\/p>\n<p>Des propos haineux contre les \u00e9trangers<\/p>\n<p class=\"paragraph text_align_left lp-f-body-02\">Le plaignant rapporte notamment, outre des insultes, des propos tels que \u00ab vous les \u00e9trangers, vous n\u2019\u00eates arriv\u00e9s que pour foutre la merde \u00bb.<\/p>\n<p class=\"lp-card-podcast-highlighting__title  lp-f-subtitle-05\">[4\/6] Jubillar\u00a0: de la disparition au proc\u00e8s, une affaire sans corps ni aveux<\/p>\n<p class=\"lp-card-podcast-highlighting__description lp-f-ui-05\">Crime story raconte chaque semaine les grandes affaires criminelles.<\/p>\n<p><a class=\"lp-card-podcast-highlighting__call-to-action\" data-page-type=\"HP\" data-block-name=\"podcast-highlight\">\u00c9couter<\/a><\/p>\n<p class=\"paragraph text_align_left lp-f-body-02\">Dans un enregistrement audio publi\u00e9 par Mediapart, on entend un homme prof\u00e9rer \u00ab t\u2019es une merde, une grosse merde, retourne dans ton pays, c\u2019est mieux \u00bb.<\/p>\n<p class=\"paragraph text_align_left lp-f-body-02\">Selon le m\u00e9dia en ligne, la salle de sport avait d\u00fb ce soir-l\u00e0 fermer plus t\u00f4t que pr\u00e9vu, en raison de l\u2019absence d\u2019un membre du personnel. Le plaignant serait alors parti prendre une douche avant de quitter les lieux. Mais l\u2019employ\u00e9 l\u2019aurait fait partir avec violence. Sur l\u2019enregistrement publi\u00e9 par Mediapart, on l\u2019entend dire \u00ab j\u2019ai dit que le club \u00e9tait ferm\u00e9, donc on ne prend pas de douche ! \u00bb.<\/p>\n<p>Basic Fit pr\u00e9sente ses \u00ab excuses \u00bb<\/p>\n<p class=\"paragraph text_align_left lp-f-body-02\">L\u2019enqu\u00eate, d\u2019abord ouverte en flagrance, a bascul\u00e9 en enqu\u00eate pr\u00e9liminaire, et est encore en cours. Le commissariat de Metz est saisi.<\/p>\n<p class=\"paragraph text_align_left lp-f-body-02\">\u00ab C\u2019est avec la plus grande fermet\u00e9 que nous condamnons l\u2019agression survenue dans l\u2019un de nos clubs \u00e0 Metz \u00bb, a d\u00e9clar\u00e9 Basic-Fit dans un communiqu\u00e9, d\u00e9plorant un \u00ab incident grave \u00bb.<\/p>\n<p class=\"paragraph text_align_left lp-f-body-02\">\u00ab Toutes les mesures n\u00e9cessaires ont \u00e9t\u00e9 prises, tant vis-\u00e0-vis de l\u2019employ\u00e9 \u00bb que du client concern\u00e9, lequel a \u00ab \u00e9t\u00e9 re\u00e7u par la responsable r\u00e9gionale afin de recueillir son t\u00e9moignage \u00bb, puis par un autre cadre dirigeant qui lui a pr\u00e9sent\u00e9 les \u00ab excuses \u00bb de l\u2019entreprise.<\/p>\n<p class=\"paragraph text_align_left lp-f-body-02\">Une proc\u00e9dure est \u00ab en cours \u00bb \u00e0 l\u2019encontre du salari\u00e9 mis en cause, a ajout\u00e9 Basic Fit, sans plus de pr\u00e9cision. \u00ab Nous agirons toujours contre le racisme comme toute autre forme d\u2019agression morale, verbale ou physique \u00bb, a conclu l\u2019entreprise.<\/p>\n","protected":false},"excerpt":{"rendered":"Des propos fermement condamn\u00e9s par l\u2019enseigne. Une enqu\u00eate a \u00e9t\u00e9 ouverte \u00e0 Metz pour violences aggrav\u00e9es et injures&hellip;\n","protected":false},"author":2,"featured_media":400246,"comment_status":"","ping_status":"","sticky":false,"template":"","format":"standard","meta":{"footnotes":""},"categories":[1888],"tags":[1111,1928,11,1927,459,1777,674,118,1011,27,12,1926,626,1925,25],"class_list":{"0":"post-400245","1":"post","2":"type-post","3":"status-publish","4":"format-standard","5":"has-post-thumbnail","7":"category-paris","8":"tag-actu","9":"tag-actu-paris","10":"tag-actualites","11":"tag-actualites-paris","12":"tag-departements-horsidfo","13":"tag-eu","14":"tag-europe","15":"tag-faits-divers","16":"tag-fr","17":"tag-france","18":"tag-news","19":"tag-news-paris","20":"tag-paris","21":"tag-paris-news","22":"tag-republique-francaise"},"share_on_mastodon":{"url":"https:\/\/pubeurope.com\/@fr\/115226046789739517","error":""},"_links":{"self":[{"href":"https:\/\/www.europesays.com\/fr\/wp-json\/wp\/v2\/posts\/400245","targetHints":{"allow":["GET"]}}],"collection":[{"href":"https:\/\/www.europesays.com\/fr\/wp-json\/wp\/v2\/posts"}],"about":[{"href":"https:\/\/www.europesays.com\/fr\/wp-json\/wp\/v2\/types\/post"}],"author":[{"embeddable":true,"href":"https:\/\/www.europesays.com\/fr\/wp-json\/wp\/v2\/users\/2"}],"replies":[{"embeddable":true,"href":"https:\/\/www.europesays.com\/fr\/wp-json\/wp\/v2\/comments?post=400245"}],"version-history":[{"count":0,"href":"https:\/\/www.europesays.com\/fr\/wp-json\/wp\/v2\/posts\/400245\/revisions"}],"wp:featuredmedia":[{"embeddable":true,"href":"https:\/\/www.europesays.com\/fr\/wp-json\/wp\/v2\/media\/400246"}],"wp:attachment":[{"href":"https:\/\/www.europesays.com\/fr\/wp-json\/wp\/v2\/media?parent=400245"}],"wp:term":[{"taxonomy":"category","embeddable":true,"href":"https:\/\/www.europesays.com\/fr\/wp-json\/wp\/v2\/categories?post=400245"},{"taxonomy":"post_tag","embeddable":true,"href":"https:\/\/www.europesays.com\/fr\/wp-json\/wp\/v2\/tags?post=400245"}],"curies":[{"name":"wp","href":"https:\/\/api.w.org\/{rel}","templated":true}]}}