{"id":40025,"date":"2025-04-20T22:59:09","date_gmt":"2025-04-20T22:59:09","guid":{"rendered":"https:\/\/www.europesays.com\/fr\/40025\/"},"modified":"2025-04-20T22:59:09","modified_gmt":"2025-04-20T22:59:09","slug":"larmee-israelienne-reconnait-des-fautes-25-morts-dans-les-frappes-sur-gaza-lactualite-de-la-guerre-au-proche-orient-du-jour-liberation","status":"publish","type":"post","link":"https:\/\/www.europesays.com\/fr\/40025\/","title":{"rendered":"L\u2019arm\u00e9e isra\u00e9lienne reconnait des \u00abfautes\u00bb, 25 morts dans les frappes sur Gaza&#8230; l\u2019actualit\u00e9 de la guerre au Proche-Orient du jour \u2013 Lib\u00e9ration"},"content":{"rendered":"<p class=\"sc-cPiKLX AiZTS text-element\">L\u2019enqu\u00eate sur <a href=\"https:\/\/www.liberation.fr\/international\/moyen-orient\/frappes-israeliennes-sur-gaza-emmanuel-macron-en-visite-en-egypte-un-adolescent-americain-tue-en-cisjordanie-lactu-du-conflit-au-proche-orient-ce-lundi-7-avril-20250407_U4DHRPZYJFEZNPMRGCDFIPHQUM\/\" target=\"_blank\" rel=\"noopener\">la fusillade mortelle contre des secouristes palestiniens<\/a> en mars dans la bande de Gaza a relev\u00e9 \u00abplusieurs fautes professionnelles\u00bb et un officier commandant les soldats isra\u00e9liens auteurs des tirs sera limog\u00e9, a annonc\u00e9 ce dimanche 20 avril l\u2019arm\u00e9e isra\u00e9lienne. \u00abL\u2019enqu\u00eate a mis en \u00e9vidence plusieurs fautes professionnelles, des d\u00e9sob\u00e9issances aux ordres, et un manquement \u00e0 rendre totalement compte de l\u2019incident\u00bb, a indiqu\u00e9 Tsahal, en pr\u00e9cisant que le commandant adjoint de l\u2019unit\u00e9 concern\u00e9e sera relev\u00e9 de ses fonctions. Selon l\u2019arm\u00e9e, aucun indice n\u2019\u00e9taye cependant la th\u00e8se d\u2019une \u00abex\u00e9cution\u00bb. L\u2019enqu\u00eate conclut aussi que les soldats isra\u00e9liens n\u2019ont pas tir\u00e9 \u00abde mani\u00e8re aveugle\u00bb.<\/p>\n<p class=\"sc-cPiKLX AiZTS text-element\">Apr\u00e8s cet \u00e9v\u00e9nement survenu le 23 mars, o\u00f9 15 personnes avaient \u00e9t\u00e9 tu\u00e9es, l\u2019arm\u00e9e isra\u00e9lienne avait dit avoir tir\u00e9 sur des \u00abterroristes\u00bb et des \u00abv\u00e9hicules suspects\u00bb, tous feux \u00e9teints. Mais dans une vid\u00e9o publi\u00e9e le 5 avril par le Croissant-Rouge palestinien, on pouvait voir des ambulances clairement identifi\u00e9es circuler phares et gyrophares allum\u00e9s avant l\u2019attaque. Selon l\u2019organisation humanitaire, les d\u00e9pouilles de huit ambulanciers des \u00e9quipes du Croissant-Rouge palestinien, de six membres de la D\u00e9fense civile palestinienne et d\u2019un employ\u00e9 des Nations unies avaient \u00e9t\u00e9 retrouv\u00e9es. Ce dimanche, l\u2019arm\u00e9e isra\u00e9lienne a r\u00e9p\u00e9t\u00e9 que six des victimes \u00e9taient \u00abdes terroristes du Hamas\u00bb.<\/p>\n<p class=\"sc-cPiKLX AiZTS text-element\">La D\u00e9fense civile palestinienne a annonc\u00e9 dimanche que des frappes a\u00e9riennes isra\u00e9liennes avaient fait au moins 25 morts, y compris des femmes et des enfants, depuis le d\u00e9but de la journ\u00e9e dans la bande de Gaza. \u00abDepuis l\u2019aube, les frappes a\u00e9riennes [de l\u2019arm\u00e9e isra\u00e9lienne] ont tu\u00e9 20 personnes et en ont bless\u00e9 des dizaines d\u2019autres, dont des enfants et des femmes, dans toute la bande de Gaza\u00bb, a d\u00e9clar\u00e9 \u00e0 l\u2019AFP le porte-parole de la D\u00e9fense civile, Mahmoud Bassal. La m\u00eame organisation a ensuite fait \u00e9tat de cinq morts dans une frappe de drone sur un groupe de civils dans l\u2019est de Rafah (sud). Ces frappes s\u2019inscrivent dans le cadre de d\u00e9clarations martiales de Benyamin N\u00e9tanyahou, <a href=\"https:\/\/www.liberation.fr\/international\/moyen-orient\/le-perimetre-ou-comment-larmee-israelienne-a-agrandi-la-zone-tampon-qui-separe-gaza-de-letat-hebreu-des-les-premiers-jours-de-la-guerre-20250407_ID65UX6A35B63AHWGAOX5DSPHM\/\" target=\"_blank\" rel=\"noopener\">qui a fait savoir son intention d\u2019accro\u00eetre la \u00abzone tampon\u00bb<\/a> qui s\u00e9pare Gaza du territoire isra\u00e9lien.<\/p>\n<p class=\"sc-cPiKLX AiZTS text-element\">Au moins deux personnes ont \u00e9t\u00e9 tu\u00e9es et onze autres bless\u00e9es dans des raids a\u00e9riens nocturnes sur Sanaa, la capitale du Y\u00e9men, et ses environs, a indiqu\u00e9 dimanche la cha\u00eene de t\u00e9l\u00e9vision Al-Massirah contr\u00f4l\u00e9e par les rebelles houthis, d\u00e9non\u00e7ant une \u00abagression am\u00e9ricaine sur Sanaa, la capitale, et le gouvernorat\u00bb. Des habitants de Sanaa ont inspect\u00e9 dans la journ\u00e9e les d\u00e9g\u00e2ts dans un cimeti\u00e8re de Sanaa, observant notamment un crat\u00e8re au milieu des tombes. Outre les attaques sur Sanaa, des raids a\u00e9riens ont \u00e9t\u00e9 signal\u00e9s dans les provinces de Marib et d\u2019Amran, respectivement \u00e0 l\u2019est et au nord de Sanaa. <a href=\"https:\/\/www.liberation.fr\/international\/moyen-orient\/yemen-les-etats-unis-annoncent-avoir-detruit-un-port-petrolier-38-morts-selon-les-houthis-20250418_XEC3EKI64NGD3DFCOSV2IMRTSQ\/\" target=\"_blank\" rel=\"noopener\">Vendredi, les Houthis, soutenus par l\u2019Iran et alli\u00e9s du Hamas,<\/a> avaient fait \u00e9tat de 80 morts et 150 bless\u00e9s apr\u00e8s des bombardements am\u00e9ricains dans la nuit sur le port p\u00e9trolier strat\u00e9gique de Ras Issa, dans l\u2019ouest du pays.<\/p>\n<p class=\"sc-cPiKLX AiZTS text-element\">L\u2019arm\u00e9e isra\u00e9lienne a annonc\u00e9 dimanche avoir frapp\u00e9 un site militaire du Hezbollah dans le sud du Liban et tu\u00e9 un \u00abresponsable\u00bb du mouvement pro-iranien dans une autre frappe plus t\u00f4t dans la journ\u00e9e. \u00abL\u2019arm\u00e9e isra\u00e9lienne a attaqu\u00e9 il y a peu avec des avions de chasse dans la r\u00e9gion de Nabatiyeh, dans le sud du Liban, plusieurs lance-roquettes et infrastructures militaires o\u00f9 op\u00e9raient des activistes du groupe terroriste Hezbollah\u00bb, annonce ce communiqu\u00e9. Une autre frappe men\u00e9e par l\u2019arm\u00e9e isra\u00e9lienne a vis\u00e9 et tu\u00e9 un \u00abresponsable\u00bb du Hezbollah dans la r\u00e9gion de Houla, selon ce communiqu\u00e9.<\/p>\n","protected":false},"excerpt":{"rendered":"L\u2019enqu\u00eate sur la fusillade mortelle contre des secouristes palestiniens en mars dans la bande de Gaza a relev\u00e9&hellip;\n","protected":false},"author":2,"featured_media":40026,"comment_status":"","ping_status":"","sticky":false,"template":"","format":"standard","meta":{"footnotes":""},"categories":[5],"tags":[11,1011,27,3522,3519,14,664,12,3518,28,3885],"class_list":{"0":"post-40025","1":"post","2":"type-post","3":"status-publish","4":"format-standard","5":"has-post-thumbnail","7":"category-international","8":"tag-actualites","9":"tag-fr","10":"tag-france","11":"tag-guerre-hamas-israel","12":"tag-hamas","13":"tag-international","14":"tag-israel","15":"tag-news","16":"tag-palestine","17":"tag-world","18":"tag-yemen"},"share_on_mastodon":{"url":"https:\/\/pubeurope.com\/@fr\/114372775983309963","error":""},"_links":{"self":[{"href":"https:\/\/www.europesays.com\/fr\/wp-json\/wp\/v2\/posts\/40025","targetHints":{"allow":["GET"]}}],"collection":[{"href":"https:\/\/www.europesays.com\/fr\/wp-json\/wp\/v2\/posts"}],"about":[{"href":"https:\/\/www.europesays.com\/fr\/wp-json\/wp\/v2\/types\/post"}],"author":[{"embeddable":true,"href":"https:\/\/www.europesays.com\/fr\/wp-json\/wp\/v2\/users\/2"}],"replies":[{"embeddable":true,"href":"https:\/\/www.europesays.com\/fr\/wp-json\/wp\/v2\/comments?post=40025"}],"version-history":[{"count":0,"href":"https:\/\/www.europesays.com\/fr\/wp-json\/wp\/v2\/posts\/40025\/revisions"}],"wp:featuredmedia":[{"embeddable":true,"href":"https:\/\/www.europesays.com\/fr\/wp-json\/wp\/v2\/media\/40026"}],"wp:attachment":[{"href":"https:\/\/www.europesays.com\/fr\/wp-json\/wp\/v2\/media?parent=40025"}],"wp:term":[{"taxonomy":"category","embeddable":true,"href":"https:\/\/www.europesays.com\/fr\/wp-json\/wp\/v2\/categories?post=40025"},{"taxonomy":"post_tag","embeddable":true,"href":"https:\/\/www.europesays.com\/fr\/wp-json\/wp\/v2\/tags?post=40025"}],"curies":[{"name":"wp","href":"https:\/\/api.w.org\/{rel}","templated":true}]}}