{"id":400253,"date":"2025-09-18T15:41:13","date_gmt":"2025-09-18T15:41:13","guid":{"rendered":"https:\/\/www.europesays.com\/fr\/400253\/"},"modified":"2025-09-18T15:41:13","modified_gmt":"2025-09-18T15:41:13","slug":"la-russie-quitte-la-convention-europeenne-contre-la-torture-vers-une-impunite-generalisee","status":"publish","type":"post","link":"https:\/\/www.europesays.com\/fr\/400253\/","title":{"rendered":"La Russie quitte la Convention europ\u00e9enne contre la torture, vers une \u201cimpunit\u00e9 g\u00e9n\u00e9ralis\u00e9e\u201d"},"content":{"rendered":"\n<p>\u201cEncore une brique dans le mur\u201d, soupire Sergue\u00ef Babinets, responsable de \u201cl\u2019\u00c9quipe contre la torture\u201d, organisation russe de d\u00e9fense des droits humains, <a href=\"https:\/\/www.agents.media\/vyhod-rossii-iz-evropejskoj-konventsii-protiv-pytok-pravozashhitniki-nazvali-simvolicheskim-zhestom\/\" target=\"_blank\" rel=\"noopener\">interrog\u00e9 par le m\u00e9dia d\u2019investigation ind\u00e9pendant <strong>Agentstvo<\/strong><\/a><strong>. <\/strong>Vot\u00e9 \u00e0 l\u2019unanimit\u00e9 le 17\u00a0septembre par la Douma, le retrait russe de la Convention europ\u00e9enne pour la pr\u00e9vention de la torture (CEPT) marque, selon lui, une \u00e9tape de plus dans le repli du pays \u201chors du monde civilis\u00e9, o\u00f9 les tortures sont interdites et consid\u00e9r\u00e9es comme un probl\u00e8me \u00e0\u00a0combattre collectivement\u201d.<\/p>\n<p>Le gouvernement russe avait amorc\u00e9 cette sortie en novembre 2024, <a href=\"https:\/\/www.bbc.com\/russian\/articles\/czew37g2557o\" target=\"_blank\" rel=\"noopener\">rappelle <strong>BBC Russie<\/strong><\/a><strong>,<\/strong> en accusant le Comit\u00e9 de \u201cpolitisation\u201d. Des lettres du comit\u00e9 demandant des comptes aux autorit\u00e9s russes apr\u00e8s <a href=\"https:\/\/www.courrierinternational.com\/article\/russie-selon-la-veuve-d-alexei-navalny-des-tests-de-laboratoire-confirment-qu-il-aurait-ete-empoisonne_235285\" target=\"_blank\" rel=\"noopener\">la mort d\u2019Alexe\u00ef Navalny<\/a>, et sur des soup\u00e7ons de <a href=\"https:\/\/www.courrierinternational.com\/article\/attentat-de-moscou-apres-une-detention-aussi-severe-que-possible-les-suspects-de-l-attentat-presentes-devant-un-juge\" target=\"_blank\" rel=\"noopener\">torture des accus\u00e9s de l\u2019attentat du Crocus City Hall<\/a>, pr\u00e8s de Moscou, \u00e9taient rest\u00e9es sans r\u00e9ponse<\/p>\n<p>Le minist\u00e8re des Affaires \u00e9trang\u00e8res russe \u00e9voque de son c\u00f4t\u00e9 un probl\u00e8me de \u201cnon-r\u00e9ciprocit\u00e9\u201d, <a href=\"https:\/\/www.kommersant.ru\/doc\/8042367\" target=\"_blank\" rel=\"noopener\">rapporte <strong>Kommersant<\/strong><\/a><strong>, <\/strong>quotidien moscovite mod\u00e9r\u00e9. Apr\u00e8s <a href=\"https:\/\/www.courrierinternational.com\/article\/guerre-en-ukraine-condamnee-de-toute-part-la-russie-decide-de-quitter-le-conseil-de-leurope\" target=\"_blank\" rel=\"noopener\">l\u2019exclusion russe du Conseil de l\u2019Europe en 2022<\/a>, Moscou n\u2019a pas \u00e9t\u00e9 autoris\u00e9 \u00e0 d\u00e9signer un nouveau repr\u00e9sentant au sein du comit\u00e9 de la convention, ce qui aurait, selon la vice-ministre de la Justice Yelena Arbabieva, \u201cmin\u00e9 le m\u00e9canisme fondamental de la convention\u00a0: le <\/p>\n","protected":false},"excerpt":{"rendered":"\u201cEncore une brique dans le mur\u201d, soupire Sergue\u00ef Babinets, responsable de \u201cl\u2019\u00c9quipe contre la torture\u201d, organisation russe de&hellip;\n","protected":false},"author":2,"featured_media":400254,"comment_status":"","ping_status":"","sticky":false,"template":"","format":"standard","meta":{"footnotes":""},"categories":[1591],"tags":[11,4625,674,1887,1892,12,899,1885,1886,132,1857],"class_list":{"0":"post-400253","1":"post","2":"type-post","3":"status-publish","4":"format-standard","5":"has-post-thumbnail","7":"category-russie","8":"tag-actualites","9":"tag-droits-humains","10":"tag-europe","11":"tag-federation-de-russie","12":"tag-gu00e9opolitique","13":"tag-news","14":"tag-prisons","15":"tag-russia","16":"tag-russian-federation","17":"tag-russie","18":"tag-sociu00e9tu00e9"},"share_on_mastodon":{"url":"https:\/\/pubeurope.com\/@fr\/115226062628179805","error":""},"_links":{"self":[{"href":"https:\/\/www.europesays.com\/fr\/wp-json\/wp\/v2\/posts\/400253","targetHints":{"allow":["GET"]}}],"collection":[{"href":"https:\/\/www.europesays.com\/fr\/wp-json\/wp\/v2\/posts"}],"about":[{"href":"https:\/\/www.europesays.com\/fr\/wp-json\/wp\/v2\/types\/post"}],"author":[{"embeddable":true,"href":"https:\/\/www.europesays.com\/fr\/wp-json\/wp\/v2\/users\/2"}],"replies":[{"embeddable":true,"href":"https:\/\/www.europesays.com\/fr\/wp-json\/wp\/v2\/comments?post=400253"}],"version-history":[{"count":0,"href":"https:\/\/www.europesays.com\/fr\/wp-json\/wp\/v2\/posts\/400253\/revisions"}],"wp:featuredmedia":[{"embeddable":true,"href":"https:\/\/www.europesays.com\/fr\/wp-json\/wp\/v2\/media\/400254"}],"wp:attachment":[{"href":"https:\/\/www.europesays.com\/fr\/wp-json\/wp\/v2\/media?parent=400253"}],"wp:term":[{"taxonomy":"category","embeddable":true,"href":"https:\/\/www.europesays.com\/fr\/wp-json\/wp\/v2\/categories?post=400253"},{"taxonomy":"post_tag","embeddable":true,"href":"https:\/\/www.europesays.com\/fr\/wp-json\/wp\/v2\/tags?post=400253"}],"curies":[{"name":"wp","href":"https:\/\/api.w.org\/{rel}","templated":true}]}}