{"id":400259,"date":"2025-09-18T15:44:09","date_gmt":"2025-09-18T15:44:09","guid":{"rendered":"https:\/\/www.europesays.com\/fr\/400259\/"},"modified":"2025-09-18T15:44:09","modified_gmt":"2025-09-18T15:44:09","slug":"au-royaume-uni-trois-personnes-arretees-soupconnees-despionnage-pour-la-russie","status":"publish","type":"post","link":"https:\/\/www.europesays.com\/fr\/400259\/","title":{"rendered":"Au\u00a0Royaume-Uni, trois personnes arr\u00eat\u00e9es soup\u00e7onn\u00e9es d\u2019espionnage pour la Russie"},"content":{"rendered":"<p>\u00ab Tous trois ont \u00e9t\u00e9 arr\u00eat\u00e9s pour avoir aid\u00e9 un service de renseignement \u00e9tranger (\u2026). Le pays vis\u00e9 par ces accusations est la Russie \u00bb, a indiqu\u00e9, ce jeudi, la police britannique dans un communiqu\u00e9, sans pr\u00e9ciser la nationalit\u00e9 des trois suspects, interpell\u00e9s dans l\u2019Essex (sud-ouest de l\u2019Angleterre) et plac\u00e9s en garde \u00e0 vue \u00e0 Londres dans le cadre d\u2019une enqu\u00eate antiterroriste.<\/p>\n<p>Un homme de 41 ans et une femme de 35 ans ont \u00e9t\u00e9 arr\u00eat\u00e9s \u00e0 la m\u00eame adresse \u00e0 Grays, dans l\u2019Essex (sud-est de l\u2019Angleterre), tandis que le troisi\u00e8me suspect, un homme de 46 ans, a \u00e9t\u00e9 interpell\u00e9 dans la m\u00eame r\u00e9gion.<\/p>\n<p>Des perquisitions ont \u00e9t\u00e9 men\u00e9es \u00e0 ces adresses et l\u2019enqu\u00eate se poursuit, a pr\u00e9cis\u00e9 la police.<\/p>\n<p>Des \u00ab mandataires \u00bb recrut\u00e9s par des services de renseignement \u00e9trangers<\/p>\n<p>\u00ab Dans le cadre de nos r\u00e9centes enqu\u00eates en mati\u00e8re de s\u00e9curit\u00e9 nationale, nous constatons une augmentation du nombre de personnes que nous qualifierions de &lsquo;mandataires&rsquo; recrut\u00e9es par des services de renseignement \u00e9trangers \u00bb, a indiqu\u00e9 le commandant de l\u2019unit\u00e9 antiterroriste de la police de Londres Dominic Murphy.<\/p>\n<blockquote><p>Toute personne susceptible d\u2019\u00eatre contact\u00e9e et incit\u00e9e \u00e0 commettre des actes criminels pour le compte d\u2019un \u00c9tat \u00e9tranger ici au Royaume-Uni devrait y r\u00e9fl\u00e9chir \u00e0 deux fois<\/p><\/blockquote>\n<p>Il a rappel\u00e9 le cas r\u00e9cent &#8211; mais non li\u00e9 \u00e0 ces arrestations &#8211; de deux Britanniques recrut\u00e9s par le groupe paramilitaire russe Wagner, qui attendent d\u2019\u00eatre fix\u00e9s sur leur peine apr\u00e8s avoir incendi\u00e9 un entrep\u00f4t stockant de l\u2019aide humanitaire et des \u00e9quipements de t\u00e9l\u00e9communication pour <a href=\"https:\/\/www.letelegramme.fr\/monde\/guerre-ukraine-russie\/\" target=\"_blank\" rel=\"nofollow noopener\">l\u2019Ukraine<\/a>.<\/p>\n<p>\u00ab Toute personne susceptible d\u2019\u00eatre contact\u00e9e et incit\u00e9e \u00e0 commettre des actes criminels pour le compte d\u2019un \u00c9tat \u00e9tranger ici au Royaume-Uni devrait y r\u00e9fl\u00e9chir \u00e0 deux fois \u00bb, a mis en garde Dominic Murphy, avertissant que \u00ab toute personne impliqu\u00e9e s\u2019expose \u00e0 des poursuites judiciaires et \u00e0 des cons\u00e9quences potentiellement tr\u00e8s graves en cas de condamnation \u00bb.<\/p>\n","protected":false},"excerpt":{"rendered":"\u00ab Tous trois ont \u00e9t\u00e9 arr\u00eat\u00e9s pour avoir aid\u00e9 un service de renseignement \u00e9tranger (\u2026). Le pays vis\u00e9&hellip;\n","protected":false},"author":2,"featured_media":400260,"comment_status":"","ping_status":"","sticky":false,"template":"","format":"standard","meta":{"footnotes":""},"categories":[1588],"tags":[11,765,1777,674,2069,74,12,473,1853,132,1851,1850,1852],"class_list":{"0":"post-400259","1":"post","2":"type-post","3":"status-publish","4":"format-standard","5":"has-post-thumbnail","7":"category-royaume-uni","8":"tag-actualites","9":"tag-en-continu","10":"tag-eu","11":"tag-europe","12":"tag-guerre-ukraine-russie","13":"tag-monde","14":"tag-news","15":"tag-royaume-uni","16":"tag-royaume-uni-de-grande-bretagne-et-dirlande-du-nord","17":"tag-russie","18":"tag-uk","19":"tag-united-kingdom","20":"tag-united-kingdom-of-great-britain-and-northern-ireland"},"share_on_mastodon":{"url":"https:\/\/pubeurope.com\/@fr\/115226074401304250","error":""},"_links":{"self":[{"href":"https:\/\/www.europesays.com\/fr\/wp-json\/wp\/v2\/posts\/400259","targetHints":{"allow":["GET"]}}],"collection":[{"href":"https:\/\/www.europesays.com\/fr\/wp-json\/wp\/v2\/posts"}],"about":[{"href":"https:\/\/www.europesays.com\/fr\/wp-json\/wp\/v2\/types\/post"}],"author":[{"embeddable":true,"href":"https:\/\/www.europesays.com\/fr\/wp-json\/wp\/v2\/users\/2"}],"replies":[{"embeddable":true,"href":"https:\/\/www.europesays.com\/fr\/wp-json\/wp\/v2\/comments?post=400259"}],"version-history":[{"count":0,"href":"https:\/\/www.europesays.com\/fr\/wp-json\/wp\/v2\/posts\/400259\/revisions"}],"wp:featuredmedia":[{"embeddable":true,"href":"https:\/\/www.europesays.com\/fr\/wp-json\/wp\/v2\/media\/400260"}],"wp:attachment":[{"href":"https:\/\/www.europesays.com\/fr\/wp-json\/wp\/v2\/media?parent=400259"}],"wp:term":[{"taxonomy":"category","embeddable":true,"href":"https:\/\/www.europesays.com\/fr\/wp-json\/wp\/v2\/categories?post=400259"},{"taxonomy":"post_tag","embeddable":true,"href":"https:\/\/www.europesays.com\/fr\/wp-json\/wp\/v2\/tags?post=400259"}],"curies":[{"name":"wp","href":"https:\/\/api.w.org\/{rel}","templated":true}]}}