{"id":40027,"date":"2025-04-20T23:00:08","date_gmt":"2025-04-20T23:00:08","guid":{"rendered":"https:\/\/www.europesays.com\/fr\/40027\/"},"modified":"2025-04-20T23:00:08","modified_gmt":"2025-04-20T23:00:08","slug":"une-delegation-delus-francais-de-gauche-interdite-dacces-en-israel","status":"publish","type":"post","link":"https:\/\/www.europesays.com\/fr\/40027\/","title":{"rendered":"Une d\u00e9l\u00e9gation d&rsquo;\u00e9lus fran\u00e7ais de gauche interdite d&rsquo;acc\u00e8s en Isra\u00ebl"},"content":{"rendered":"<p>Le minist\u00e8re de l\u2019Int\u00e9rieur isra\u00e9lien a confirm\u00e9 avoir annul\u00e9 les visas. Les 27 parlementaires concern\u00e9s en appellent \u00e0 Emmanuel Macron.<\/p>\n<p class=\"fig-paragraph\">Une d\u00e9l\u00e9gation de 27 parlementaires et d&rsquo;\u00e9lus de gauche fran\u00e7ais a d\u00e9nonc\u00e9 dimanche \u00abune punition collective\u00bb apr\u00e8s l&rsquo;annulation de leurs visas \u00e0 deux jours d&rsquo;un d\u00e9placement en Isra\u00ebl. Elle en appelle \u00e0 Emmanuel Macron. Cette d\u00e9l\u00e9gation comprend notamment les d\u00e9put\u00e9s Fran\u00e7ois Ruffin, Alexis Corbi\u00e8re et Julie Ozenne (groupe \u00e9cologiste) et les communistes Soumya Bourouaha et Marianne Margat\u00e9. Elle devait se rendre en Isra\u00ebl et dans les territoires palestiniens du 20 au 24 avril.<\/p>\n<p class=\"fig-paragraph\">\u00ab\u00c0 deux jours de notre d\u00e9part, les autorit\u00e9s isra\u00e9liennes ont annul\u00e9 nos visas d&rsquo;entr\u00e9e alors qu&rsquo;ils avaient \u00e9t\u00e9 approuv\u00e9s il y a un mois\u00bb, \u00e9crivent 17 de ces 27 \u00e9lus dans un communiqu\u00e9. \u00abNous voulons comprendre ce qui a pouss\u00e9 \u00e0 cette subite d\u00e9cision qui fait penser \u00e0 une punition collective. (&#8230;) Cette r\u00e9vocation de nos autorisations d&rsquo;entrer en Isra\u00ebl \u00e0 48h de notre d\u00e9part est une rupture majeure des liens diplomatiques \u00e0 l&rsquo;\u00e9gard de l&rsquo;\u00c9tat fran\u00e7ais et de nos mandats d&rsquo;\u00e9lu.es de la R\u00e9publique qui n\u00e9cessite une prise de position sans \u00e9quivoque des plus hautes autorit\u00e9s de notre \u00c9tat.\u00bb<\/p>\n<p>Les \u00e9lus demandent l\u2019intervention de Macron<\/p>\n<p class=\"fig-paragraph\">Emmanuel Macron a r\u00e9cemment annonc\u00e9 que la France pourrait reconna\u00eetre un \u00c9tat palestinien en juin, \u00e0 l\u2019occasion d\u2019une conf\u00e9rence qu\u2019elle copr\u00e9sidera avec l\u2019Arabie saoudite \u00e0 New York.<\/p>\n<p class=\"fig-paragraph\">\u00abEmp\u00eacher d\u00e9lib\u00e9r\u00e9ment des \u00e9lu.es et parlementaires ne peut rester sans cons\u00e9quences. Nous demandons que cette situation soit clarifi\u00e9e, que notre d\u00e9l\u00e9gation soit re\u00e7ue par le pr\u00e9sident de la R\u00e9publique et qu\u2019il mette tout en \u0153uvre aupr\u00e8s des autorit\u00e9s isra\u00e9liennes pour nous autoriser \u00e0 un nouveau d\u00e9placement dans les meilleurs d\u00e9lais\u00bb, concluent les \u00e9lus.<\/p>\n<p class=\"fig-paragraph\">Cette d\u00e9l\u00e9gation tiendra une conf\u00e9rence de presse mardi \u00e0 Paris. Sollicit\u00e9 par l&rsquo;AFP, le minist\u00e8re de l&rsquo;Int\u00e9rieur isra\u00e9lien a confirm\u00e9 avoir annul\u00e9 les visas en invoquant une loi permettant d&rsquo;interdire l&rsquo;entr\u00e9e du territoire \u00e0 des personnes qui veulent \u00abagir contre l&rsquo;\u00c9tat d&rsquo;Isra\u00ebl\u00bb.<\/p>\n","protected":false},"excerpt":{"rendered":"Le minist\u00e8re de l\u2019Int\u00e9rieur isra\u00e9lien a confirm\u00e9 avoir annul\u00e9 les visas. Les 27 parlementaires concern\u00e9s en appellent \u00e0&hellip;\n","protected":false},"author":2,"featured_media":40028,"comment_status":"","ping_status":"","sticky":false,"template":"","format":"standard","meta":{"footnotes":""},"categories":[4],"tags":[1111,47,11,1109,1112,8421,118,1108,107,1106,1107,1011,27,4483,1110,1114,14,12,1113,316,25],"class_list":{"0":"post-40027","1":"post","2":"type-post","3":"status-publish","4":"format-standard","5":"has-post-thumbnail","7":"category-france","8":"tag-actu","9":"tag-actualite","10":"tag-actualites","11":"tag-breves","12":"tag-depeches","13":"tag-etat-palestinien","14":"tag-faits-divers","15":"tag-fil","16":"tag-fil-info","17":"tag-flash","18":"tag-flash-actu","19":"tag-fr","20":"tag-france","21":"tag-francois-ruffin","22":"tag-informations","23":"tag-infos","24":"tag-international","25":"tag-news","26":"tag-nouvelles","27":"tag-politique","28":"tag-republique-francaise"},"share_on_mastodon":{"url":"https:\/\/pubeurope.com\/@fr\/114372780017967603","error":""},"_links":{"self":[{"href":"https:\/\/www.europesays.com\/fr\/wp-json\/wp\/v2\/posts\/40027","targetHints":{"allow":["GET"]}}],"collection":[{"href":"https:\/\/www.europesays.com\/fr\/wp-json\/wp\/v2\/posts"}],"about":[{"href":"https:\/\/www.europesays.com\/fr\/wp-json\/wp\/v2\/types\/post"}],"author":[{"embeddable":true,"href":"https:\/\/www.europesays.com\/fr\/wp-json\/wp\/v2\/users\/2"}],"replies":[{"embeddable":true,"href":"https:\/\/www.europesays.com\/fr\/wp-json\/wp\/v2\/comments?post=40027"}],"version-history":[{"count":0,"href":"https:\/\/www.europesays.com\/fr\/wp-json\/wp\/v2\/posts\/40027\/revisions"}],"wp:featuredmedia":[{"embeddable":true,"href":"https:\/\/www.europesays.com\/fr\/wp-json\/wp\/v2\/media\/40028"}],"wp:attachment":[{"href":"https:\/\/www.europesays.com\/fr\/wp-json\/wp\/v2\/media?parent=40027"}],"wp:term":[{"taxonomy":"category","embeddable":true,"href":"https:\/\/www.europesays.com\/fr\/wp-json\/wp\/v2\/categories?post=40027"},{"taxonomy":"post_tag","embeddable":true,"href":"https:\/\/www.europesays.com\/fr\/wp-json\/wp\/v2\/tags?post=40027"}],"curies":[{"name":"wp","href":"https:\/\/api.w.org\/{rel}","templated":true}]}}