{"id":400274,"date":"2025-09-18T15:55:11","date_gmt":"2025-09-18T15:55:11","guid":{"rendered":"https:\/\/www.europesays.com\/fr\/400274\/"},"modified":"2025-09-18T15:55:11","modified_gmt":"2025-09-18T15:55:11","slug":"une-deception-mais-pas-un-echec","status":"publish","type":"post","link":"https:\/\/www.europesays.com\/fr\/400274\/","title":{"rendered":"\u00ab une d\u00e9ception, mais pas un \u00e9chec \u00bb"},"content":{"rendered":"<p><img fetchpriority=\"high\" decoding=\"async\" class=\"alignnone size-full wp-image-772681\" src=\"https:\/\/www.europesays.com\/fr\/wp-content\/uploads\/2025\/09\/https:\/\/www.basketusa.com\/app\/uploads\/2025\/09\/https___www.basketusa.com_app_uploads_2024_12_hunckler.webp\" alt=\"Jean-Pierre Hunckler, le pr\u00e9sident de la F\u00e9d\u00e9ration fran\u00e7aise de basket\" width=\"1600\" height=\"900\"  \/>Avec une sortie de route pr\u00e9matur\u00e9e en huiti\u00e8mes de finale, contre la 24e nation au classement FIBA, <a href=\"https:\/\/www.basketusa.com\/news\/770957\/quel-bilan-individuel-pour-les-bleus-apres-leuro-2025\/\" rel=\"prefetch noopener\" target=\"_blank\">le bilan de l&rsquo;EuroBasket de l&rsquo;Equipe de France<\/a> ne peut \u00eatre que plut\u00f4t n\u00e9gatif. C&rsquo;est aussi le sentiment du pr\u00e9sident de la F\u00e9d\u00e9ration fran\u00e7aise de Basket-Ball, <strong>Jean-Pierre Hunckler<\/strong>. Dans <a href=\"https:\/\/www.bebasket.fr\/le-president-jean-pierre-hunckler-debriefe-leuro-rate-des-bleus-une-deception-oui-mais-pas-un-echec\" rel=\"prefetch noopener\" target=\"_blank\">un entretien accord\u00e9 \u00e0 BeBasket<\/a>, le dirigeant admet qu&rsquo;il esp\u00e9rait mieux de l&rsquo;\u00e9quipe emmen\u00e9e par Freddy Fauthoux. Mais il insiste aussi sur sa vision \u00e0 long terme, alors que les Bleus \u00e9voluaient avec un nouveau s\u00e9lectionneur et un effectif largement renouvel\u00e9.<\/p>\n<p>Jean-Pierre Hunckler souligne le d\u00e9but de cycle de l&rsquo;\u00e9quipe nationale, apr\u00e8s l&rsquo;aboutissement des JO 2024 et le d\u00e9part de plusieurs cadres, comme Nicolas Batum ou Nando de Colo, qui ont pris leur retraite internationale. <\/p>\n<p>\u00ab Non, je ne le consid\u00e8re pas comme un \u00e9chec \u00bb explique le pr\u00e9sident de la FFBB au sujet de cet Euro. \u00ab Une d\u00e9ception, oui, mais pas un \u00e9chec. Cet EuroBasket \u00e9tait quand m\u00eame important pour nous mais il faut d\u00e9sormais travailler en vue des prochaines fen\u00eatres internationales. [\u2026] Mais si un titre ne se brade pas, une m\u00e9daille ne se brade pas, ce championnat d\u2019Europe relevait presque d\u2019une pr\u00e9paration dans la course aux Jeux Olympiques. Je vous aurais dit la m\u00eame chose si on avait termin\u00e9 sur le podium. \u00bb<\/p>\n<p>\u00ab Pas de digestion \u00e0 avoir \u00bb<\/p>\n<p>Loin du compte face \u00e0 la G\u00e9orgie, l&rsquo;Equipe de France aura montr\u00e9 au fil de l&rsquo;\u00e9t\u00e9 qu&rsquo;elle n&rsquo;\u00e9tait pas au niveau de l&rsquo;\u00e9lite europ\u00e9enne dans la comp\u00e9tition. L&rsquo;Allemagne et son groupe quasi inchang\u00e9 autour de Dennis Schr\u00f6der et Franz Wagner, ou l&rsquo;\u00e9closion de la Turquie port\u00e9e par Alperen Sengun ont offert un basket de tr\u00e8s haut niveau, port\u00e9 par deux \u00e9quipes qui se connaissent par c\u0153ur ou presque.<\/p>\n<p>\u00ab Il n\u2019y a pas de digestion \u00e0 avoir \u00bb assure Jean-Pierre Hunckler. \u00ab On savait que ce serait difficile parce qu\u2019on est sur une reconstruction totale : nouveau staff, beaucoup de nouveaux joueurs. Je ne me cache pas derri\u00e8re mais force est de constater qu\u2019on n\u2019a pas eu de chance car on a accumul\u00e9 les blessures. \u00c7a n\u2019a pas simplifi\u00e9 les choses pour pr\u00e9parer le groupe dans une certaine s\u00e9r\u00e9nit\u00e9. Tout le monde se cherchait un peu, staff et joueurs. \u00bb<\/p>\n<p>Entre inexp\u00e9rience et incapacit\u00e9 \u00e0 s&rsquo;adapter<\/p>\n<p>La cascade d&rsquo;absences a pes\u00e9 lourd pour l&rsquo;Equipe de France, encore plomb\u00e9e \u00e0 Katowice par le forfait d&rsquo;Alexandre Sarr \u00e0 l&rsquo;int\u00e9rieur. Jean-Pierre Hunckler note toutefois certains d\u00e9fauts \u00e0 gommer, l&rsquo;inexp\u00e9rience en premier, mais pas seulement. <\/p>\n<p>\u00ab Quand vous \u00eates avec une \u00e9quipe aussi jeune, vous avez le risque que l\u2019implication ne soit pas toujours la m\u00eame. Est-ce que les joueurs ont pens\u00e9 que la G\u00e9orgie serait plus facile ? Quand on regarde notre parcours, on voit que l\u2019on bat deux quarts-de-finaliste avec la Slov\u00e9nie et la Pologne, mais qu\u2019on perd contre Isra\u00ebl et la G\u00e9orgie, qui avaient le m\u00eame style de jeu. Il y avait s\u00fbrement un probl\u00e8me d\u2019adaptation, de rythme diff\u00e9rent \u00e0 prendre, qui fait que l\u2019on n\u2019a jamais vraiment pu revenir. \u00bb<\/p>\n<p><img loading=\"lazy\" decoding=\"async\" class=\"alignnone size-full wp-image-770186\" src=\"https:\/\/www.europesays.com\/fr\/wp-content\/uploads\/2025\/09\/https:\/\/www.basketusa.com\/app\/uploads\/2025\/09\/fauthoux.webp.webp\" alt=\"freddy fauthoux\" width=\"1200\" height=\"800\"  \/><\/p>\n<p>Les Bleus vont d\u00e9sormais se projeter vers la prochaine Coupe du monde 2027 et ses qualifications qui d\u00e9buteront le 28 novembre prochain contre la Belgique. <\/p>\n<p>Le patron de la FFBB se m\u00e9fie de ces fen\u00eatres de qualifications, notamment celle de f\u00e9vrier avec une double confrontation contre la Hongrie o\u00f9 les joueurs \u00e9voluant en Euroleague pourraient ne pas \u00eatre disponibles, en plus de ceux NBA. L&rsquo;Equipe de France sera toujours emmen\u00e9e par Freddy Fauthoux, qui avait mis son avenir \u00e0 son poste dans la balance apr\u00e8s l&rsquo;\u00e9limination, a confirm\u00e9 Jean-Pierre Hunckler.<\/p>\n<p>Objectif L.A. 2028<\/p>\n<p>\u00ab On a discut\u00e9 mais on ne casse pas quelque chose au bout de six mois \u00bb a-t-il balay\u00e9. \u00ab Si le choix a \u00e9t\u00e9 fait d\u2019annoncer un nouveau staff aussi t\u00f4t, c\u2019est qu\u2019on voulait que le championnat d\u2019Europe serve d\u2019exp\u00e9rience, en plus d\u2019avoir des r\u00e9sultats. Donc pourquoi casser ? Le nouveau coach aurait pris l\u2019\u00e9quipe quand ? Pour qualifier le groupe pour une Coupe du Monde qui sera beaucoup plus importante que l\u2019Euro ?! L\u2019objectif de cette \u00e9quipe et de ce staff, c\u2019est Los Angeles 2028. \u00bb<\/p>\n<p>L&rsquo;avenir du staff et la question de le densifier sera discut\u00e9e lors de r\u00e9unions d&rsquo;ici la fin du mois de septembre et en octobre. D&rsquo;ici l\u00e0, Jean-Pierre Hunckler veut voir la partie pleine du verre et se projeter. <\/p>\n<p>\u00ab \u00c7a ne veut pas dire que je suis content et que tout va bien, mais il faut savoir prendre du recul, malgr\u00e9 la pression mise par les journalistes. Nous avons des jeunes qui sont tr\u00e8s motiv\u00e9s, ce que j\u2019ai vraiment appr\u00e9ci\u00e9, et ils ont appris beaucoup en l\u2019espace de quinze jours. \u00c7a laisse de l\u2019espoir. \u00bb<\/p>\n","protected":false},"excerpt":{"rendered":"Avec une sortie de route pr\u00e9matur\u00e9e en huiti\u00e8mes de finale, contre la 24e nation au classement FIBA, le&hellip;\n","protected":false},"author":2,"featured_media":400275,"comment_status":"","ping_status":"","sticky":false,"template":"","format":"standard","meta":{"footnotes":""},"categories":[1414],"tags":[1465,1464,1011,27,60],"class_list":{"0":"post-400274","1":"post","2":"type-post","3":"status-publish","4":"format-standard","5":"has-post-thumbnail","7":"category-basket","8":"tag-basket","9":"tag-basketball","10":"tag-fr","11":"tag-france","12":"tag-sports"},"share_on_mastodon":{"url":"https:\/\/pubeurope.com\/@fr\/115226118304743246","error":""},"_links":{"self":[{"href":"https:\/\/www.europesays.com\/fr\/wp-json\/wp\/v2\/posts\/400274","targetHints":{"allow":["GET"]}}],"collection":[{"href":"https:\/\/www.europesays.com\/fr\/wp-json\/wp\/v2\/posts"}],"about":[{"href":"https:\/\/www.europesays.com\/fr\/wp-json\/wp\/v2\/types\/post"}],"author":[{"embeddable":true,"href":"https:\/\/www.europesays.com\/fr\/wp-json\/wp\/v2\/users\/2"}],"replies":[{"embeddable":true,"href":"https:\/\/www.europesays.com\/fr\/wp-json\/wp\/v2\/comments?post=400274"}],"version-history":[{"count":0,"href":"https:\/\/www.europesays.com\/fr\/wp-json\/wp\/v2\/posts\/400274\/revisions"}],"wp:featuredmedia":[{"embeddable":true,"href":"https:\/\/www.europesays.com\/fr\/wp-json\/wp\/v2\/media\/400275"}],"wp:attachment":[{"href":"https:\/\/www.europesays.com\/fr\/wp-json\/wp\/v2\/media?parent=400274"}],"wp:term":[{"taxonomy":"category","embeddable":true,"href":"https:\/\/www.europesays.com\/fr\/wp-json\/wp\/v2\/categories?post=400274"},{"taxonomy":"post_tag","embeddable":true,"href":"https:\/\/www.europesays.com\/fr\/wp-json\/wp\/v2\/tags?post=400274"}],"curies":[{"name":"wp","href":"https:\/\/api.w.org\/{rel}","templated":true}]}}