{"id":400276,"date":"2025-09-18T15:56:11","date_gmt":"2025-09-18T15:56:11","guid":{"rendered":"https:\/\/www.europesays.com\/fr\/400276\/"},"modified":"2025-09-18T15:56:11","modified_gmt":"2025-09-18T15:56:11","slug":"f1-x-motogp-kimi-antonelli-premier-soutien-de-marc-marquez-sur-ducati","status":"publish","type":"post","link":"https:\/\/www.europesays.com\/fr\/400276\/","title":{"rendered":"F1 x MotoGP : Kimi Antonelli, premier soutien de Marc Marquez sur Ducati !?"},"content":{"rendered":"<p>Marc Marquez et l\u2019Italie, c\u2019est une histoire d\u00e9finitivement compliqu\u00e9e, celle d\u2019un amour impossible, en MotoGP. Alors, forc\u00e9ment, pour l\u2019Espagnol, tout soutien transalpin est bon \u00e0 prendre. Mais pas dit que le public de Misano, lors du dernier Grand-Prix de Saint Marin de MotoGP, ait appr\u00e9ci\u00e9 l\u2019accolade entre le pilote de F1 Kimi Antonelli (Mercedes) et le champion ib\u00e9rique. Retour sur cette s\u00e9quence, symbolique\u2026<\/p>\n<blockquote class=\"twitter-tweet\">\n<p dir=\"ltr\" lang=\"en\">Kimi Antonelli came down to parc ferme to congratulate <a href=\"https:\/\/twitter.com\/marcmarquez93?ref_src=twsrc%5Etfw\" target=\"_blank\" rel=\"noopener\">@marcmarquez93<\/a> \ud83e\udd1d<a href=\"https:\/\/twitter.com\/hashtag\/SanMarinoGP?src=hash&amp;ref_src=twsrc%5Etfw\" target=\"_blank\" rel=\"noopener\">#SanMarinoGP<\/a> \ud83c\uddf8\ud83c\uddf2 <a href=\"https:\/\/t.co\/YyY5j5JD2D\">pic.twitter.com\/YyY5j5JD2D<\/a><\/p>\n<p>\u2014 MotoGP\u2122\ud83c\udfc1 (@MotoGP) <a href=\"https:\/\/twitter.com\/MotoGP\/status\/1967211571509088430?ref_src=twsrc%5Etfw\" target=\"_blank\" rel=\"noopener\">September 14, 2025<\/a><\/p>\n<\/blockquote>\n<p>Article publi\u00e9 le 18\/09\/2025 \u00e0 17h32<\/p>\n<p>                                            <img loading=\"lazy\" alt=\"\" class=\"avatar avatar-100 photo lazyload\" height=\"100\" width=\"100\" decoding=\"async\" src=\"https:\/\/www.europesays.com\/fr\/wp-content\/uploads\/2025\/09\/1758210971_834_ffbb894c35ea5189d599d4ea062c98b86ffb67cc602fa683ebcbf422a80fc47a\"  data-eio-rwidth=\"100\" data-eio-rheight=\"100\"\/><\/p>\n<p class=\"h2\">\n                                            Julien Barthet\n                                        <\/p>\n<p>R\u00e9dacteur professionnel, titulaire de la carte de presse pendant 3 ans. Fondateur\/Directeur et R\u00e9dacteur en chef Le Mag Sport Auto et LeMagJeuxHighTech.com.&#13;<br \/>\nEx-Pilote automobile : 55 courses (Formule Ford, F.Campus, Coupe 206 Sprint et Relais, Saxo, Ford Fiesta Allemagne, Mitjet) 1 Victoire. Essais F3, Nascar Euro, Caterham, F.Renault, etc.<\/p>\n<p>                                                                                                                            <a href=\"https:\/\/lemagsportauto.ouest-france.fr\/author\/lmsa_adm\/\" title=\"Julien Barthet\" target=\"_blank\" rel=\"noopener\"><br \/>\n                                                Voir les publications de l&rsquo;auteur<br \/>\n                                            <\/a><\/p>\n<p>                                <script async src=\"https:\/\/platform.twitter.com\/widgets.js\" charset=\"utf-8\"><\/script><\/p>\n","protected":false},"excerpt":{"rendered":"Marc Marquez et l\u2019Italie, c\u2019est une histoire d\u00e9finitivement compliqu\u00e9e, celle d\u2019un amour impossible, en MotoGP. Alors, forc\u00e9ment, pour&hellip;\n","protected":false},"author":2,"featured_media":400277,"comment_status":"","ping_status":"","sticky":false,"template":"","format":"standard","meta":{"footnotes":""},"categories":[1413],"tags":[1451,1011,27,2237,1461,1457,1456,1458,60],"class_list":{"0":"post-400276","1":"post","2":"type-post","3":"status-publish","4":"format-standard","5":"has-post-thumbnail","7":"category-moto","8":"tag-f1","9":"tag-fr","10":"tag-france","11":"tag-kimi-antonelli","12":"tag-marc-marquez","13":"tag-moto","14":"tag-motocycle","15":"tag-motogp","16":"tag-sports"},"share_on_mastodon":{"url":"https:\/\/pubeurope.com\/@fr\/115226121672123372","error":""},"_links":{"self":[{"href":"https:\/\/www.europesays.com\/fr\/wp-json\/wp\/v2\/posts\/400276","targetHints":{"allow":["GET"]}}],"collection":[{"href":"https:\/\/www.europesays.com\/fr\/wp-json\/wp\/v2\/posts"}],"about":[{"href":"https:\/\/www.europesays.com\/fr\/wp-json\/wp\/v2\/types\/post"}],"author":[{"embeddable":true,"href":"https:\/\/www.europesays.com\/fr\/wp-json\/wp\/v2\/users\/2"}],"replies":[{"embeddable":true,"href":"https:\/\/www.europesays.com\/fr\/wp-json\/wp\/v2\/comments?post=400276"}],"version-history":[{"count":0,"href":"https:\/\/www.europesays.com\/fr\/wp-json\/wp\/v2\/posts\/400276\/revisions"}],"wp:featuredmedia":[{"embeddable":true,"href":"https:\/\/www.europesays.com\/fr\/wp-json\/wp\/v2\/media\/400277"}],"wp:attachment":[{"href":"https:\/\/www.europesays.com\/fr\/wp-json\/wp\/v2\/media?parent=400276"}],"wp:term":[{"taxonomy":"category","embeddable":true,"href":"https:\/\/www.europesays.com\/fr\/wp-json\/wp\/v2\/categories?post=400276"},{"taxonomy":"post_tag","embeddable":true,"href":"https:\/\/www.europesays.com\/fr\/wp-json\/wp\/v2\/tags?post=400276"}],"curies":[{"name":"wp","href":"https:\/\/api.w.org\/{rel}","templated":true}]}}