{"id":400278,"date":"2025-09-18T15:57:10","date_gmt":"2025-09-18T15:57:10","guid":{"rendered":"https:\/\/www.europesays.com\/fr\/400278\/"},"modified":"2025-09-18T15:57:10","modified_gmt":"2025-09-18T15:57:10","slug":"de-nouveau-touche-au-genou-le-nicois-dante-forfait-pour-brest","status":"publish","type":"post","link":"https:\/\/www.europesays.com\/fr\/400278\/","title":{"rendered":"de nouveau touch\u00e9 au genou, le Ni\u00e7ois Dante forfait pour Brest"},"content":{"rendered":"<p>Ce jeudi, Franck Haise a annonc\u00e9 que son capitaine Dante ne jouera pas face \u00e0 Brest, \u00e0 cause d\u2019une blessure au genou gauche.<\/p>\n<p class=\"fig-paragraph\">Coup dur. Le capitaine de Nice,\u00a0<a href=\"http:\/\/www.lefigaro.fr\/sports\/football\/ligue-1\/ligue-1-touche-au-genou-droit-le-capitaine-de-l-ogc-nice-dante-forfait-pour-le-deplacement-a-paris-20250423\" target=\"_blank\" data-fig-type=\"NewsFlash\" rel=\"noopener nofollow\" data-gtm-custom-categorie=\"navigation\" data-gtm-custom-action=\"crossclick\" data-gtm-custom-label=\"Contextuel\" data-gtm-event=\"customEventSPE\" data-fig-domain=\"LEFIGARO\">Dante<\/a>, 41 ans, de nouveau bless\u00e9 au genou gauche, est forfait pour le d\u00e9placement des Azur\u00e9ens \u00e0 Brest samedi en Ligue 1, alors que Bombito et Cho, \u00absont s\u00e9lectionnables\u00bb, a annonc\u00e9 jeudi l&rsquo;entra\u00eeneur\u00a0<a href=\"http:\/\/www.lefigaro.fr\/sports\/football\/transferts\/ligue-1-haise-rempile-a-la-tete-de-nice-20250905\" target=\"_blank\" data-fig-type=\"NewsFlash\" rel=\"noopener nofollow\" data-gtm-custom-categorie=\"navigation\" data-gtm-custom-action=\"crossclick\" data-gtm-custom-label=\"Contextuel\" data-gtm-event=\"customEventSPE\" data-fig-domain=\"LEFIGARO\">Franck Haise<\/a>.<\/p>\n<p class=\"fig-paragraph\">Sorti \u00e0 la 75e minute\u00a0<a href=\"http:\/\/www.lefigaro.fr\/sports\/football\/ligue-1\/nice-nantes-anthony-lopes-imperial-vanhoutte-en-chef-d-orchestre-awaziem-trop-passif-les-tops-et-flops-20250913\" target=\"_blank\" data-fig-type=\"NewsFlash\" rel=\"noopener nofollow\" data-gtm-custom-categorie=\"navigation\" data-gtm-custom-action=\"crossclick\" data-gtm-custom-label=\"Contextuel\" data-gtm-event=\"customEventSPE\" data-fig-domain=\"LEFIGARO\">contre Nantes (1-0)<\/a>\u00a0samedi dernier, Dante n&rsquo;avait alors \u00abaucun probl\u00e8me particulier\u00bb, mais \u00abil n&rsquo;avait plus jou\u00e9 depuis cinq semaines et il y aurait eu trop de risques \u00e0 ce qu&rsquo;il aille au bout du match\u00bb, a indiqu\u00e9 Haise. En revanche, son genou gauche \u00abl&rsquo;a emb\u00eat\u00e9 sur la reprise du d\u00e9but de semaine\u00bb, a encore pr\u00e9cis\u00e9 l&rsquo;entra\u00eeneur qui a indiqu\u00e9: \u00abL&rsquo;objectif est qu&rsquo;on le r\u00e9cup\u00e8re pour l&rsquo;apr\u00e8s-match de Brest\u00bb.<\/p>\n<p>                                    <a class=\"fig-a11y-skip a11y-hidden\" href=\"#fig-a11y-skip-main-inarticle\"><br \/>\n        Passer la publicit\u00e9<br \/>\n    <\/a><\/p>\n<p class=\"fig-paragraph\">Si ce probl\u00e8me l&rsquo;avait emp\u00each\u00e9 de jouer contre Benfica en tour pr\u00e9liminaire de Ligue des champions d\u00e9but ao\u00fbt, Dante \u00absait qu&rsquo;il est bien pris en charge\u00bb, a assur\u00e9 Haise. \u00abOn a un staff m\u00e9dical r\u00e9actif, a-t-il dit. On va faire en sorte que l&rsquo;arr\u00eat dure le moins longtemps possible pour qu&rsquo;il puisse \u00eatre avec nous pour les \u00e9ch\u00e9ances.\u00bb Mais Haise s&rsquo;est voulu pragmatique\u00a0: \u00abOn sait que ce sera parfois au jour le jour. On verra comment \u00e7a r\u00e9agit apr\u00e8s un match. On sait que \u00e7a va faire partie de notre saison. Lui, comme nous, savons tr\u00e8s bien qu&rsquo;encha\u00eener des matches tous les trois ou quatre jours, on oublie\u00bb.<\/p>\n<p class=\"fig-paragraph\">En revanche, Haise a indiqu\u00e9 que le d\u00e9fenseur international canadien Mo\u00efse Bombito, et l&rsquo;attaquant Mohamed-Ali Cho, bless\u00e9s respectivement \u00e0 un genou et \u00e0 une cuisse depuis le d\u00e9but de la saison, sont d\u00e9sormais \u00abaptes et s\u00e9lectionnables\u00bb, m\u00eame si \u00ableur programme est encore all\u00e9g\u00e9\u00bb.<\/p>\n","protected":false},"excerpt":{"rendered":"Ce jeudi, Franck Haise a annonc\u00e9 que son capitaine Dante ne jouera pas face \u00e0 Brest, \u00e0 cause&hellip;\n","protected":false},"author":2,"featured_media":400279,"comment_status":"","ping_status":"","sticky":false,"template":"","format":"standard","meta":{"footnotes":""},"categories":[1412],"tags":[13723,1451,1452,1453,1454,1455,1011,27,2268,60],"class_list":{"0":"post-400278","1":"post","2":"type-post","3":"status-publish","4":"format-standard","5":"has-post-thumbnail","7":"category-f1","8":"tag-dante","9":"tag-f1","10":"tag-formula-1","11":"tag-formula1","12":"tag-formule-1","13":"tag-formule1","14":"tag-fr","15":"tag-france","16":"tag-ogc-nice","17":"tag-sports"},"share_on_mastodon":{"url":"https:\/\/pubeurope.com\/@fr\/115226125533034955","error":""},"_links":{"self":[{"href":"https:\/\/www.europesays.com\/fr\/wp-json\/wp\/v2\/posts\/400278","targetHints":{"allow":["GET"]}}],"collection":[{"href":"https:\/\/www.europesays.com\/fr\/wp-json\/wp\/v2\/posts"}],"about":[{"href":"https:\/\/www.europesays.com\/fr\/wp-json\/wp\/v2\/types\/post"}],"author":[{"embeddable":true,"href":"https:\/\/www.europesays.com\/fr\/wp-json\/wp\/v2\/users\/2"}],"replies":[{"embeddable":true,"href":"https:\/\/www.europesays.com\/fr\/wp-json\/wp\/v2\/comments?post=400278"}],"version-history":[{"count":0,"href":"https:\/\/www.europesays.com\/fr\/wp-json\/wp\/v2\/posts\/400278\/revisions"}],"wp:featuredmedia":[{"embeddable":true,"href":"https:\/\/www.europesays.com\/fr\/wp-json\/wp\/v2\/media\/400279"}],"wp:attachment":[{"href":"https:\/\/www.europesays.com\/fr\/wp-json\/wp\/v2\/media?parent=400278"}],"wp:term":[{"taxonomy":"category","embeddable":true,"href":"https:\/\/www.europesays.com\/fr\/wp-json\/wp\/v2\/categories?post=400278"},{"taxonomy":"post_tag","embeddable":true,"href":"https:\/\/www.europesays.com\/fr\/wp-json\/wp\/v2\/tags?post=400278"}],"curies":[{"name":"wp","href":"https:\/\/api.w.org\/{rel}","templated":true}]}}