{"id":400284,"date":"2025-09-18T16:00:12","date_gmt":"2025-09-18T16:00:12","guid":{"rendered":"https:\/\/www.europesays.com\/fr\/400284\/"},"modified":"2025-09-18T16:00:12","modified_gmt":"2025-09-18T16:00:12","slug":"florence-foresti-sous-un-flot-de-commentaires-sexistes-apres-son-apparition-au-bras-de-son-compagnon-de-16-ans-son-cadet","status":"publish","type":"post","link":"https:\/\/www.europesays.com\/fr\/400284\/","title":{"rendered":"Florence Foresti sous un flot de commentaires sexistes apr\u00e8s son apparition au bras de son compagnon de 16 ans son cadet"},"content":{"rendered":"<p>                             Par L\u00e9a Mabilon<\/p>\n<p>                Le 18 septembre 2025 \u00e0 15h45<\/p>\n<p>                                    <img decoding=\"async\" src=\"https:\/\/www.europesays.com\/fr\/wp-content\/uploads\/2025\/09\/7dbc667bc3859bcb740f76e4ad3a5299a0ac754acb03fe4b75a04528c3384744.jpg\" alt=\"&quot;A 50 ans, tu es une femme parfaite&quot;\u00a0: l'interview de Florence Foresti sur le plateau de Clique TV\" class=\"a11y-hidden\" fetchpriority=\"high\"\/><\/p>\n<p>La semaine derni\u00e8re, \u00e0 Deauville, l\u2019humoriste fran\u00e7aise a officialis\u00e9 sa relation avec Alexandre Kominek, comique lui aussi, et de 16 ans son cadet. Une premi\u00e8re sortie publique qui a d\u00e9clench\u00e9 autant d\u2019enthousiasme que de critiques acerbes.<\/p>\n<p class=\"fig-paragraph\">Elle en riait d\u00e9j\u00e0 dans son spectacle Boys, Boys, Boys, en 2021.\u00a0<a href=\"http:\/\/madame.lefigaro.fr\/celebrites\/actu-people\/amour-sur-tapis-rouge-florence-foresti-et-alexandre-kominek-plus-complices-que-jamais-a-deauville-20250913\" data-fig-type=\"Article\" data-gtm-custom-categorie=\"navigation\" data-gtm-custom-action=\"crossclick\" data-gtm-custom-label=\"Contextuel\" data-gtm-event=\"customEventSPE\" data-fig-domain=\"MADAME\" target=\"_blank\" rel=\"noopener\">Florence Foresti<\/a>\u00a0\u00e9voquait, en effet, ce compagnon plus jeune qu\u2019elle, de 16 ans son cadet, mais sans jamais d\u00e9voiler son identit\u00e9. Trois ans durant, l\u2019humoriste avait pr\u00e9f\u00e9r\u00e9 garder l\u2019anonymat de celui qui partage sa vie. Mais le secret n\u2019en est plus un\u00a0: le 12 septembre, \u00e0 Deauville, la comique de 51 ans est apparue main dans la main avec\u00a0<a href=\"http:\/\/madame.lefigaro.fr\/celebrites\/actu-people\/florence-foresti-et-alexandre-kominek-ce-drole-de-couple-20240419\" data-fig-type=\"Article\" data-gtm-custom-categorie=\"navigation\" data-gtm-custom-action=\"crossclick\" data-gtm-custom-label=\"Contextuel\" data-gtm-event=\"customEventSPE\" data-fig-domain=\"MADAME\" target=\"_blank\" rel=\"noopener\">Alexandre Kominek<\/a>, 35 ans, lui aussi humoriste et originaire de Gen\u00e8ve. Pour leur premi\u00e8re sortie officielle, dans le cadre de la 51e \u00e9dition du Festival du film am\u00e9ricain, le couple s\u2019est montr\u00e9 complice et amoureux, se donnant m\u00eame un baiser devant les cam\u00e9ras.<\/p>\n<p class=\"fig-body-link&#10;    \">\n            \u00c0 lire aussi<br \/>\n        <a class=\"fig-body-link__link\" href=\"http:\/\/madame.lefigaro.fr\/celebrites\/actu-people\/amour-sur-tapis-rouge-florence-foresti-et-alexandre-kominek-plus-complices-que-jamais-a-deauville-20250913\" data-fig-type=\"Article\" data-gtm-custom-categorie=\"navigation\" data-gtm-custom-action=\"crossclick\" data-gtm-custom-label=\"Contextuel\" data-gtm-event=\"customEventSPE\" data-fig-domain=\"MADAME\" target=\"_blank\" rel=\"noopener\">Amour sur tapis rouge\u00a0: Florence Foresti et Alexandre Kominek plus complices que jamais \u00e0 Deauville<\/a>\n<\/p>\n<p class=\"fig-paragraph\">Bien que banales, ces images ont aussit\u00f4t d\u00e9clench\u00e9 un torrent de commentaires critiques de la part de certains internautes. Plusieurs m\u00e9dias, dont Fra\u00eeches, ont ainsi relay\u00e9 la vague de moqueries qui a d\u00e9ferl\u00e9 sur les r\u00e9seaux sociaux. \u00abElle le paie, non\u00a0?\u00bb, \u00abWhen a gigolo meets a cougar (en fran\u00e7ais, quand un gigolo rencontre une cougar)\u00bb, ou encore \u00abL\u2019argent ach\u00e8te l\u2019amour parce qu\u2019on ne va pas se mentir, c\u2019est pas un avion de chasse\u00bb, peut-on notamment lire.<\/p>\n<p>                                    <a class=\"fig-a11y-skip a11y-hidden\" href=\"#fig-a11y-skip-main-inarticle\"><br \/>\n        Passer la publicit\u00e9<br \/>\n    <\/a><\/p>\n<p class=\"fig-paragraph\">D\u2019autres n\u2019ont pas seulement cibl\u00e9 Florence Foresti, mais ont accus\u00e9 son compagnon de profiter de la notori\u00e9t\u00e9 de cette derni\u00e8re pour se faire un nom\u00a0: \u00abIl est humoriste et pas dr\u00f4le\u2026 regardez par vous-m\u00eame sur le Net\u00a0! Il se sert d\u2019elle pour lancer sa carri\u00e8re\u00bb, \u00e9crit un internaute.<\/p>\n<p>L\u2019\u00e9volution des mentalit\u00e9s<\/p>\n<p class=\"fig-paragraph\">Dans cette d\u00e9ferlante de r\u00e9actions, nombreux ont cependant salu\u00e9 le couple, heureux de le voir enfin officialiser son idylle. Florence Foresti avait d\u2019ailleurs soulign\u00e9 en 2024, dans l\u2019\u00e9mission \u00ab50 Minutes Inside\u00bb, que les mentalit\u00e9s avaient \u00e9volu\u00e9 sur la question de l\u2019\u00e2gisme dans le couple et notamment lorsque cela concerne la femme\u00a0: \u00abC\u2019est presque la norme, avait-elle expliqu\u00e9. J\u2019ai beaucoup de coll\u00e8gues femmes, com\u00e9diennes ou autres, qui sont comme moi avec des hommes plus jeunes. Bien s\u00fbr, on se prend du \u201cc\u2019est votre fils\u00a0?\u201d. Mais bon, les gens ont le droit d\u2019avoir des a priori\u00bb, avait-elle d\u2019abord d\u00e9clar\u00e9.<\/p>\n<p class=\"fig-paragraph\">Et d\u2019ajouter\u00a0: \u00abJ\u2019ai l\u2019impression quand m\u00eame que le regard de la soci\u00e9t\u00e9 aujourd\u2019hui serait plus s\u00e9v\u00e8re avec un homme un peu \u00e2g\u00e9 accompagn\u00e9 d\u2019une jeune fille que l\u2019inverse. Donc il faut se dire qu\u2019on a fait un chemin fou, et tant mieux, je m\u2019en r\u00e9jouis.\u00bb<\/p>\n","protected":false},"excerpt":{"rendered":"Par L\u00e9a Mabilon Le 18 septembre 2025 \u00e0 15h45 La semaine derni\u00e8re, \u00e0 Deauville, l\u2019humoriste fran\u00e7aise a officialis\u00e9&hellip;\n","protected":false},"author":2,"featured_media":400285,"comment_status":"","ping_status":"","sticky":false,"template":"","format":"standard","meta":{"footnotes":""},"categories":[1359],"tags":[58,59,32591,1011,27,973],"class_list":{"0":"post-400284","1":"post","2":"type-post","3":"status-publish","4":"format-standard","5":"has-post-thumbnail","7":"category-people","8":"tag-divertissement","9":"tag-entertainment","10":"tag-florence-foresti","11":"tag-fr","12":"tag-france","13":"tag-people"},"share_on_mastodon":{"url":"https:\/\/pubeurope.com\/@fr\/115226137824654799","error":""},"_links":{"self":[{"href":"https:\/\/www.europesays.com\/fr\/wp-json\/wp\/v2\/posts\/400284","targetHints":{"allow":["GET"]}}],"collection":[{"href":"https:\/\/www.europesays.com\/fr\/wp-json\/wp\/v2\/posts"}],"about":[{"href":"https:\/\/www.europesays.com\/fr\/wp-json\/wp\/v2\/types\/post"}],"author":[{"embeddable":true,"href":"https:\/\/www.europesays.com\/fr\/wp-json\/wp\/v2\/users\/2"}],"replies":[{"embeddable":true,"href":"https:\/\/www.europesays.com\/fr\/wp-json\/wp\/v2\/comments?post=400284"}],"version-history":[{"count":0,"href":"https:\/\/www.europesays.com\/fr\/wp-json\/wp\/v2\/posts\/400284\/revisions"}],"wp:featuredmedia":[{"embeddable":true,"href":"https:\/\/www.europesays.com\/fr\/wp-json\/wp\/v2\/media\/400285"}],"wp:attachment":[{"href":"https:\/\/www.europesays.com\/fr\/wp-json\/wp\/v2\/media?parent=400284"}],"wp:term":[{"taxonomy":"category","embeddable":true,"href":"https:\/\/www.europesays.com\/fr\/wp-json\/wp\/v2\/categories?post=400284"},{"taxonomy":"post_tag","embeddable":true,"href":"https:\/\/www.europesays.com\/fr\/wp-json\/wp\/v2\/tags?post=400284"}],"curies":[{"name":"wp","href":"https:\/\/api.w.org\/{rel}","templated":true}]}}