{"id":400327,"date":"2025-09-18T16:23:11","date_gmt":"2025-09-18T16:23:11","guid":{"rendered":"https:\/\/www.europesays.com\/fr\/400327\/"},"modified":"2025-09-18T16:23:11","modified_gmt":"2025-09-18T16:23:11","slug":"une-jeune-manifestante-arretee-la-cgt-sinsurge","status":"publish","type":"post","link":"https:\/\/www.europesays.com\/fr\/400327\/","title":{"rendered":"une jeune manifestante arr\u00eat\u00e9e, la CGT s&rsquo;insurge"},"content":{"rendered":"<p>            Par<br \/>\n        <strong><br \/>\n            <a href=\"https:\/\/actu.fr\/auteur\/thomas-rideau\" title=\"Consulter tous les articles de Thomas Rideau\" target=\"_blank\" rel=\"noopener\">Thomas Rideau<\/a><br \/>\n        <\/strong><\/p>\n<p>        Publi\u00e9 le<\/p>\n<p>            18 sept. 2025 \u00e0 17h55        <\/p>\n<p>Dans une bonne ambiance, <a href=\"https:\/\/actu.fr\/normandie\/rouen_76540\/blocage-circulation-actions-suivez-la-greve-du-18-septembre-au-havre-et-a-rouen_63174864.html\" target=\"_blank\" rel=\"noopener\">les principales forces syndicales<\/a> et politiques de gauche ont sillonn\u00e9 le centre-ville de <a href=\"https:\/\/actu.fr\/normandie\/rouen_76540\" target=\"_blank\" rel=\"noopener\">Rouen (Seine-Maritime)<\/a> pour exprimer leur col\u00e8re vis-\u00e0-vis de la politique d\u2019Emmanuel Macron. En fin de cort\u00e8ge, vers 12h devant l\u2019h\u00f4tel de ville, pourtant, <strong>un heurt<\/strong> est venu l\u00e9g\u00e8rement ternir le tableau<strong>. Une jeune militante<\/strong> a \u00e9t\u00e9 plac\u00e9e en garde \u00e0 vue pour un tag. On vous explique.<\/p>\n<p>Sur une poubelle ou la statue de Napol\u00e9on\u2009?<\/p>\n<p class=\" wall-content\">\u00ab\u2009Tout s\u2019est bien pass\u00e9, <strong>je ne comprends pas\u2009!\u2009<\/strong>\u00bb, s\u2019insurge Christophe Callay, secr\u00e9taire g\u00e9n\u00e9ral de l\u2019Union d\u00e9partementale de la CGT de la Seine-Maritime. La raison du m\u00e9contentement\u2009? Une jeune manifestante, \u00ab\u2009une gamine\u2009\u00bb, a fait un tag sur une poubelle avant d\u2019\u00eatre interpell\u00e9e par les forces de police.<\/p>\n<p>    <img   decoding=\"async\" loading=\"lazy\" src=\"https:\/\/www.europesays.com\/fr\/wp-content\/uploads\/2025\/09\/whatsapp-image-2025-09-18-at-171541-899x640.jpeg\" alt=\"Le tag de la jeune femme sur une poubelle devant la mairie.\" width=\"899\" height=\"640\"\/><br \/>\n    Le tag de la jeune femme sur une poubelle devant la mairie. (\u00a9Document transmis)<\/p>\n<p class=\" wall-content\">Du c\u00f4t\u00e9 de la CGT, on s\u2019insurge. \u00ab\u2009On va organiser<strong> un rassemblement devant le commissariat<\/strong> de Brisout \u00e0 18h pour qu\u2019elle ne passe pas la nuit en garde \u00e0 vue.\u2009\u00bb La CGT annonce \u00e9galement avoir adress\u00e9 une demande \u00e0 la pr\u00e9fecture de la Seine-Maritime pour que la garde \u00e0 vue soit \u00e9court\u00e9e. Sur le tag\u2009? Une guillotine et le mot \u00ab\u2009nazis\u2009\u00bb \u00e0 la place de l\u2019endroit o\u00f9 tombe la lame.<\/p>\n<p>Qu\u2019une seule interpellation en marge de la manifestation<\/p>\n<p class=\" wall-content\">Mais, les choses n\u2019apparaissent pas aussi simples pour les services de l\u2019\u00c9tat. En effet, du c\u00f4t\u00e9, de la pr\u00e9fecture, on pr\u00e9cise que, en effet, \u00ab\u2009<strong>une femme majeure<\/strong> a \u00e9t\u00e9 interpell\u00e9e ce jour en marge de la manifestation\u2009\u00bb, au niveau de la place de l\u2019h\u00f4tel de ville. Mais pour les services de l\u2019\u00c9tat, l\u2019arrestation n\u2019est pas li\u00e9e au tag sur une poubelle, mais plut\u00f4t sur <a href=\"https:\/\/actu.fr\/normandie\/rouen_76540\/la-statue-de-napoleon-restauree-revient-a-rouen-la-fin-d-un-feuilleton_52762930.html\" target=\"_blank\" rel=\"noopener\">la statue de Napol\u00e9on<\/a>. De quoi changer la donne.<\/p>\n<p class=\" wall-content\">\u00ab\u2009\u00c0 la suite de cette interpellation, un groupe est parvenu \u00e0 proximit\u00e9 de l\u2019H\u00f4tel de Police, o\u00f9 il a \u00e9t\u00e9 maintenu \u00e0 distance\u2009\u00bb, rajoute la pr\u00e9fecture. \u00c0 noter que l\u2019interpellation de la tagueuse est <strong>la seule<\/strong> de la journ\u00e9e en marge de <a href=\"https:\/\/actu.fr\/tag\/greve-du-18-septembre\" target=\"_blank\" rel=\"noopener\">la manifestation \u00e0 Rouen<\/a>.<\/p>\n<p>Suivez l\u2019actualit\u00e9 de Rouen <a href=\"https:\/\/www.whatsapp.com\/channel\/0029VaKfnf99hXF2ddApFB1D\" target=\"_blank\" rel=\"noopener\">sur notre cha\u00eene WhatsApp<\/a> et <a href=\"https:\/\/www.tiktok.com\/@76actu.fr?lang=fr\" target=\"_blank\" rel=\"noopener\">sur notre compte TikTok<\/a><\/p>\n<p class=\" wall-content\">Personnalisez votre actualit\u00e9 en ajoutant vos villes et m\u00e9dias en favori avec <a href=\"https:\/\/moncompte.actu.fr\" title=\"D\u00e9couvez Mon Actu\" rel=\"nofollow noopener\" data-trk=\"{&quot;cta&quot;:{&quot;action&quot;:&quot;https:\\\/\\\/moncompte.actu.fr&quot;,&quot;category&quot;:&quot;mon compte&quot;,&quot;from&quot;:&quot;article footer&quot;,&quot;name&quot;:&quot;Mon actu&quot;,&quot;type&quot;:&quot;cta&quot;}}\" target=\"_blank\">Mon Actu<\/a>.<\/p>\n<p>                    <script async src=\"\/\/www.tiktok.com\/embed.js\"><\/script><\/p>\n","protected":false},"excerpt":{"rendered":"Par Thomas Rideau Publi\u00e9 le 18 sept. 2025 \u00e0 17h55 Dans une bonne ambiance, les principales forces syndicales&hellip;\n","protected":false},"author":2,"featured_media":400328,"comment_status":"","ping_status":"","sticky":false,"template":"","format":"standard","meta":{"footnotes":""},"categories":[9587],"tags":[1111,11,1777,674,118,1011,27,52713,23977,12,5161,2551,25,9590],"class_list":{"0":"post-400327","1":"post","2":"type-post","3":"status-publish","4":"format-standard","5":"has-post-thumbnail","7":"category-rouen","8":"tag-actu","9":"tag-actualites","10":"tag-eu","11":"tag-europe","12":"tag-faits-divers","13":"tag-fr","14":"tag-france","15":"tag-greve-du-18-septembre","16":"tag-napoleon","17":"tag-news","18":"tag-normandie","19":"tag-patrimoine","20":"tag-republique-francaise","21":"tag-rouen"},"share_on_mastodon":{"url":"https:\/\/pubeurope.com\/@fr\/115226228340619144","error":""},"_links":{"self":[{"href":"https:\/\/www.europesays.com\/fr\/wp-json\/wp\/v2\/posts\/400327","targetHints":{"allow":["GET"]}}],"collection":[{"href":"https:\/\/www.europesays.com\/fr\/wp-json\/wp\/v2\/posts"}],"about":[{"href":"https:\/\/www.europesays.com\/fr\/wp-json\/wp\/v2\/types\/post"}],"author":[{"embeddable":true,"href":"https:\/\/www.europesays.com\/fr\/wp-json\/wp\/v2\/users\/2"}],"replies":[{"embeddable":true,"href":"https:\/\/www.europesays.com\/fr\/wp-json\/wp\/v2\/comments?post=400327"}],"version-history":[{"count":0,"href":"https:\/\/www.europesays.com\/fr\/wp-json\/wp\/v2\/posts\/400327\/revisions"}],"wp:featuredmedia":[{"embeddable":true,"href":"https:\/\/www.europesays.com\/fr\/wp-json\/wp\/v2\/media\/400328"}],"wp:attachment":[{"href":"https:\/\/www.europesays.com\/fr\/wp-json\/wp\/v2\/media?parent=400327"}],"wp:term":[{"taxonomy":"category","embeddable":true,"href":"https:\/\/www.europesays.com\/fr\/wp-json\/wp\/v2\/categories?post=400327"},{"taxonomy":"post_tag","embeddable":true,"href":"https:\/\/www.europesays.com\/fr\/wp-json\/wp\/v2\/tags?post=400327"}],"curies":[{"name":"wp","href":"https:\/\/api.w.org\/{rel}","templated":true}]}}