{"id":400335,"date":"2025-09-18T16:27:10","date_gmt":"2025-09-18T16:27:10","guid":{"rendered":"https:\/\/www.europesays.com\/fr\/400335\/"},"modified":"2025-09-18T16:27:10","modified_gmt":"2025-09-18T16:27:10","slug":"un-ancien-moniteur-desat-condamne-a-une-tres-lourde-peine-de-prison","status":"publish","type":"post","link":"https:\/\/www.europesays.com\/fr\/400335\/","title":{"rendered":"un ancien moniteur d&rsquo;Esat condamn\u00e9 \u00e0 une tr\u00e8s lourde peine de prison"},"content":{"rendered":"<p>            Par<br \/>\n        <strong><br \/>\n            <a href=\"https:\/\/actu.fr\/auteur\/journaliste-pm\" title=\"Consulter tous les articles de R\u00e9daction Saint-Malo\" rel=\"nofollow noopener\" target=\"_blank\">R\u00e9daction Saint-Malo<\/a><br \/>\n        <\/strong><\/p>\n<p>        Publi\u00e9 le<\/p>\n<p>            18 sept. 2025 \u00e0 18h10        <\/p>\n<p>Apr\u00e8s neuf jours de proc\u00e8s, Philippe Le Dr\u00e9an, ex-moniteur d\u2019Esat \u00e0 <a href=\"https:\/\/actu.fr\/bretagne\/dol-de-bretagne_35095\" rel=\"nofollow noopener\" target=\"_blank\">Dol-de-Bretagne<\/a>, a \u00e9t\u00e9 condamn\u00e9 \u00e0 18 ans de prison ce jeudi 18 septembre 2025 par la Cour criminelle d\u00e9partementale d<a href=\"https:\/\/actu.fr\/bretagne\/ille-et-vilaine_35\" rel=\"nofollow noopener\" target=\"_blank\">\u2018Ille-et-Vilaine<\/a>.<\/p>\n<p class=\" wall-content\">Il \u00e9tait accus\u00e9 par treize femmes et un homme, qui avaient travaill\u00e9 dans cette structure pour personnes en situation de <a href=\"https:\/\/actu.fr\/tag\/handicap\" rel=\"nofollow noopener\" target=\"_blank\">handicap<\/a> \u2013 entre\u00a02012 et\u00a02020. Il a \u00e9t\u00e9 licenci\u00e9 en octobre\u00a02020, apr\u00e8s la r\u00e9v\u00e9lation des faits.<\/p>\n<p>Il avait d\u2019abord ni\u00e9 les faits<\/p>\n<p class=\" wall-content\">Cet homme de 63 ans avait dans un premier temps \u00e9t\u00e9 d\u00e9nonc\u00e9 par deux femmes. L\u2019une d\u2019elles avait d\u00e9crit un \u00ab viol \u00bb et la seconde une <a href=\"https:\/\/actu.fr\/tag\/violences-sexuelles\" rel=\"nofollow noopener\" target=\"_blank\">\u00ab\u00a0agression sexuelle<\/a>\u00ab\u00a0.<\/p>\n<p class=\" wall-content\">Il avait d\u2019abord ni\u00e9 les faits, mais l\u2019expertise g\u00e9n\u00e9tique r\u00e9alis\u00e9e sur les draps de l\u2019une des deux plaignantes avait r\u00e9v\u00e9l\u00e9 la pr\u00e9sence de sperme lui appartenant. Le moniteur avait ensuite reconnu une relation consentie, contraire malgr\u00e9 tout au r\u00e8glement de l\u2019ESAT.<\/p>\n<p>Peur et sentiment de trahison<\/p>\n<p class=\" wall-content\">Les victimes ont t\u00e9moign\u00e9 devant la cour criminelle d\u00e9partementale de leur \u00ab peur \u00bb et de leur sentiment de \u00ab trahison \u00bb face aux agissements de leur sup\u00e9rieur hi\u00e9rarchique. Ce proc\u00e8s est celui des \u00ab\u00a0abus commis par un homme qui, profitant de sa position, a commis l\u2019irr\u00e9parable\u00a0\u00bb, a ainsi r\u00e9sum\u00e9 l\u2019un des avocats des parties civiles.<\/p>\n<p>Il a continuer \u00e0 nier les faits<\/p>\n<p class=\" wall-content\">L\u2019accus\u00e9 a tent\u00e9 de se suicider en prison pendant le proc\u00e8s, affirmant qu\u2019un cod\u00e9tenu a \u00ab voulu l\u2019\u00e9gorger \u00bb dans sa cellule.<\/p>\n<p>Votre r\u00e9gion, votre actu !<\/p>\n<p>Recevez chaque jour les infos qui comptent pour vous.<\/p>\n<p>\t<a href=\"https:\/\/actu.fr\/newsletter\" class=\"ac-btn ac-btn--corner ac-btn--medium ac-btn--blue800\" rel=\"nofollow noopener\" target=\"_blank\">S&rsquo;incrire<\/a><\/p>\n<p class=\" wall-content\">Durant tout le proc\u00e8s, il a continu\u00e9 de nier les faits, affirmant ne \u00ab pas se souvenir \u00bb des actes qui lui sont reproch\u00e9s. Cette inflexibilit\u00e9, ajout\u00e9e au \u00ab nombre de victimes \u00bb et \u00e0 leur \u00ab vuln\u00e9rabilit\u00e9 \u00bb, avait conduit l\u2019avocate g\u00e9n\u00e9rale \u00e0 requ\u00e9rir \u00e0 son encontre vingt ans de r\u00e9clusion criminelle, assortis d\u2019une peine de s\u00fbret\u00e9 des deux tiers.<\/p>\n<p>Un suivi socio-judiciaire<\/p>\n<p class=\" wall-content\">Des r\u00e9quisitions auxquelles la cour ne s\u2019est donc pas rang\u00e9e. Apr\u00e8s ses dix-huit ans d\u2019emprisonnement, Philippe Le Dr\u00e9an sera soumis \u00e0 un suivi socio-judiciaire de sept ans. Il aura l\u2019obligation de se soigner, l\u2019interdiction d\u2019entrer en relation avec les victimes et de para\u00eetre \u00e0 Dol-de-Bretagne, et devra r\u00e9parer les dommages caus\u00e9s.<\/p>\n<p class=\" wall-content\">Il \u00e9cope \u00e9galement d\u2019une interdiction d\u00e9finitive d\u2019exercer toute activit\u00e9 en contact avec des mineurs ou des personnes \u00ab vuln\u00e9rables \u00bb. Son nom sera enfin inscrit au Fichier judiciaire automatis\u00e9 des auteurs d\u2019infractions sexuelles (FIJAIS), ce qui l\u2019obligera \u00e0 pointer deux par an \u00e0 la gendarmerie pendant au moins vingt ans. Il a dix jours pour faire appel de ce verdict.<\/p>\n<p class=\" wall-content\"><b>RB et GF (PressPepper)<\/b><\/p>\n<p class=\" wall-content\">Personnalisez votre actualit\u00e9 en ajoutant vos villes et m\u00e9dias en favori avec <a href=\"https:\/\/moncompte.actu.fr\" title=\"D\u00e9couvez Mon Actu\" rel=\"nofollow noopener\" data-trk=\"{&quot;cta&quot;:{&quot;action&quot;:&quot;https:\\\/\\\/moncompte.actu.fr&quot;,&quot;category&quot;:&quot;mon compte&quot;,&quot;from&quot;:&quot;article footer&quot;,&quot;name&quot;:&quot;Mon actu&quot;,&quot;type&quot;:&quot;cta&quot;}}\" target=\"_blank\">Mon Actu<\/a>.<\/p>\n","protected":false},"excerpt":{"rendered":"Par R\u00e9daction Saint-Malo Publi\u00e9 le 18 sept. 2025 \u00e0 18h10 Apr\u00e8s neuf jours de proc\u00e8s, Philippe Le Dr\u00e9an,&hellip;\n","protected":false},"author":2,"featured_media":400336,"comment_status":"","ping_status":"","sticky":false,"template":"","format":"standard","meta":{"footnotes":""},"categories":[2821],"tags":[1111,11,829,1777,674,118,1011,27,1943,303,12,584,25,799],"class_list":{"0":"post-400335","1":"post","2":"type-post","3":"status-publish","4":"format-standard","5":"has-post-thumbnail","7":"category-rennes","8":"tag-actu","9":"tag-actualites","10":"tag-bretagne","11":"tag-eu","12":"tag-europe","13":"tag-faits-divers","14":"tag-fr","15":"tag-france","16":"tag-handicap","17":"tag-justice","18":"tag-news","19":"tag-rennes","20":"tag-republique-francaise","21":"tag-violences-sexuelles"},"share_on_mastodon":{"url":"https:\/\/pubeurope.com\/@fr\/115226243629554731","error":""},"_links":{"self":[{"href":"https:\/\/www.europesays.com\/fr\/wp-json\/wp\/v2\/posts\/400335","targetHints":{"allow":["GET"]}}],"collection":[{"href":"https:\/\/www.europesays.com\/fr\/wp-json\/wp\/v2\/posts"}],"about":[{"href":"https:\/\/www.europesays.com\/fr\/wp-json\/wp\/v2\/types\/post"}],"author":[{"embeddable":true,"href":"https:\/\/www.europesays.com\/fr\/wp-json\/wp\/v2\/users\/2"}],"replies":[{"embeddable":true,"href":"https:\/\/www.europesays.com\/fr\/wp-json\/wp\/v2\/comments?post=400335"}],"version-history":[{"count":0,"href":"https:\/\/www.europesays.com\/fr\/wp-json\/wp\/v2\/posts\/400335\/revisions"}],"wp:featuredmedia":[{"embeddable":true,"href":"https:\/\/www.europesays.com\/fr\/wp-json\/wp\/v2\/media\/400336"}],"wp:attachment":[{"href":"https:\/\/www.europesays.com\/fr\/wp-json\/wp\/v2\/media?parent=400335"}],"wp:term":[{"taxonomy":"category","embeddable":true,"href":"https:\/\/www.europesays.com\/fr\/wp-json\/wp\/v2\/categories?post=400335"},{"taxonomy":"post_tag","embeddable":true,"href":"https:\/\/www.europesays.com\/fr\/wp-json\/wp\/v2\/tags?post=400335"}],"curies":[{"name":"wp","href":"https:\/\/api.w.org\/{rel}","templated":true}]}}