{"id":400339,"date":"2025-09-18T16:29:12","date_gmt":"2025-09-18T16:29:12","guid":{"rendered":"https:\/\/www.europesays.com\/fr\/400339\/"},"modified":"2025-09-18T16:29:12","modified_gmt":"2025-09-18T16:29:12","slug":"strasbourg-une-balade-insolite-a-velo-avec-loffice-des-sports","status":"publish","type":"post","link":"https:\/\/www.europesays.com\/fr\/400339\/","title":{"rendered":"Strasbourg. Une balade insolite \u00e0 v\u00e9lo avec l\u2019Office des sports"},"content":{"rendered":"<p>Le 21\u00a0septembre, prenez le d\u00e9part en famille d\u2019une balade \u00e0 v\u00e9lo insolite et conviviale. D\u00e9couvrez le patrimoine industriel et culturel \u00e0 v\u00e9lo en traversant une dizaine d\u2019entreprises de l\u2019espace portuaire.<\/p>\n<p>L\u2019objectif de cette balade familiale est de d\u00e9couvrir l\u2019espace portuaire de Strasbourg de mani\u00e8re insolite \u00e0 travers les entreprises, son patrimoine et ses pistes cyclable.<\/p>\n<p>C\u2019est aussi un moyen de promouvoir le v\u00e9lo, les diff\u00e9rents types de mod\u00e8les existants (VAE, cargo,\u00a0etc.) et \u00e9galement d\u2019encourager les modes de d\u00e9placement doux.<\/p>\n<p>Un circuit d\u2019environ 22\u00a0km sera propos\u00e9 avec une possibilit\u00e9 de r\u00e9duction kilom\u00e9trique.<\/p>\n<p>La participation se fait uniquement sur inscription et chaque cycliste se verra remettre une plaquette d\u2019identification ainsi qu\u2019un document comprenant les circuits, une explication de la gen\u00e8se du port, du patrimoine et des entreprises travers\u00e9es.<\/p>\n<p>Un village comprenant les stands de d\u00e9part, de retrait de la plaque d\u2019identification et des partenaires sera install\u00e9 \u00e0 la Capitainerie\u00a0: 5, rue du Port du Rhin. On y trouvera \u00e9galement des stands de maintenance de v\u00e9lo, des associations, de la petite restauration et des animations sur le village.<\/p>\n<p>Informations pratiques<\/p>\n<p>&#8211; Parcours de 22\u00a0km. D\u00e9part entre 9\u00a0h et 12\u00a0h<\/p>\n<p>&#8211; Inscription obligatoire, \u00e0 partir de 14 ans (n\u00e9 en 2011 et avant) accompagn\u00e9 d\u2019un adulte (gratuit pour les enfants).<\/p>\n<p>&#8211; Inscription\u00a0: jusqu\u2019au vendredi 19\u00a0septembre \u00e0 12\u00a0h sur www.strasnbike.eu<\/p>\n","protected":false},"excerpt":{"rendered":"Le 21\u00a0septembre, prenez le d\u00e9part en famille d\u2019une balade \u00e0 v\u00e9lo insolite et conviviale. D\u00e9couvrez le patrimoine industriel&hellip;\n","protected":false},"author":2,"featured_media":400340,"comment_status":"","ping_status":"","sticky":false,"template":"","format":"standard","meta":{"footnotes":""},"categories":[2820],"tags":[1111,11,7782,1687,2880,1777,674,107,1011,27,775,12,25,640,2879],"class_list":{"0":"post-400339","1":"post","2":"type-post","3":"status-publish","4":"format-standard","5":"has-post-thumbnail","7":"category-strasbourg","8":"tag-actu","9":"tag-actualites","10":"tag-balades-et-randonnees","11":"tag-culture-loisirs","12":"tag-edition-strasbourg","13":"tag-eu","14":"tag-europe","15":"tag-fil-info","16":"tag-fr","17":"tag-france","18":"tag-grand-est","19":"tag-news","20":"tag-republique-francaise","21":"tag-strasbourg","22":"tag-strasbourg-ville"},"share_on_mastodon":{"url":"https:\/\/pubeurope.com\/@fr\/115226251347509821","error":""},"_links":{"self":[{"href":"https:\/\/www.europesays.com\/fr\/wp-json\/wp\/v2\/posts\/400339","targetHints":{"allow":["GET"]}}],"collection":[{"href":"https:\/\/www.europesays.com\/fr\/wp-json\/wp\/v2\/posts"}],"about":[{"href":"https:\/\/www.europesays.com\/fr\/wp-json\/wp\/v2\/types\/post"}],"author":[{"embeddable":true,"href":"https:\/\/www.europesays.com\/fr\/wp-json\/wp\/v2\/users\/2"}],"replies":[{"embeddable":true,"href":"https:\/\/www.europesays.com\/fr\/wp-json\/wp\/v2\/comments?post=400339"}],"version-history":[{"count":0,"href":"https:\/\/www.europesays.com\/fr\/wp-json\/wp\/v2\/posts\/400339\/revisions"}],"wp:featuredmedia":[{"embeddable":true,"href":"https:\/\/www.europesays.com\/fr\/wp-json\/wp\/v2\/media\/400340"}],"wp:attachment":[{"href":"https:\/\/www.europesays.com\/fr\/wp-json\/wp\/v2\/media?parent=400339"}],"wp:term":[{"taxonomy":"category","embeddable":true,"href":"https:\/\/www.europesays.com\/fr\/wp-json\/wp\/v2\/categories?post=400339"},{"taxonomy":"post_tag","embeddable":true,"href":"https:\/\/www.europesays.com\/fr\/wp-json\/wp\/v2\/tags?post=400339"}],"curies":[{"name":"wp","href":"https:\/\/api.w.org\/{rel}","templated":true}]}}